{"id":193274,"date":"2025-06-21T10:52:15","date_gmt":"2025-06-21T10:52:15","guid":{"rendered":"https:\/\/www.europesays.com\/fr\/193274\/"},"modified":"2025-06-21T10:52:15","modified_gmt":"2025-06-21T10:52:15","slug":"rencontre-a-lille-avec-charles-midol-medecin-et-futur-pretre","status":"publish","type":"post","link":"https:\/\/www.europesays.com\/fr\/193274\/","title":{"rendered":"Rencontre \u00e0 Lille avec Charles Midol, m\u00e9decin et futur pr\u00eatre"},"content":{"rendered":"<p>            Par<br \/>\n        <strong><br \/>\n            <a href=\"https:\/\/actu.fr\/auteur\/annesophie-2\" title=\"Consulter tous les articles de Anne-Sophie Hourdeaux\" target=\"_blank\" rel=\"noopener\">Anne-Sophie Hourdeaux<\/a><br \/>\n        <\/strong><\/p>\n<p>        Publi\u00e9 le<\/p>\n<p>            21 juin 2025 \u00e0 11h40        <\/p>\n<p>Charles Midol vit un double cursus \u00e0 <a href=\"https:\/\/actu.fr\/hauts-de-france\/lille_59350\" target=\"_blank\" rel=\"noopener\">Lille<\/a> : <b>d\u2019un c\u00f4t\u00e9, il pr\u00e9pare le s\u00e9minaire<\/b>, de l\u2019autre il est <b>encore \u00e9tudiant<\/b>. C\u2019est un parcours vers la pr\u00eatrise original que vit ce natif de Besan\u00e7on, n\u00e9 en 1992 : il <b>poursuit ses \u00e9tudes de m\u00e9decine<\/b> ! Selon lui, \u00eatre \u00e0 la fois m\u00e9decin et futur pr\u00eatre reviennent \u00e0 \u00ab\u00a0servir l\u2019homme dans toutes ses dimensions\u00a0\u00bb. Rencontre.<\/p>\n<p>Charles, m\u00e9decin de 33 ans, va devenir pr\u00eatre \u00e0 Lille<\/p>\n<p class=\" wall-content\">Il vient d\u2019une <b>famille chr\u00e9tienne<\/b>, a grandi dans une fratrie de trois, marqu\u00e9 par la paroisse, le scoutisme et l\u2019Enseignement catholique. \u00ab En terminale, un pr\u00eatre que je connaissais m\u2019a pos\u00e9 une question simple mais inattendue : \u2018As-tu d\u00e9j\u00e0 pens\u00e9 \u00e0 devenir pr\u00eatre ?\u2019 J\u2019ai d\u2019abord repouss\u00e9 cette id\u00e9e mais cette parole a travaill\u00e9 mon c\u0153ur \u00bb, confie-t-il.<\/p>\n<p class=\" wall-content\">Il commence des \u00e9tudes de m\u00e9decine, puis en 2013 rentre au s\u00e9minaire Saint-Paul VI \u00e0 Issy-les-Moulineaux. Il s\u2019agit d\u2019une formation \u00e0 la pr\u00eatrise permettant de continuer ses \u00e9tudes (anciennement GFU).<\/p>\n<p class=\" wall-content\">Il continue donc sa formation de m\u00e9decin. En 2018, il arrive \u00e0 Lille comme <b>interne en m\u00e9decine<\/b>, accueilli comme <b>s\u00e9minariste \u00e0 Wasquehal.<\/b>\u00a0\u00ab Une question revient sans cesse : quel sens cela a-t-il d\u2019\u00eatre \u00e0 la fois m\u00e9decin et futur pr\u00eatre ? Peu \u00e0 peu, je comprends que l\u2019un peut \u00eatre mis au service de l\u2019autre, et que ma vocation se trouve peut-\u00eatre justement dans cette disponibilit\u00e9 \u00e0 servir l\u2019homme dans toutes ses dimensions \u00bb.<\/p>\n<p class=\" wall-content\">En septembre\u00a02021, il est <b>envoy\u00e9 au S\u00e9minaire fran\u00e7ais de Rome<\/b>. \u00ab J\u2019ai choisi de me mettre <b>au service du dioc\u00e8se de Lille<\/b>, qui m\u2019a accueilli avec bienveillance et m\u2019a propos\u00e9 de <b>maintenir une activit\u00e9 m\u00e9dicale partielle<\/b> \u00e0 l\u2019h\u00f4pital Saint-Vincent, tout en m\u2019investissant dans la vie paroissiale \u00e0 Saint-Eubert et en poursuivant mes \u00e9tudes de th\u00e9ologie \u00e0 l\u2019Universit\u00e9 catholique. \u00bb<\/p>\n<p class=\" wall-content\">Suivez toute l\u2019actualit\u00e9 de vos villes et m\u00e9dias favoris en vous inscrivant \u00e0 <a href=\"https:\/\/moncompte.actu.fr\" title=\"D\u00e9couvez Mon Actu\" rel=\"nofollow noopener\" data-trk=\"{&quot;cta&quot;:{&quot;action&quot;:&quot;https:\\\/\\\/moncompte.actu.fr&quot;,&quot;category&quot;:&quot;mon compte&quot;,&quot;from&quot;:&quot;article footer&quot;,&quot;name&quot;:&quot;Mon actu&quot;,&quot;type&quot;:&quot;cta&quot;}}\" target=\"_blank\">Mon Actu<\/a>.<\/p>\n","protected":false},"excerpt":{"rendered":"Par Anne-Sophie Hourdeaux Publi\u00e9 le 21 juin 2025 \u00e0 11h40 Charles Midol vit un double cursus \u00e0 Lille&hellip;\n","protected":false},"author":2,"featured_media":193275,"comment_status":"","ping_status":"","sticky":false,"template":"","format":"standard","meta":{"footnotes":""},"categories":[2815],"tags":[1111,11,1777,674,1011,27,811,1307,2673,12,4020,25,104],"class_list":{"0":"post-193274","1":"post","2":"type-post","3":"status-publish","4":"format-standard","5":"has-post-thumbnail","7":"category-lille","8":"tag-actu","9":"tag-actualites","10":"tag-eu","11":"tag-europe","12":"tag-fr","13":"tag-france","14":"tag-hauts-de-france","15":"tag-lille","16":"tag-medecins","17":"tag-news","18":"tag-religion","19":"tag-republique-francaise","20":"tag-societe"},"share_on_mastodon":{"url":"https:\/\/pubeurope.com\/@fr\/114720980575449725","error":""},"_links":{"self":[{"href":"https:\/\/www.europesays.com\/fr\/wp-json\/wp\/v2\/posts\/193274","targetHints":{"allow":["GET"]}}],"collection":[{"href":"https:\/\/www.europesays.com\/fr\/wp-json\/wp\/v2\/posts"}],"about":[{"href":"https:\/\/www.europesays.com\/fr\/wp-json\/wp\/v2\/types\/post"}],"author":[{"embeddable":true,"href":"https:\/\/www.europesays.com\/fr\/wp-json\/wp\/v2\/users\/2"}],"replies":[{"embeddable":true,"href":"https:\/\/www.europesays.com\/fr\/wp-json\/wp\/v2\/comments?post=193274"}],"version-history":[{"count":0,"href":"https:\/\/www.europesays.com\/fr\/wp-json\/wp\/v2\/posts\/193274\/revisions"}],"wp:featuredmedia":[{"embeddable":true,"href":"https:\/\/www.europesays.com\/fr\/wp-json\/wp\/v2\/media\/193275"}],"wp:attachment":[{"href":"https:\/\/www.europesays.com\/fr\/wp-json\/wp\/v2\/media?parent=193274"}],"wp:term":[{"taxonomy":"category","embeddable":true,"href":"https:\/\/www.europesays.com\/fr\/wp-json\/wp\/v2\/categories?post=193274"},{"taxonomy":"post_tag","embeddable":true,"href":"https:\/\/www.europesays.com\/fr\/wp-json\/wp\/v2\/tags?post=193274"}],"curies":[{"name":"wp","href":"https:\/\/api.w.org\/{rel}","templated":true}]}}