{"id":193286,"date":"2025-06-21T10:58:11","date_gmt":"2025-06-21T10:58:11","guid":{"rendered":"https:\/\/www.europesays.com\/fr\/193286\/"},"modified":"2025-06-21T10:58:11","modified_gmt":"2025-06-21T10:58:11","slug":"des-clandestins-employes-comme-infirmiers-non-declares","status":"publish","type":"post","link":"https:\/\/www.europesays.com\/fr\/193286\/","title":{"rendered":"des clandestins employ\u00e9s comme infirmiers non d\u00e9clar\u00e9s ?"},"content":{"rendered":"<p style=\"text-align: justify;\">Un r\u00e9seau informel de soins infirmiers, impliquant des employ\u00e9s non qualifi\u00e9s et non d\u00e9clar\u00e9s, a \u00e9t\u00e9 d\u00e9mantel\u00e9 \u00e0 Fresnes (Val-de-Marne). Le pr\u00e9judice pour la S\u00e9curit\u00e9 sociale approche le million d\u2019euros.<\/p>\n<p><strong>Une fraude organis\u00e9e depuis un cabinet du Val-de-Marne<\/strong><\/p>\n<p style=\"text-align: justify;\">Plac\u00e9s en garde \u00e0 vue le 10 juin \u00e0 Cr\u00e9teil, un homme de 52 ans et trois femmes \u00e2g\u00e9es de 41 \u00e0 50 ans sont soup\u00e7onn\u00e9s d\u2019avoir mis en place, entre 2019 et 2025, un syst\u00e8me frauduleux \u00e0 grande \u00e9chelle au d\u00e9triment des Caisses primaires d\u2019assurance maladie (CPAM) de Paris, du Val-de-Marne, de l\u2019Essonne, de la Seine-et-Marne et de la Seine-Saint-Denis. Le pr\u00e9judice est estim\u00e9 entre 600 000 et 1 million d\u2019euros. \u00c0 la t\u00eate du cabinet de soins bas\u00e9 \u00e0 Fresnes, l\u2019infirmier principal est soup\u00e7onn\u00e9 d\u2019avoir employ\u00e9 du personnel non dipl\u00f4m\u00e9, parfois en situation irr\u00e9guli\u00e8re, pour pratiquer des soins \u00e0 domicile \u00e0 sa place, tout en les facturant \u00e0 son nom aux diff\u00e9rentes caisses.<\/p>\n<p style=\"text-align: justify;\">\u00ab Ce quinquag\u00e9naire aurait employ\u00e9 du personnel non dipl\u00f4m\u00e9 et parfois en situation irr\u00e9guli\u00e8re pour pratiquer des soins infirmiers sur des patients \u00bb, pr\u00e9cise une source proche du dossier, cit\u00e9e par le quotidien Le Parisien. L\u2019enqu\u00eate a permis d\u2019identifier plusieurs complices, r\u00e9mun\u00e9r\u00e9s via des comptes Revolut ouverts au nom de salari\u00e9s du cabinet. L\u2019un d\u2019eux a reconnu les faits ; les autres invoquent l\u2019ignorance ou contestent les accusations. Le patron, de son c\u00f4t\u00e9, nie toute responsabilit\u00e9 et affirme que ses collaboratrices ont agi \u00e0 son insu.<\/p>\n<p style=\"text-align: justify;\">Les investigations ont aussi r\u00e9v\u00e9l\u00e9 que d\u2019importants revenus n\u2019avaient pas \u00e9t\u00e9 d\u00e9clar\u00e9s. Quatre biens immobiliers d\u2019une valeur totale de 700 000 euros, situ\u00e9s dans les C\u00f4tes d\u2019Armor et en Seine-Saint-Denis, ont \u00e9t\u00e9 saisis, ainsi que 58 000 euros sur diff\u00e9rents comptes. Tous les suspects ont \u00e9t\u00e9 remis en libert\u00e9 sous contr\u00f4le judiciaire en attendant leur proc\u00e8s.<\/p>\n<p><strong>L\u2019Essonne et la Seine-Saint-Denis \u00e9galement touch\u00e9es<\/strong><\/p>\n<p style=\"text-align: justify;\">Cette affaire n\u2019est pas isol\u00e9e. <a href=\"https:\/\/www.breizh-info.com\/2025\/04\/23\/246299\/fraude-opticiens-essonne-cpam\/\" rel=\"nofollow noopener\" target=\"_blank\">En avril<\/a>, un opticien de 38 ans d\u2019\u00c9vry-Courcouronnes, d\u00e9j\u00e0 condamn\u00e9 en 2024, a \u00e9t\u00e9 mis en examen dans l\u2019Essonne pour avoir organis\u00e9 une vaste fraude au remboursement de lunettes via de fausses ordonnances. Le pr\u00e9judice cumul\u00e9 pour la CPAM et l\u2019assureur Groupama est \u00e9valu\u00e9 \u00e0 deux millions d\u2019euros.<\/p>\n<p style=\"text-align: justify;\">Un an plus t\u00f4t, en <a href=\"https:\/\/www.breizh-info.com\/2023\/10\/11\/225408\/seine-saint-denis-audioprotheses\/\" rel=\"nofollow noopener\" target=\"_blank\">octobre 2023<\/a>, la CPAM de Seine-Saint-Denis r\u00e9v\u00e9lait une fraude massive aux audioproth\u00e8ses, facilit\u00e9es par les failles du dispositif \u00ab 100 % sant\u00e9 \u00bb lanc\u00e9 en 2021. Dans ce seul d\u00e9partement, le pr\u00e9judice avait \u00e9t\u00e9 estim\u00e9 \u00e0 8,3 millions d\u2019euros. Deux plaintes p\u00e9nales furent d\u00e9pos\u00e9es pour un montant de 2,3 millions d\u2019euros, et 360 soci\u00e9t\u00e9s suspectes furent identifi\u00e9es.<\/p>\n<p style=\"text-align: justify;\">\u00ab Depuis le mois de janvier [2023], on a 17 % des factures d\u2019audioproth\u00e8ses qui sont frauduleuses \u00bb, expliquait alors Aur\u00e9lie Combas-Richard, directrice de la CPAM de Seine-Saint-Denis. Elle ajoutait que \u00ab sur 109 soci\u00e9t\u00e9s d\u2019audioproth\u00e8se, 55 ont \u00e9t\u00e9 cr\u00e9\u00e9es depuis la mise en place du 100 % Sant\u00e9 \u00bb.<\/p>\n<p><strong>Des r\u00e9seaux opportunistes et un syst\u00e8me vuln\u00e9rable<\/strong><\/p>\n<p style=\"text-align: justify;\">Ces affaires pr\u00e9sentent des traits communs : ordonnances fictives, soci\u00e9t\u00e9s nouvellement cr\u00e9\u00e9es, et personnel non d\u00e9clar\u00e9. Elles illustrent la porosit\u00e9 croissante du syst\u00e8me de remboursement. Le directeur g\u00e9n\u00e9ral de l\u2019Assurance maladie, Thomas Fat\u00f4me, l\u2019admettait d\u00e8s octobre 2023 : \u00ab Le 100 % Sant\u00e9 en audiologie est un succ\u00e8s majeur dans l\u2019acc\u00e8s aux soins mais cette r\u00e9ussite co\u00fbte de l\u2019argent. Quand il y a davantage de d\u00e9penses, m\u00e9caniquement on voit appara\u00eetre des ph\u00e9nom\u00e8nes de fraudes. \u00bb<\/p>\n<p style=\"text-align: justify;\">Pour tenter de juguler ces d\u00e9rives, des contr\u00f4les ont \u00e9t\u00e9 programm\u00e9s dans 130 centres en France. Mais la concentration des fraudes en \u00cele-de-France (notamment en Seine-Saint-Denis) continue d\u2019interroger sur la capacit\u00e9 de l\u2019\u00c9tat \u00e0 garantir une gestion rigoureuse des d\u00e9penses sociales.<\/p>\n<p style=\"text-align: justify;\">Cr\u00e9dit photo : DR (photo d\u2019illustration)<br \/>[cc] Breizh-info.com, 2025, d\u00e9p\u00eaches libres de copie et de diffusion sous r\u00e9serve de mention et de lien vers la source d\u2019origine<\/p>\n","protected":false},"excerpt":{"rendered":"Un r\u00e9seau informel de soins infirmiers, impliquant des employ\u00e9s non qualifi\u00e9s et non d\u00e9clar\u00e9s, a \u00e9t\u00e9 d\u00e9mantel\u00e9 \u00e0&hellip;\n","protected":false},"author":2,"featured_media":193287,"comment_status":"","ping_status":"","sticky":false,"template":"","format":"standard","meta":{"footnotes":""},"categories":[1592],"tags":[1111,11,732,13431,1777,674,1011,27,1006,662,22301,12,626,25],"class_list":{"0":"post-193286","1":"post","2":"type-post","3":"status-publish","4":"format-standard","5":"has-post-thumbnail","7":"category-ile-de-france","8":"tag-actu","9":"tag-actualites","10":"tag-assurance-maladie","11":"tag-cpam","12":"tag-eu","13":"tag-europe","14":"tag-fr","15":"tag-france","16":"tag-fraude","17":"tag-ile-de-france","18":"tag-infirmiers","19":"tag-news","20":"tag-paris","21":"tag-republique-francaise"},"share_on_mastodon":{"url":"https:\/\/pubeurope.com\/@fr\/114721004138769885","error":""},"_links":{"self":[{"href":"https:\/\/www.europesays.com\/fr\/wp-json\/wp\/v2\/posts\/193286","targetHints":{"allow":["GET"]}}],"collection":[{"href":"https:\/\/www.europesays.com\/fr\/wp-json\/wp\/v2\/posts"}],"about":[{"href":"https:\/\/www.europesays.com\/fr\/wp-json\/wp\/v2\/types\/post"}],"author":[{"embeddable":true,"href":"https:\/\/www.europesays.com\/fr\/wp-json\/wp\/v2\/users\/2"}],"replies":[{"embeddable":true,"href":"https:\/\/www.europesays.com\/fr\/wp-json\/wp\/v2\/comments?post=193286"}],"version-history":[{"count":0,"href":"https:\/\/www.europesays.com\/fr\/wp-json\/wp\/v2\/posts\/193286\/revisions"}],"wp:featuredmedia":[{"embeddable":true,"href":"https:\/\/www.europesays.com\/fr\/wp-json\/wp\/v2\/media\/193287"}],"wp:attachment":[{"href":"https:\/\/www.europesays.com\/fr\/wp-json\/wp\/v2\/media?parent=193286"}],"wp:term":[{"taxonomy":"category","embeddable":true,"href":"https:\/\/www.europesays.com\/fr\/wp-json\/wp\/v2\/categories?post=193286"},{"taxonomy":"post_tag","embeddable":true,"href":"https:\/\/www.europesays.com\/fr\/wp-json\/wp\/v2\/tags?post=193286"}],"curies":[{"name":"wp","href":"https:\/\/api.w.org\/{rel}","templated":true}]}}