{"id":193297,"date":"2025-06-21T11:04:09","date_gmt":"2025-06-21T11:04:09","guid":{"rendered":"https:\/\/www.europesays.com\/fr\/193297\/"},"modified":"2025-06-21T11:04:09","modified_gmt":"2025-06-21T11:04:09","slug":"guerre-israel-iran-poutine-propose-une-mediation-interessee","status":"publish","type":"post","link":"https:\/\/www.europesays.com\/fr\/193297\/","title":{"rendered":"Guerre Isra\u00ebl-Iran\u00a0: Poutine propose une m\u00e9diation int\u00e9ress\u00e9e"},"content":{"rendered":"<p>Depuis le d\u00e9but de la guerre d\u00e9clench\u00e9e par le gouvernement fasciste de Benyamin Netanyahou, le 13\u00a0juin, contre l\u2019Iran et le r\u00e9gime des mollahs, le pr\u00e9sident russe s\u2019est propos\u00e9 comme m\u00e9diateur. Lors du forum \u00e9conomique annuel de Saint-P\u00e9tersbourg, qui accueille des pays du sud global et s\u2019ach\u00e8ve ce samedi, Vladimir Poutine a r\u00e9it\u00e9r\u00e9 cette volont\u00e9 de mettre un terme \u00e0 l\u2019escalade. Alors que la Russie a envahi l\u2019Ukraine, en f\u00e9vrier 2022, provoquant une guerre qui aurait fait des dizaines de milliers de morts, Moscou peut-il endosser ce r\u00f4le\u00a0?<\/p>\n<p>Dans l\u2019ancienne capitale imp\u00e9riale russe, le pr\u00e9sident a justifi\u00e9 sa d\u00e9marche. \u00ab\u00a0Nous n\u2019aspirons en aucun cas \u00e0 faire de la m\u00e9diation, nous ne faisons que proposer des id\u00e9es. Si celles-ci sont attractives pour les deux pays, nous ne serons que ravis\u00a0\u00bb, a-t-il lanc\u00e9, en indiquant que la Russie avait d\u00e9j\u00e0 pris des \u00ab\u00a0contacts\u00a0\u00bb avec Isra\u00ebl et \u00ab\u00a0avec nos amis iraniens\u00a0\u00bb.<\/p>\n<p>Tel Aviv draine l\u2019aide militaire de Washington au d\u00e9triment de Kiev<\/p>\n<p>D\u00e8s le d\u00e9but des bombardements isra\u00e9liens, la Russie a fait \u00e9vacuer ses ressortissants d\u2019Iran. \u00ab\u00a0Moscou ne voit pas d\u2019un mauvais \u0153il ce nouveau front. Cette guerre impacte directement le dossier ukrainien en le rendant moins visible et moins prioritaire. Les structures am\u00e9ricaines de s\u00e9curit\u00e9, de d\u00e9fense et de renseignement sont pleinement occup\u00e9es par la situation au Moyen-Orient. Les armes \u00e9tats-uniennes vont \u00eatre davantage allou\u00e9es \u00e0 Tel-Aviv qu\u2019\u00e0 Kiev\u00a0\u00bb, analyse un diplomate russe.<\/p>\n<p>La Russie risque-t-elle de perdre un partenaire strat\u00e9gique\u00a0?<a href=\"https:\/\/www.humanite.fr\/monde\/etats-unis\/syrie-comment-lapres-assad-redessine-le-moyen-orient\" rel=\"nofollow noopener\" target=\"_blank\"> Apr\u00e8s la chute, en d\u00e9cembre, du r\u00e9gime syrien<\/a>, dont le pr\u00e9sident Bachar al-Assad a trouv\u00e9 refuge \u00e0 Moscou, un effondrement de la R\u00e9publique islamique d\u2019Iran porterait un coup s\u00e9v\u00e8re aux positions russes au Moyen Orient. Depuis la guerre en Ukraine, les coop\u00e9rations se sont accrues entre T\u00e9h\u00e9ran et Moscou. La Russie est devenue le premier investisseur \u00e9tranger en Iran dans les secteurs de l\u2019\u00e9nergie et des infrastructures. En contrepartie, T\u00e9h\u00e9ran fournissait \u00e0 Moscou certains mat\u00e9riels militaires, notamment des drones.<\/p>\n<p>Cette relation permettait surtout \u00e0 la diplomatie russe de disposer d\u2019un relais r\u00e9gional qui lui a offert des leviers au fil des crises\u00a0: Syrie, Afghanistan, Irak, Asie centrale. \u00ab\u00a0La Russie s\u2019inqui\u00e8te d\u2019un changement de r\u00e9gime qui conduirait \u00e0 une fragmentation de l\u2019Iran avec de possibles r\u00e9percussions r\u00e9gionales au Caucase et Asie centrale, remarque Arnaud Dubien, qui dirige l\u2019Observatoire franco-russe. Sur le volet \u00e9conomique, les Russes b\u00e9n\u00e9ficient avec cette crise de la hausse de 10\u00a0% du prix du baril qui aide au renflouement de leur budget. Et la Chine qui achetait son p\u00e9trole \u00e0 l\u2019Iran va d\u00e9sormais s\u2019approvisionner aupr\u00e8s de Moscou\u00a0\u00bb.<\/p>\n<p>Les relations entre les deux nations sont n\u00e9anmoins complexes sur les dossiers nucl\u00e9aire et s\u00e9curitaire. L\u2019accord militaire qui les lie ne comporte pas de clause de d\u00e9fense mutuelle. La Russie reste tr\u00e8s prudente sur la fourniture d\u2019armes \u00e0 T\u00e9h\u00e9ran. Elle limite la livraison de ses chasseurs Sukhoi-35 et n\u2019a jamais accept\u00e9 de livrer \u00e0 l\u2019Iran ses syst\u00e8mes S-400 de d\u00e9fense antia\u00e9rienne. \u00ab\u00a0Vladimir Poutine qui entretient d\u2019autres relations importantes dans la r\u00e9gion ne souhaitait pas se mettre \u00e0 dos Isra\u00ebl, l\u2019Arabie saoudite ou la Turquie\u00a0\u00bb, rappelle une source diplomatique \u00e0 Moscou.<\/p>\n<p>La Russie n\u2019a jamais \u00e9t\u00e9 favorable \u00e0 un Iran nucl\u00e9aire<\/p>\n<p>Les autorit\u00e9s russes ne devraient pas s\u2019engager davantage dans le conflit pour d\u00e9fendre T\u00e9h\u00e9ran. Les drones iraniens ne sont plus livr\u00e9s, les Russes les produisent eux-m\u00eames au Tatarstan. \u00ab\u00a0Il est clair depuis longtemps que la Russie ne d\u00e9fendrait pas militairement l\u2019Iran. Elle n\u2019est tout simplement pas pr\u00eate \u00e0 risquer une confrontation avec Isra\u00ebl et les \u00c9tats-Unis pour l\u2019amour de l\u2019Iran, , <a href=\"https:\/\/www.humanite.fr\/monde\/benyamin-netanyahou\/israel-iran-betrand-badie-decrypte-les-vraies-raisons-de-la-guerre\" rel=\"nofollow noopener\" target=\"_blank\">juge Bertrand Badie, sp\u00e9cialiste des relations internationales, professeur \u00e9m\u00e9rite \u00e0 Sciences Po Paris<\/a>. Malgr\u00e9 les liens entre les deux pays, Moscou n\u2019a jamais \u00e9t\u00e9 favorable \u00e0 un Iran nucl\u00e9aire.\u00a0\u00bb<\/p>\n<p>\u00catre le journal de la paix, notre d\u00e9fi quotidien<\/p>\n<p>Depuis Jaur\u00e8s, la d\u00e9fense de la paix est dans notre ADN.<\/p>\n<ul class=\"wp-block-list\">\n<li>Qui informe encore aujourd\u2019hui sur <strong>les actions des pacifistes<\/strong> pour le d\u00e9sarmement\u00a0?<\/li>\n<li>Combien de m\u00e9dias rappellent que <strong>les combats de d\u00e9colonisation <\/strong>ont encore cours, et qu\u2019ils doivent \u00eatre soutenus\u00a0?<\/li>\n<li>Combien valorisent les <strong>solidarit\u00e9s internationales<\/strong>, et s\u2019engagent sans ambigu\u00eft\u00e9 aux c\u00f4t\u00e9s des exil\u00e9s\u00a0?<\/li>\n<\/ul>\n<p><strong>Nos valeurs n\u2019ont pas de fronti\u00e8res.<\/strong><\/p>\n<p>Aidez-nous \u00e0 soutenir le droit \u00e0 l\u2019autod\u00e9termination et l\u2019option de la paix.<br \/><a href=\"https:\/\/www.humanite.fr\/lhumanite-cest-vous\" rel=\"nofollow noopener\" target=\"_blank\">Je veux en savoir plus\u00a0!<\/a><\/p>\n","protected":false},"excerpt":{"rendered":"Depuis le d\u00e9but de la guerre d\u00e9clench\u00e9e par le gouvernement fasciste de Benyamin Netanyahou, le 13\u00a0juin, contre l\u2019Iran&hellip;\n","protected":false},"author":2,"featured_media":193298,"comment_status":"","ping_status":"","sticky":false,"template":"","format":"standard","meta":{"footnotes":""},"categories":[1591],"tags":[11,1887,3019,16785,12,1885,1886,132,135],"class_list":{"0":"post-193297","1":"post","2":"type-post","3":"status-publish","4":"format-standard","5":"has-post-thumbnail","7":"category-russie","8":"tag-actualites","9":"tag-federation-de-russie","10":"tag-iran","11":"tag-israu00ebl","12":"tag-news","13":"tag-russia","14":"tag-russian-federation","15":"tag-russie","16":"tag-vladimir-poutine"},"share_on_mastodon":{"url":"https:\/\/pubeurope.com\/@fr\/114721027922900101","error":""},"_links":{"self":[{"href":"https:\/\/www.europesays.com\/fr\/wp-json\/wp\/v2\/posts\/193297","targetHints":{"allow":["GET"]}}],"collection":[{"href":"https:\/\/www.europesays.com\/fr\/wp-json\/wp\/v2\/posts"}],"about":[{"href":"https:\/\/www.europesays.com\/fr\/wp-json\/wp\/v2\/types\/post"}],"author":[{"embeddable":true,"href":"https:\/\/www.europesays.com\/fr\/wp-json\/wp\/v2\/users\/2"}],"replies":[{"embeddable":true,"href":"https:\/\/www.europesays.com\/fr\/wp-json\/wp\/v2\/comments?post=193297"}],"version-history":[{"count":0,"href":"https:\/\/www.europesays.com\/fr\/wp-json\/wp\/v2\/posts\/193297\/revisions"}],"wp:featuredmedia":[{"embeddable":true,"href":"https:\/\/www.europesays.com\/fr\/wp-json\/wp\/v2\/media\/193298"}],"wp:attachment":[{"href":"https:\/\/www.europesays.com\/fr\/wp-json\/wp\/v2\/media?parent=193297"}],"wp:term":[{"taxonomy":"category","embeddable":true,"href":"https:\/\/www.europesays.com\/fr\/wp-json\/wp\/v2\/categories?post=193297"},{"taxonomy":"post_tag","embeddable":true,"href":"https:\/\/www.europesays.com\/fr\/wp-json\/wp\/v2\/tags?post=193297"}],"curies":[{"name":"wp","href":"https:\/\/api.w.org\/{rel}","templated":true}]}}