{"id":193305,"date":"2025-06-21T11:08:10","date_gmt":"2025-06-21T11:08:10","guid":{"rendered":"https:\/\/www.europesays.com\/fr\/193305\/"},"modified":"2025-06-21T11:08:10","modified_gmt":"2025-06-21T11:08:10","slug":"paris-amazon-sous-surveillance-renforcee-en-allemagne","status":"publish","type":"post","link":"https:\/\/www.europesays.com\/fr\/193305\/","title":{"rendered":"PARIS : Amazon sous surveillance renforc\u00e9e en Allemagne"},"content":{"rendered":"<p><strong>L\u2019Autorit\u00e9 allemande de la concurrence accuse Amazon de pratiques anticoncurrentielles.<\/strong><\/p>\n<p>L\u2019Autorit\u00e9 allemande de la concurrence, le Bundeskartellamt, a accus\u00e9 Amazon de pratiques anticoncurrentielles. Repr\u00e9sentant\u00a0<strong>60 %<\/strong>\u00a0du commerce en ligne de biens en Allemagne, Amazon a \u00e9t\u00e9 plac\u00e9 sous \u00ab surveillance renforc\u00e9e \u00bb. Cette d\u00e9cision intervient apr\u00e8s une enqu\u00eate approfondie men\u00e9e par l\u2019autorit\u00e9 allemande.<\/p>\n<p><strong>Des pratiques contest\u00e9es<\/strong><\/p>\n<p>Amazon, qui domine le march\u00e9 du commerce en ligne en Allemagne, a \u00e9t\u00e9 accus\u00e9 de pratiques anticoncurrentielles par le Bundeskartellamt. L\u2019autorit\u00e9 a d\u00e9cid\u00e9 de placer l\u2019entreprise sous \u00ab surveillance renforc\u00e9e \u00bb pour s\u2019assurer que ses pratiques respectent les r\u00e8gles de la concurrence.<\/p>\n<p><strong>Une enqu\u00eate approfondie<\/strong><\/p>\n<p>L\u2019enqu\u00eate men\u00e9e par le Bundeskartellamt a r\u00e9v\u00e9l\u00e9 plusieurs pratiques contest\u00e9es d\u2019Amazon. Ces pratiques incluent notamment des conditions d\u00e9favorables impos\u00e9es aux vendeurs tiers et des abus de position dominante. L\u2019autorit\u00e9 a donc d\u00e9cid\u00e9 de renforcer sa surveillance pour prot\u00e9ger les consommateurs et les autres acteurs du march\u00e9.<\/p>\n<p><strong>Des mesures \u00e0 venir<\/strong><\/p>\n<p>Suite \u00e0 cette d\u00e9cision, Amazon devra se conformer aux exigences de l\u2019autorit\u00e9 allemande. Des mesures correctives seront mises en place pour garantir une concurrence loyale et \u00e9quitable sur le march\u00e9 du commerce en ligne en Allemagne.<\/p>\n<p><a href=\"https:\/\/www.ilec.asso.fr\/breves\/breve\/23290\" rel=\"nofollow noopener\" target=\"_blank\">Plus d\u2019informations<\/a><\/p>\n<p><strong>Source :<\/strong>\u00a0ILEC \u2013 La Voix des marques<\/p>\n","protected":false},"excerpt":{"rendered":"L\u2019Autorit\u00e9 allemande de la concurrence accuse Amazon de pratiques anticoncurrentielles. L\u2019Autorit\u00e9 allemande de la concurrence, le Bundeskartellamt, a&hellip;\n","protected":false},"author":2,"featured_media":193306,"comment_status":"","ping_status":"","sticky":false,"template":"","format":"standard","meta":{"footnotes":""},"categories":[1587],"tags":[11,672,1804,1805,1803,1777,674,1801,12,1802],"class_list":{"0":"post-193305","1":"post","2":"type-post","3":"status-publish","4":"format-standard","5":"has-post-thumbnail","7":"category-allemagne","8":"tag-actualites","9":"tag-allemagne","10":"tag-bundesrepublik-deutschland","11":"tag-de","12":"tag-deutschland","13":"tag-eu","14":"tag-europe","15":"tag-germany","16":"tag-news","17":"tag-republique-federale-dallemagne"},"share_on_mastodon":{"url":"https:\/\/pubeurope.com\/@fr\/114721043477842238","error":""},"_links":{"self":[{"href":"https:\/\/www.europesays.com\/fr\/wp-json\/wp\/v2\/posts\/193305","targetHints":{"allow":["GET"]}}],"collection":[{"href":"https:\/\/www.europesays.com\/fr\/wp-json\/wp\/v2\/posts"}],"about":[{"href":"https:\/\/www.europesays.com\/fr\/wp-json\/wp\/v2\/types\/post"}],"author":[{"embeddable":true,"href":"https:\/\/www.europesays.com\/fr\/wp-json\/wp\/v2\/users\/2"}],"replies":[{"embeddable":true,"href":"https:\/\/www.europesays.com\/fr\/wp-json\/wp\/v2\/comments?post=193305"}],"version-history":[{"count":0,"href":"https:\/\/www.europesays.com\/fr\/wp-json\/wp\/v2\/posts\/193305\/revisions"}],"wp:featuredmedia":[{"embeddable":true,"href":"https:\/\/www.europesays.com\/fr\/wp-json\/wp\/v2\/media\/193306"}],"wp:attachment":[{"href":"https:\/\/www.europesays.com\/fr\/wp-json\/wp\/v2\/media?parent=193305"}],"wp:term":[{"taxonomy":"category","embeddable":true,"href":"https:\/\/www.europesays.com\/fr\/wp-json\/wp\/v2\/categories?post=193305"},{"taxonomy":"post_tag","embeddable":true,"href":"https:\/\/www.europesays.com\/fr\/wp-json\/wp\/v2\/tags?post=193305"}],"curies":[{"name":"wp","href":"https:\/\/api.w.org\/{rel}","templated":true}]}}