{"id":193319,"date":"2025-06-21T11:15:11","date_gmt":"2025-06-21T11:15:11","guid":{"rendered":"https:\/\/www.europesays.com\/fr\/193319\/"},"modified":"2025-06-21T11:15:11","modified_gmt":"2025-06-21T11:15:11","slug":"volley-ball-cest-officiel-les-louves-de-saint-die-joueront-bien-en-ligue-a","status":"publish","type":"post","link":"https:\/\/www.europesays.com\/fr\/193319\/","title":{"rendered":"Volley-ball. C\u2019est officiel, les Louves de Saint-Di\u00e9 joueront bien en Ligue A"},"content":{"rendered":"<p>\u00ab\u00a0C\u2019est tout chaud, \u00e7a vient juste de sortir. Saint-Di\u00e9 jouera bien en ligue A Saforelle Power 6 la saison prochaine. <a href=\"https:\/\/www.vosgesmatin.fr\/sport\/2025\/05\/06\/les-louves-de-saint-die-vont-entrer-dans-une-autre-dimension\" target=\"_blank\" rel=\"noopener\">Comme nous l\u2019esp\u00e9rions tous, notre dossier a \u00e9t\u00e9 valid\u00e9 par la commission.<\/a> J\u2019ai bien entendu pr\u00e9venu le maire, ainsi que tous nos partenaires.\u00a0\u00bb Adrien Christophe, le copr\u00e9sident du club est enfin rassur\u00e9 quant \u00e0 l\u2019avenir des Louves au plus haut niveau national.<\/p>\n<p>D\u2019autant plus remarquable que nombre de clubs \u00ab\u00a0historiques\u00a0\u00bb du volley national sont en grande difficult\u00e9. Les Neptunes de Nantes, pourtant vice champion de France ont jet\u00e9 l\u2019\u00e9ponge. Bordeaux est coinc\u00e9 dans un imbroglio administratif et financier. Aix-Venelles et Cannes sont somm\u00e9s de pr\u00e9senter des budgets coh\u00e9rents,\u00a0etc. Pragmatique et raisonnable, le club d\u00e9odatien est pr\u00e9venu et ne fera pas de folies.<\/p>\n","protected":false},"excerpt":{"rendered":"\u00ab\u00a0C\u2019est tout chaud, \u00e7a vient juste de sortir. Saint-Di\u00e9 jouera bien en ligue A Saforelle Power 6 la&hellip;\n","protected":false},"author":2,"featured_media":193320,"comment_status":"","ping_status":"","sticky":false,"template":"","format":"standard","meta":{"footnotes":""},"categories":[1417],"tags":[1799,107,1701,1795,1011,27,8431,8275,8276,517,1700,60,1470,1632,1469],"class_list":{"0":"post-193319","1":"post","2":"type-post","3":"status-publish","4":"format-standard","5":"has-post-thumbnail","7":"category-volley","8":"tag-edition-saint-die","9":"tag-fil-info","10":"tag-fil-info-sport","11":"tag-fil-web","12":"tag-fr","13":"tag-france","14":"tag-saint-die-volley","15":"tag-saint-die-des-vosges","16":"tag-saint-die-ville-88b","17":"tag-sport","18":"tag-sport-lorrain","19":"tag-sports","20":"tag-volley","21":"tag-volley-ball","22":"tag-volleyball"},"share_on_mastodon":{"url":"https:\/\/pubeurope.com\/@fr\/114721071059043509","error":""},"_links":{"self":[{"href":"https:\/\/www.europesays.com\/fr\/wp-json\/wp\/v2\/posts\/193319","targetHints":{"allow":["GET"]}}],"collection":[{"href":"https:\/\/www.europesays.com\/fr\/wp-json\/wp\/v2\/posts"}],"about":[{"href":"https:\/\/www.europesays.com\/fr\/wp-json\/wp\/v2\/types\/post"}],"author":[{"embeddable":true,"href":"https:\/\/www.europesays.com\/fr\/wp-json\/wp\/v2\/users\/2"}],"replies":[{"embeddable":true,"href":"https:\/\/www.europesays.com\/fr\/wp-json\/wp\/v2\/comments?post=193319"}],"version-history":[{"count":0,"href":"https:\/\/www.europesays.com\/fr\/wp-json\/wp\/v2\/posts\/193319\/revisions"}],"wp:featuredmedia":[{"embeddable":true,"href":"https:\/\/www.europesays.com\/fr\/wp-json\/wp\/v2\/media\/193320"}],"wp:attachment":[{"href":"https:\/\/www.europesays.com\/fr\/wp-json\/wp\/v2\/media?parent=193319"}],"wp:term":[{"taxonomy":"category","embeddable":true,"href":"https:\/\/www.europesays.com\/fr\/wp-json\/wp\/v2\/categories?post=193319"},{"taxonomy":"post_tag","embeddable":true,"href":"https:\/\/www.europesays.com\/fr\/wp-json\/wp\/v2\/tags?post=193319"}],"curies":[{"name":"wp","href":"https:\/\/api.w.org\/{rel}","templated":true}]}}