{"id":193325,"date":"2025-06-21T11:18:15","date_gmt":"2025-06-21T11:18:15","guid":{"rendered":"https:\/\/www.europesays.com\/fr\/193325\/"},"modified":"2025-06-21T11:18:15","modified_gmt":"2025-06-21T11:18:15","slug":"un-evenement-immanquable-ffbb","status":"publish","type":"post","link":"https:\/\/www.europesays.com\/fr\/193325\/","title":{"rendered":"Un \u00e9v\u00e8nement immanquable | FFBB"},"content":{"rendered":"<p>                            <img decoding=\"async\" class=\"img-fluid thumbnail__news\" src=\"https:\/\/www.europesays.com\/fr\/wp-content\/uploads\/2025\/06\/8b6d4ef0-92ed-41b6-a363-8c05ee72274a.jpg\" alt=\"Un \u00e9v\u00e8nement immanquable\"\/><br \/>\n                                                        L&rsquo;Accor Arena affichera complet ce samedi 26 avril et plus de 6 000 personnes assisteront aux finales des Troph\u00e9es la veille. Si vous n&rsquo;avez pas la chance d&rsquo;avoir votre billet, rendez-vous sur vos \u00e9crans o\u00f9 toutes les rencontres seront diffus\u00e9es.<\/p>\n<p>Les finales de la Coupe de France 2025 r\u00e9unira cette ann\u00e9e encore plus de 20 000 personnes \u00e0 l&rsquo;Accor Arena. Vous pourrez \u00e9galement participer \u00e0 cette grande f\u00eate du basket depuis chez vous en suivant les retransmissions de toutes les finales gr\u00e2ce \u00e0 un dispositif exceptionnel mis en place par la FFBB.<\/p>\n<p>Ainsi d\u00e8s le vendredi \u00e0 partir de 18h00, vous pourrez suivre les finales des Troph\u00e9es f\u00e9minin et masculin qui seront diffus\u00e9es en simultan\u00e9 sur la <a href=\"https:\/\/www.youtube.com\/@FFBB_officiel\" target=\"_blank\" rel=\"noopener\">Cha\u00eene YouTube de la FFBB<\/a> et <a href=\"https:\/\/www.bfmtv.com\/normandie\/en-direct\/\" target=\"_blank\" rel=\"noopener\">BFM Normandie<\/a>. Les commentaires seront assur\u00e9s par <strong>Lukas Nicot<\/strong> assist\u00e9 par <strong>Arnaud Guppillotte<\/strong> (entraineur P\u00f4le France NF1) pour la finale f\u00e9minine et par <strong>Pierre-Olivier Croizat <\/strong>(coach finaliste du Troph\u00e9e masculin 2023) pour la finale masculine.<\/p>\n<p>Le samedi, rendez-vous d\u00e8s 10h00 sur la <a href=\"https:\/\/www.youtube.com\/@FFBB_officiel\" target=\"_blank\" rel=\"noopener\">Cha\u00eene YouTube FFBB<\/a> pour les finales U18 o\u00f9 le journaliste <strong>Lukas Nicot<\/strong> vous fera vivre ses finales en compagnie de<strong> Julien Egloff<\/strong> (assistant P\u00f4le France NF1) puis de <strong>Nicolas Absalon<\/strong> (entraineur P\u00f4le France U18 Elite).\u00a0<\/p>\n<p>Les finales pros seront \u00e0 vivre en direct sur <a href=\"https:\/\/www.lequipe.fr\/Directs\" target=\"_blank\" rel=\"noopener\">La Cha\u00eene L&rsquo;Equipe<\/a> avec un dispositif tr\u00e8s complet. <strong>Benoit Cosset<\/strong> assurera les commentaires avec l&rsquo;ex-internationale, <strong>H\u00e9l\u00e9na Ciak<\/strong>, pour la finale f\u00e9minine et son fid\u00e8le consultant basket, <strong>Christophe Denis<\/strong>, pour la finale opposant Le Mans \u00e0 Paris. En bord de terrain, vous retrouverez <strong>Anne-Sophie Bernadi<\/strong> pour ne rien manquez de ces finales 2025.<\/p>\n<p>Vous pourrez retrouver des photos, des vid\u00e9os et du contenu exclusif sur les R\u00e9seaux Sociaux de la FFBB. Les derni\u00e8res infos et les stats seront disponibles sur le site officiel de la Coupe de France : <a href=\"https:\/\/coupedefrance.ffbb.com\/\" target=\"_blank\" rel=\"noopener\">https:\/\/coupedefrance.ffbb.com\/<\/a><\/p>\n<p><strong>Programme Finale Coupe de France 2025 :<\/strong><br \/>Vendredi 25\u00a0avril 2025<br \/>18h00 &#8211; Finale du Troph\u00e9e f\u00e9minin &#8211; En direct sur la <a href=\"https:\/\/www.youtube.com\/@FFBB_officiel\" target=\"_blank\" rel=\"noopener\">Cha\u00eene YouTube FFBB<\/a> et sur <a href=\"https:\/\/www.bfmtv.com\/normandie\/en-direct\/\" target=\"_blank\" rel=\"noopener\">BFM Normandie<\/a><br \/><strong>Monaco\u00a0(NF1) &#8211; Rouen Bihorel (NF1)<\/strong><br \/>20h30 &#8211; Finale du Troph\u00e9e masculin &#8211; En direct sur la <a href=\"https:\/\/www.youtube.com\/@FFBB_officiel\" target=\"_blank\" rel=\"noopener\">Cha\u00eene YouTube FFBB<\/a> et sur <a href=\"https:\/\/www.bfmtv.com\/normandie\/en-direct\/\" target=\"_blank\" rel=\"noopener\">BFM Normandie<\/a><br \/><strong>Beyssac Beaupuy Marmande (NM2) &#8211; Gravenchon (NM2)<\/strong><\/p>\n<p>Samedi 26\u00a0avril 2025<br \/>10h00 &#8211; Finale U18 F\u00e9minines &#8211; En direct sur la <a href=\"https:\/\/www.youtube.com\/@FFBB_officiel\" target=\"_blank\" rel=\"noopener\">Cha\u00eene Youtube FFBB<\/a><br \/><strong>Bourges &#8211; Lyon<\/strong><br \/>12h45 &#8211; Finale U18 masculins &#8211; En direct sur la <a href=\"https:\/\/www.youtube.com\/@FFBB_officiel\" target=\"_blank\" rel=\"noopener\">Cha\u00eene Youtube FFBB<\/a><br \/><strong>Le Mans &#8211; Antibes<\/strong><br \/>15h30\u00a0&#8211; Finale Pros f\u00e9minines\u00a0(Troph\u00e9e Jo\u00e9 Jaunay) &#8211; En direct sur <a href=\"https:\/\/www.lequipe.fr\/Directs\" target=\"_blank\" rel=\"noopener\">La Cha\u00eene L&rsquo;Equipe<\/a><br \/><strong>Bourges (LBWL) &#8211;\u00a0Charleville-M\u00e9zi\u00e8res (LBWL)<\/strong><br \/>18h15\u00a0&#8211; Finale Pros masculins\u00a0(Troph\u00e9e Robert Busnel) &#8211; En direct sur <a href=\"https:\/\/www.lequipe.fr\/Directs\" target=\"_blank\" rel=\"noopener\">La Cha\u00eene L&rsquo;Equipe<\/a><br \/><strong>Le Mans (Betclic Elite) &#8211; Paris (Betclic Elite)<\/strong><\/p>\n","protected":false},"excerpt":{"rendered":"L&rsquo;Accor Arena affichera complet ce samedi 26 avril et plus de 6 000 personnes assisteront aux finales des&hellip;\n","protected":false},"author":2,"featured_media":193326,"comment_status":"","ping_status":"","sticky":false,"template":"","format":"standard","meta":{"footnotes":""},"categories":[1414],"tags":[1465,1464,1011,27,60],"class_list":{"0":"post-193325","1":"post","2":"type-post","3":"status-publish","4":"format-standard","5":"has-post-thumbnail","7":"category-basket","8":"tag-basket","9":"tag-basketball","10":"tag-fr","11":"tag-france","12":"tag-sports"},"share_on_mastodon":{"url":"https:\/\/pubeurope.com\/@fr\/114721083516399148","error":""},"_links":{"self":[{"href":"https:\/\/www.europesays.com\/fr\/wp-json\/wp\/v2\/posts\/193325","targetHints":{"allow":["GET"]}}],"collection":[{"href":"https:\/\/www.europesays.com\/fr\/wp-json\/wp\/v2\/posts"}],"about":[{"href":"https:\/\/www.europesays.com\/fr\/wp-json\/wp\/v2\/types\/post"}],"author":[{"embeddable":true,"href":"https:\/\/www.europesays.com\/fr\/wp-json\/wp\/v2\/users\/2"}],"replies":[{"embeddable":true,"href":"https:\/\/www.europesays.com\/fr\/wp-json\/wp\/v2\/comments?post=193325"}],"version-history":[{"count":0,"href":"https:\/\/www.europesays.com\/fr\/wp-json\/wp\/v2\/posts\/193325\/revisions"}],"wp:featuredmedia":[{"embeddable":true,"href":"https:\/\/www.europesays.com\/fr\/wp-json\/wp\/v2\/media\/193326"}],"wp:attachment":[{"href":"https:\/\/www.europesays.com\/fr\/wp-json\/wp\/v2\/media?parent=193325"}],"wp:term":[{"taxonomy":"category","embeddable":true,"href":"https:\/\/www.europesays.com\/fr\/wp-json\/wp\/v2\/categories?post=193325"},{"taxonomy":"post_tag","embeddable":true,"href":"https:\/\/www.europesays.com\/fr\/wp-json\/wp\/v2\/tags?post=193325"}],"curies":[{"name":"wp","href":"https:\/\/api.w.org\/{rel}","templated":true}]}}