{"id":193337,"date":"2025-06-21T11:24:14","date_gmt":"2025-06-21T11:24:14","guid":{"rendered":"https:\/\/www.europesays.com\/fr\/193337\/"},"modified":"2025-06-21T11:24:14","modified_gmt":"2025-06-21T11:24:14","slug":"daphnee-cottin-sublime-les-futures-mamans-et-leurs-bebes","status":"publish","type":"post","link":"https:\/\/www.europesays.com\/fr\/193337\/","title":{"rendered":"Daphn\u00e9e Cottin sublime les futures mamans et leurs b\u00e9b\u00e9s"},"content":{"rendered":"<p>            Par<br \/>\n        <strong><br \/>\n            <a href=\"https:\/\/actu.fr\/auteur\/joffreyfodimbi\" title=\"Consulter tous les articles de Joffrey Fodimbi\" rel=\"nofollow noopener\" target=\"_blank\">Joffrey Fodimbi<\/a><br \/>\n        <\/strong><\/p>\n<p>        Publi\u00e9 le<\/p>\n<p>            20 juin 2025 \u00e0 18h56        <\/p>\n<p data-end=\"486\">Quoi de plus beau qu\u2019une <b>femme enceinte<\/b>\u2009? Rien, ou peut-\u00eatre un <b>b\u00e9b\u00e9<\/b>. Justement, avec son appareil photo,<b> <\/b><a href=\"https:\/\/daphnecphotographie.mypixieset.com\/\" rel=\"nofollow noopener\" target=\"_blank\">Daphn\u00e9e Cottin<\/a> sublime les deux \u00e0 travers son <b>\u0153il d\u2019artiste<\/b>. Au c\u0153ur de son studio situ\u00e9 \u00e0 <a href=\"https:\/\/actu.fr\/bourgogne-franche-comte\/mantry_39310\" rel=\"nofollow noopener\" target=\"_blank\">Mantry<\/a>, ou en pleine nature, la <b>photographe de 32\u00a0ans<\/b> consacre sa vie \u00e0 l\u2019amour parental pour le sublimer \u00e0 travers ses prises de vues artistiques.<\/p>\n<p data-end=\"3207\" class=\" wall-content\">Originaire de <a href=\"https:\/\/actu.fr\/bourgogne-franche-comte\/lons-le-saunier_39300\" rel=\"nofollow noopener\" target=\"_blank\">Lons-le-Saunier<\/a>, celle qui a commenc\u00e9 sa vie professionnelle en travaillant durant une dizaine d\u2019ann\u00e9es dans le commerce, puis \u00e0 l\u2019usine, s\u2019est lanc\u00e9e dans la photo en parall\u00e8le depuis <b>2020<\/b>. Mais sa passion pour ce qui est aussi consid\u00e9r\u00e9 comme le <b>8e art <\/b>remonte \u00e0 bien plus longtemps.<\/p>\n<p data-end=\"3207\" class=\" wall-content\">\u00ab\u2009\u00c0 mes <b>9\u00a0ans<\/b>, je me souviens que mes parents m\u2019avaient offert un<b> petit appareil photo num\u00e9rique<\/b>. \u00c7a n\u2019a pas \u00e9t\u00e9 un d\u00e9clic, mais je me suis mise \u00e0 photographier tout et n\u2019importe quoi. D\u00e8s que j\u2019avais du temps,<b> je m\u2019amusais<\/b> avec, je faisais des tests. Puis \u00e0 mes <b>16\u00a0ans<\/b>, j\u2019ai eu<b> mon premier r\u00e9flex<\/b>.\u2009\u00bb<\/p>\n<p>    <a href=\"https:\/\/www.facebook.com\/plugins\/post.php?href=https%3A%2F%2Fwww.facebook.com%2Fdaphnec.photographie%2Fposts%2Fpfbid0kyXeiSUYr3X5WayCDSq5bLQHBehq5LPSW4nobg98NCcpt4ZYyajq9mpBbRQD8WY1l&amp;show_text=true&amp;width=350\" title=\"Ouvrie le lien\" rel=\"nofollow noopener\" target=\"_blank\">Cliquez ici pour visualiser le contenu<\/a><\/p>\n<p>\u00ab\u2009J\u2019aimais bien tester des choses\u2009\u00bb<\/p>\n<p data-end=\"3207\" class=\" wall-content\">Totalement <b>autodidacte<\/b>, Daphn\u00e9e Cottin se forme de mani\u00e8re empirique. \u00ab\u2009Je ne faisais pas grand-chose de mes photos, mais j\u2019aimais bien <b>tester des choses<\/b>.\u2009\u00bb<\/p>\n<p>Vid\u00e9os : en ce moment sur Actu<\/p>\n<p data-end=\"3207\" class=\" wall-content\">\u00c0 tel point qu\u2019elle perfectionne sa pratique, jusqu\u2019\u00e0 souhaiter en faire ensuite son m\u00e9tier. \u00ab\u2009J\u2019ai fait une <b>formation dans le commerce<\/b>, mais, n\u2019ayant pas trouv\u00e9 de photographe pour \u00eatre mon ma\u00eetre de stage, \u00e7a ne s\u2019est pas fait.\u2009\u00bb<\/p>\n<p data-end=\"3207\" class=\" wall-content\">Qu\u2019importe, les ann\u00e9es passent, et la jeune femme poursuit sa pratique de la photographie, jusqu\u2019\u00e0 se mettre \u00e0 photographier ses amies enceintes et leur b\u00e9b\u00e9. \u00ab\u2009Et petit \u00e0 petit, je me suis mise \u00e0 avoir<b> de plus en plus de demandes<\/b>, jusqu\u2019\u00e0 me d\u00e9cider \u00e0 <b>ouvrir ma propre entreprise<\/b>.\u2009\u00bb<\/p>\n<p data-end=\"3207\" class=\" wall-content\">Depuis cinq ans \u00e0 la t\u00eate de son entreprise, et depuis trois ans comme seule activit\u00e9, Daphn\u00e9e Cottin r\u00e9alise des s\u00e9ances photos dans le <b>studio qu\u2019elle a am\u00e9nag\u00e9 au sous-sol de sa maison <\/b>\u2013 et dans lequel elle regroupe de tr\u00e8s nombreux accessoires \u2013 mais \u00e9galement en pleine nature. \u00ab\u2009Et les endroits o\u00f9 faire de belles photos dans le Jura sont tr\u00e8s nombreux.\u2009\u00bb<\/p>\n<p>    <a href=\"https:\/\/www.facebook.com\/plugins\/post.php?href=https%3A%2F%2Fwww.facebook.com%2Fdaphnec.photographie%2Fposts%2Fpfbid09SjZC6dLWpjFKtVaR8vo7KZHBbk7qKJw1UgCHKSN2riky4en9P5jScHeCXCzQ3nPl&amp;show_text=true&amp;width=350\" title=\"Ouvrie le lien\" rel=\"nofollow noopener\" target=\"_blank\">Cliquez ici pour visualiser le contenu<\/a><\/p>\n<p>\u00ab\u2009C\u2019est tr\u00e8s al\u00e9atoire\u2009\u00bb<\/p>\n<p data-end=\"3207\" class=\" wall-content\">C\u2019est finalement un peu par hasard que cette derni\u00e8re s\u2019est sp\u00e9cialis\u00e9e dans ce genre de photos, m\u00eame si aujourd\u2019hui elle l\u2019avoue, elle ne changerait pour rien au monde. \u00ab\u2009Concernant les femmes enceintes, ce que j\u2019aime, c\u2019est le <b>partage <\/b>avec ces derni\u00e8res\u2009; l\u2019<b>\u00e9change<\/b>, les <b>mettre en confiance<\/b> lorsqu\u2019elles se sous-estiment, mais aussi partager ce beau moment de vie avec elles et leurs proches lorsque ce sont des photos de famille. Pour les b\u00e9b\u00e9s, ce que j\u2019adore, c\u2019est qu\u2019ils ne parlent pas\u2009; avec eux, on est <b>oblig\u00e9 d\u2019\u00eatre patient<\/b>, de les <b>observer<\/b>, de <b>faire avec leur attitude <\/b>sur l\u2019instant. C\u2019est <b>tr\u00e8s al\u00e9atoire<\/b>. C\u2019est d\u2019ailleurs pour \u00e7a que<b> je m\u2019arr\u00eate \u00e0 3\u00a0ans<\/b>, car apr\u00e8s ils ont leur petit caract\u00e8re et ce n\u2019est plus la m\u00eame chose.\u2009\u00bb<\/p>\n<p data-end=\"3207\" class=\" wall-content\">Des moments de vie et d\u2019amour que la photographe aimerait \u00e9galement d\u00e9velopper dans les prochains mois en direction d\u2019un<b> public f\u00e9minin plus large<\/b>. \u00ab\u2009J\u2019aimerais d\u00e9velopper la photographie de <b>boudoir<\/b>, afin de permettre aux femmes de <b>mieux s\u2019accepter<\/b>\u2009\u00bb, conclut celle qui souhaite \u00e9galement voir dans ses s\u00e9ances photos des vertus th\u00e9rapeutiques.<\/p>\n<p class=\" wall-content\">Suivez toute l\u2019actualit\u00e9 de vos villes et m\u00e9dias favoris en vous inscrivant \u00e0 <a href=\"https:\/\/moncompte.actu.fr\" title=\"D\u00e9couvez Mon Actu\" rel=\"nofollow noopener\" data-trk=\"{&quot;cta&quot;:{&quot;action&quot;:&quot;https:\\\/\\\/moncompte.actu.fr&quot;,&quot;category&quot;:&quot;mon compte&quot;,&quot;from&quot;:&quot;article footer&quot;,&quot;name&quot;:&quot;Mon actu&quot;,&quot;type&quot;:&quot;cta&quot;}}\" target=\"_blank\">Mon Actu<\/a>.<\/p>\n","protected":false},"excerpt":{"rendered":"Par Joffrey Fodimbi Publi\u00e9 le 20 juin 2025 \u00e0 18h56 Quoi de plus beau qu\u2019une femme enceinte\u2009? Rien,&hellip;\n","protected":false},"author":2,"featured_media":193338,"comment_status":"","ping_status":"","sticky":false,"template":"","format":"standard","meta":{"footnotes":""},"categories":[1358],"tags":[1348,1384,1385,1386,58,59,1011,27,1756,104],"class_list":{"0":"post-193337","1":"post","2":"type-post","3":"status-publish","4":"format-standard","5":"has-post-thumbnail","7":"category-arts-et-design","8":"tag-arts","9":"tag-arts-and-design","10":"tag-arts-et-design","11":"tag-design","12":"tag-divertissement","13":"tag-entertainment","14":"tag-fr","15":"tag-france","16":"tag-photographie","17":"tag-societe"},"share_on_mastodon":{"url":"https:\/\/pubeurope.com\/@fr\/114721106414309988","error":""},"_links":{"self":[{"href":"https:\/\/www.europesays.com\/fr\/wp-json\/wp\/v2\/posts\/193337","targetHints":{"allow":["GET"]}}],"collection":[{"href":"https:\/\/www.europesays.com\/fr\/wp-json\/wp\/v2\/posts"}],"about":[{"href":"https:\/\/www.europesays.com\/fr\/wp-json\/wp\/v2\/types\/post"}],"author":[{"embeddable":true,"href":"https:\/\/www.europesays.com\/fr\/wp-json\/wp\/v2\/users\/2"}],"replies":[{"embeddable":true,"href":"https:\/\/www.europesays.com\/fr\/wp-json\/wp\/v2\/comments?post=193337"}],"version-history":[{"count":0,"href":"https:\/\/www.europesays.com\/fr\/wp-json\/wp\/v2\/posts\/193337\/revisions"}],"wp:featuredmedia":[{"embeddable":true,"href":"https:\/\/www.europesays.com\/fr\/wp-json\/wp\/v2\/media\/193338"}],"wp:attachment":[{"href":"https:\/\/www.europesays.com\/fr\/wp-json\/wp\/v2\/media?parent=193337"}],"wp:term":[{"taxonomy":"category","embeddable":true,"href":"https:\/\/www.europesays.com\/fr\/wp-json\/wp\/v2\/categories?post=193337"},{"taxonomy":"post_tag","embeddable":true,"href":"https:\/\/www.europesays.com\/fr\/wp-json\/wp\/v2\/tags?post=193337"}],"curies":[{"name":"wp","href":"https:\/\/api.w.org\/{rel}","templated":true}]}}