{"id":193339,"date":"2025-06-21T11:25:09","date_gmt":"2025-06-21T11:25:09","guid":{"rendered":"https:\/\/www.europesays.com\/fr\/193339\/"},"modified":"2025-06-21T11:25:09","modified_gmt":"2025-06-21T11:25:09","slug":"lassociation-litteraire-de-ceyreste-taderi-tadera-propose-ses-15-livres-de-lete","status":"publish","type":"post","link":"https:\/\/www.europesays.com\/fr\/193339\/","title":{"rendered":"L\u2019association litt\u00e9raire de Ceyreste Taderi-Tadera propose ses 15\u00a0livres de l\u2019\u00e9t\u00e9"},"content":{"rendered":"<p>Avis aux voyageurs immobiles, aux r\u00eaveurs cach\u00e9s dans les jardins, aux inconditionnels de la plage sans baignade, aux passionn\u00e9s de lecture au frais dans leur maison et \u00e0 tous les autres lecteurs\u00a0! <a href=\"https:\/\/www.laprovence.com\/article\/region\/1032909085944414\/ceyreste-a-elu-son-livre-du-village-2024-et-offre-un-nouveau-prix-a-lauteure-camille-de-peretti\" target=\"_blank\" rel=\"noopener\">L\u2019\u00e9quipe de Taderi-Tadera<\/a>, association de Ceyreste, s\u2019est r\u00e9unie sous la vigne vierge et a longtemps d\u00e9battu et vot\u00e9 pour s\u00e9lectionner les 15\u00a0livres de l\u2019\u00e9t\u00e9.<\/p>\n<p>\u00ab\u00a0Ce sont ceux qui nous ont fait traverser le temps sans machine sophistiqu\u00e9e, qui nous ont fait rire ou \u00e9mus sans quitter notre canap\u00e9, qui nous ont fait franchir les oc\u00e9ans sans avoir le mal de mer, qui nous ont scandalis\u00e9s sans passer par les r\u00e9seaux sociaux et qui ont r\u00e9uni le plus de suffrages\u00a0\u00bb, d\u00e9taille l\u2019\u00e9quipe de l\u2019association.<\/p>\n<p>Une liste \u00e9labor\u00e9e tout au long de l\u2019ann\u00e9e<\/p>\n<p>Vous les trouverez \u00e0 la biblioth\u00e8que de Ceyreste, \u00e0 la m\u00e9diath\u00e8que de La Ciotat, ou chez tous les bons libraires. \u00c0 ce sujet toute l\u2019\u00e9quipe de Taderi-Tadera se r\u00e9jouit de la r\u00e9ouverture de la librairie Pr\u00e9ambule de Cassis depuis le mardi 10\u00a0juin avec deux nouveaux libraires sympathiques, Thomas le Cassiden et Julien le Marseillais.<\/p>\n<p>Cette liste est issue des lectures pr\u00e9sent\u00e9es tout au long de l\u2019ann\u00e9e lors des Pousse-caf\u00e9s litt\u00e9raires de Taderi-Tadera, et elle a la pr\u00e9tention de vous faire passer un \u00e9t\u00e9 paisible et passionnant \u00e0 peu de frais sous les oliviers, berc\u00e9s par le chant des cigales.<\/p>\n<p>C\u2019est \u00e0 partir de cette liste que seront s\u00e9lectionn\u00e9s en octobre prochain les 5 ouvrages en lice <a href=\"https:\/\/www.laprovence.com\/article\/region\/2210537670952815\/a-ceyreste-les-habitants-se-preparent-a-elire-le-livre-du-village-2024\" target=\"_blank\" rel=\"noopener\">pour l\u2019\u00e9lection du Livre du village<\/a>.<\/p>\n<p>Les livres de l\u2019\u00e9t\u00e9\u00a02025 de Taderi-Tadera<\/p>\n<p>Le roitelet, Jean- Fran\u00e7ois Beauchemin, Gallimard 2023.<\/p>\n<p>Les mangeurs de nuit, Marie Charrel, L\u2019observatoire 2023.<\/p>\n<p>La disparition d\u2019Herv\u00e9 Snout, Olivier Bordacarre, Deno\u00ebl 2024.<\/p>\n<p>Ce que je sais de toi, Eric Chacour, Philippe Rey 2023.<\/p>\n<p>Nord sentinelle, J\u00e9r\u00f4me Ferrari, Actes Sud 2024.<\/p>\n<p>Les voleurs d\u2019innocence, Sarai Walker, Gallmeister 2023.<\/p>\n<p>La petite bonne, B\u00e9r\u00e9nice P\u00e9chat, Les Avrils 2024.<\/p>\n<p>Les strip-teaseuses ont toujours besoin de conseils juridiques, Iain Levison, Liana Levi 2024.<\/p>\n<p>Le roi et l\u2019Horloger, Arnaldur Indridason, M\u00e9taill\u00e9 2023.<\/p>\n<p>Clara lit Proust, St\u00e9phane Carlier, Folio.<\/p>\n<p>Adieu Zanzibar, Abdulrazak Gurnah, Deno\u00ebl 2022.<\/p>\n<p>J\u2019emporterai le feu, Leila Slimani, Gallimard 2025.<\/p>\n<p>La nuit des p\u00e8res, Ga\u00eblle Josse, Noir sur Blanc 2022.<\/p>\n<p>Terrasses, Laurent Gaud\u00e9, Actes sud 2024.<\/p>\n<p>Le ma\u00eetre d\u2019escrime, Arturo Perez Reverre, Gallimard 2024.<\/p>\n","protected":false},"excerpt":{"rendered":"Avis aux voyageurs immobiles, aux r\u00eaveurs cach\u00e9s dans les jardins, aux inconditionnels de la plage sans baignade, aux&hellip;\n","protected":false},"author":2,"featured_media":193340,"comment_status":"","ping_status":"","sticky":false,"template":"","format":"standard","meta":{"footnotes":""},"categories":[1357],"tags":[33216,17,1379,33214,251,58,59,1011,27,9445,19951,1380,6088,2407,33215],"class_list":{"0":"post-193339","1":"post","2":"type-post","3":"status-publish","4":"format-standard","5":"has-post-thumbnail","7":"category-livres","8":"tag-15-livres","9":"tag-17","10":"tag-books","11":"tag-ceyreste","12":"tag-culture","13":"tag-divertissement","14":"tag-entertainment","15":"tag-fr","16":"tag-france","17":"tag-lassociation","18":"tag-litteraire","19":"tag-livres","20":"tag-propose","21":"tag-ses","22":"tag-taderi-tadera"},"share_on_mastodon":{"url":"https:\/\/pubeurope.com\/@fr\/114721110352766641","error":""},"_links":{"self":[{"href":"https:\/\/www.europesays.com\/fr\/wp-json\/wp\/v2\/posts\/193339","targetHints":{"allow":["GET"]}}],"collection":[{"href":"https:\/\/www.europesays.com\/fr\/wp-json\/wp\/v2\/posts"}],"about":[{"href":"https:\/\/www.europesays.com\/fr\/wp-json\/wp\/v2\/types\/post"}],"author":[{"embeddable":true,"href":"https:\/\/www.europesays.com\/fr\/wp-json\/wp\/v2\/users\/2"}],"replies":[{"embeddable":true,"href":"https:\/\/www.europesays.com\/fr\/wp-json\/wp\/v2\/comments?post=193339"}],"version-history":[{"count":0,"href":"https:\/\/www.europesays.com\/fr\/wp-json\/wp\/v2\/posts\/193339\/revisions"}],"wp:featuredmedia":[{"embeddable":true,"href":"https:\/\/www.europesays.com\/fr\/wp-json\/wp\/v2\/media\/193340"}],"wp:attachment":[{"href":"https:\/\/www.europesays.com\/fr\/wp-json\/wp\/v2\/media?parent=193339"}],"wp:term":[{"taxonomy":"category","embeddable":true,"href":"https:\/\/www.europesays.com\/fr\/wp-json\/wp\/v2\/categories?post=193339"},{"taxonomy":"post_tag","embeddable":true,"href":"https:\/\/www.europesays.com\/fr\/wp-json\/wp\/v2\/tags?post=193339"}],"curies":[{"name":"wp","href":"https:\/\/api.w.org\/{rel}","templated":true}]}}