{"id":193343,"date":"2025-06-21T11:27:12","date_gmt":"2025-06-21T11:27:12","guid":{"rendered":"https:\/\/www.europesays.com\/fr\/193343\/"},"modified":"2025-06-21T11:27:12","modified_gmt":"2025-06-21T11:27:12","slug":"amel-bent-se-confie-a-la-dh-cest-fou-comme-donner-la-vie-cest-comme-accompagner-la-mort","status":"publish","type":"post","link":"https:\/\/www.europesays.com\/fr\/193343\/","title":{"rendered":"Amel Bent\u00a0se confie \u00e0 la DH: \u00ab\u00a0C&rsquo;est fou comme donner la vie, c&rsquo;est comme accompagner la mort\u00a0\u00bb"},"content":{"rendered":"<p class=\"ap-StoryElement ap-StoryElement--mb js-paywall-target ap-StoryText\"><b>C&rsquo;est un album tr\u00e8s intime que vous venez de sortir. \u00cates-vous soulag\u00e9e par l&rsquo;accueil qu&rsquo;il re\u00e7oit ?<\/b><\/p>\n<p class=\"ap-StoryElement ap-StoryElement--mb ap-StoryText\">\u00ab\u00a0Quand j&rsquo;ai \u00e9crit les textes, c&rsquo;est parce que j&rsquo;avais besoin de les \u00e9crire. Quand j&rsquo;ai d\u00e9cid\u00e9 d&rsquo;en faire des chansons, c&rsquo;est parce que j&rsquo;avais besoin de faire ces chansons pour qu&rsquo;elles m&rsquo;accompagnent. Et quand j&rsquo;ai d\u00e9cid\u00e9 que \u00e7a allait \u00eatre mon album, je l&rsquo;ai d\u00e9cid\u00e9 en mon \u00e2me et conscience. Mais c&rsquo;est vrai qu&rsquo;il y a toujours un petit moment o\u00f9 tu te demandes si tu n&rsquo;as pas pouss\u00e9 le curseur un peu trop loin ? Mes chansons sont toujours tr\u00e8s personnelles. J&rsquo;ai eu de l&rsquo;angoisse \u00e0 l&rsquo;id\u00e9e de balancer un titre comme &lsquo;D\u00e9charge mentale&rsquo; (la chanson qui ouvre le disque, NdlR.). Je me suis demand\u00e9 si on n&rsquo;allait pas penser que j&rsquo;\u00e9tais trop fragile. Finalement, j&rsquo;ai re\u00e7u des milliers de messages pour dire &lsquo;merci, c&rsquo;est exactement ce que je vis. Votre chanson est devenue ma chanson. Vous avez mis des mots sur ce que je n&rsquo;arrive pas \u00e0 expliquer \u00e0 mon mari.&rsquo; \u00c7a m&rsquo;a boulevers\u00e9e de me dire que j&rsquo;ai mis des mots sur un truc que des milliers de gens ressentent. Ce n&rsquo;est peut-\u00eatre pas cens\u00e9 \u00eatre un th\u00e8me de chanson et cela explique peut-\u00eatre pourquoi, au d\u00e9but, quand je la faisais, \u00e7a me serrait la gorge. C&rsquo;\u00e9tait comme si j&rsquo;avais d\u00e9pass\u00e9 une fronti\u00e8re. \u00c0 la limite, c&rsquo;est comme si j&rsquo;\u00e9tais en train de vous lire une page de mon journal intime.\u00a0\u00bb<\/p>\n<p class=\"ap-StoryElement ap-StoryElement--mb ap-StoryText\"><b>Tout votre album tient du journal intime, non ?<\/b><\/p>\n<p class=\"ap-StoryElement ap-StoryElement--mb ap-StoryText\">\u00ab\u00a0C&rsquo;est vrai. &lsquo;D\u00e9charge Mentale&rsquo;, qui a \u00e9t\u00e9 la premi\u00e8re chanson, a ouvert la voie. Je l&rsquo;ai fait \u00e9couter \u00e0 mon mari, ma m\u00e8re, ma s\u0153ur, ma banqui\u00e8re et m\u00eame par une personne de la rue qui attendait pour qu&rsquo;on lave sa voiture. Je lui ai demand\u00e9 si la chanson lui parlait. Je lui ai mis mon casque sur les oreilles et elle s&rsquo;est mise \u00e0 pleurer. Si cette chanson me fait du bien et qu&rsquo;elle aide les gens \u00e0 l\u00e2cher quelque chose, il faut que mon album soit comme \u00e7a.\u00a0\u00bb<\/p>\n<p class=\"ap-StoryElement ap-StoryElement--mb ap-StoryText\"><b>Autre particularit\u00e9 de <\/b><b>Minuit une<\/b><b>, c&rsquo;est un album qui s&rsquo;\u00e9coute du d\u00e9but \u00e0 la fin en suivant l&rsquo;ordre des morceaux. C&rsquo;est audacieux parce qu&rsquo;aux antipodes des habitudes actuelles de consommation de la musique\u2026<\/b><\/p>\n<p class=\"ap-StoryElement ap-StoryElement--mb ap-StoryText\">\u00ab\u00a0\u00c7a a \u00e9t\u00e9 une de mes angoisses et c&rsquo;est pour \u00e7a que j&rsquo;ai fait un bel objet (la pochette et le livret sont magnifiques, NdlR). Pour que les gens aient envie d&rsquo;\u00e9couter cet album en lisant les paroles, en passant d&rsquo;une photo \u00e0 l&rsquo;autre dans le livret. J&rsquo;ai tout fait pour que \u00e7a donne envie de l&rsquo;\u00e9couter dans l&rsquo;ordre comme si on allait passer la nuit ensemble. \u00c7a commence par &lsquo;Minuit une&rsquo;, le soir dans mon lit, et la derni\u00e8re chanson, &lsquo;Le sas&rsquo;, se termine par &lsquo;8h du matin, c&rsquo;est d\u00e9j\u00e0 demain&rsquo;. C&rsquo;est une nuit d&rsquo;insomnie transform\u00e9e en nuit de confidence.\u00a0\u00bb<\/p>\n<p class=\"ap-StoryElement ap-StoryElement--mb ap-StoryText\"><b>Quel est votre rapport \u00e0 la nuit ?<\/b><\/p>\n<p class=\"ap-StoryElement ap-StoryElement--mb ap-StoryText\">\u00ab\u00a0Il a \u00e9volu\u00e9. \u00c0 l&rsquo;\u00e2ge de 7-8 ans, il n&rsquo;\u00e9tait pas fou fou. C&rsquo;\u00e9tait comme s&rsquo;il y avait un interrupteur qui passait de &lsquo;off&rsquo; \u00e0 &lsquo;on&rsquo; au moment o\u00f9 \u00e7a devait \u00eatre l&rsquo;inverse. Quand je voyais tout le monde aller se coucher, moi, j&rsquo;avais l&rsquo;impression que mon cerveau s&rsquo;illuminait. Depuis petite j&rsquo;ai souvent essay\u00e9 de trouver des trucs \u00e0 faire le soir : refaire mes placards, trier mon cartable, faire et d\u00e9faire mon lit. Plus je grandissais, plus je faisais des trucs comme bouger les meubles. J&rsquo;ai pens\u00e9 que j&rsquo;\u00e9tais un oiseau de nuit, que ma vie d&rsquo;\u00e9coli\u00e8re faisait que j&rsquo;\u00e9tais oblig\u00e9e de vivre la journ\u00e9e mais qu&rsquo;en fait, je devais vivre la nuit. Au d\u00e9but de ma carri\u00e8re, mes journ\u00e9es commen\u00e7aient plut\u00f4t vers 14h et se finissaient vers 4h du matin. Je n&rsquo;ai pas vu le matin pendant des ann\u00e9es. La maternit\u00e9 m&rsquo;a remise dans un rythme plus classique. Mais j&rsquo;ai le cerveau qui se d\u00e9bat encore un peu quand m\u00eame. Je ne m&rsquo;endors vraiment que par fatigue. Quand je n&rsquo;ai pas eu une journ\u00e9e trop lourde, j&rsquo;ai tendance \u00e0 vite retomber dans mes travers et \u00e0 ne pas trouver le sommeil parce que je n&rsquo;ai pas envie ni besoin. Je cherche des choses \u00e0 faire et \u00e7a peut \u00eatre une source d&rsquo;anxi\u00e9t\u00e9.\u00a0\u00bb<\/p>\n<p><a href=\"https:\/\/www.dhnet.be\/medias\/musique\/2021\/03\/29\/17-ans-plus-tard-benjamin-castaldi-sexcuse-aupres-damel-bent-apres-la-nouvelle-star-TVMX533IGRFRZD3MDFMMYYXUWM\/\" target=\"_blank\" rel=\"noopener noreferrer nofollow\" class=\"ap-StoryInterstitialLink ap-StoryElement ap-StoryElement--mb\">17 ans plus tard, Benjamin Castaldi s&rsquo;excuse aupr\u00e8s d&rsquo;Amel Bent apr\u00e8s la Nouvelle Star<\/a><\/p>\n<p class=\"ap-StoryElement ap-StoryElement--mb ap-StoryText\"><b>La nuit, vous ne cherchez donc pas le silence ?<\/b><\/p>\n<p class=\"ap-StoryElement ap-StoryElement--mb ap-StoryText\">\u00ab\u00a0Il m&rsquo;a fallu transformer ce qui pouvait \u00eatre une source d&rsquo;angoisse en un moment privil\u00e9gi\u00e9 de silence, d&rsquo;intimit\u00e9, un moment o\u00f9 on r\u00e9fl\u00e9chit puis on se met \u00e0 penser, \u00e0 raisonner \u00e0 l&rsquo;infini. C&rsquo;est ce que j&rsquo;ai v\u00e9cu avec Minuit une Je suis partie de ce sommeil qui ne venait pas. J&rsquo;\u00e9tais aussi en deuil, il y avait du chagrin, de la douleur. Je me posais des questions. Tout \u00e0 coup, \u00e7a s&rsquo;est transform\u00e9 en une th\u00e9rapie. Je me suis fait ma propre analyse et j&rsquo;ai commenc\u00e9 \u00e0 red\u00e9cortiquer qui je suis, qu&rsquo;est-ce qui m&#8217;emmerde vraiment, qu&rsquo;est-ce qui me fait peur, qu&rsquo;est-ce qui ne va pas, est-ce qu&rsquo;il y a des choses que je peux changer, est-ce qu&rsquo;il y a des choses pour lesquelles il vaut mieux que j&rsquo;arr\u00eate de me battre parce que c&rsquo;est comme \u00e7a, c&rsquo;est la vie. C&rsquo;est comme \u00e7a que j&rsquo;ai soulev\u00e9 tous les th\u00e8mes de Minuit une.\u00a0\u00bb<\/p>\n<p class=\"ap-StoryElement ap-StoryElement--mb ap-StoryText\"><b>Vu le succ\u00e8s de <\/b><b>Vivante <\/b><b>sorti il y a quatre ans, on s&rsquo;attendait \u00e0 vous revoir plus rapidement avec un nouvel album. Que s&rsquo;est-il pass\u00e9 ?<\/b><\/p>\n<p class=\"ap-StoryElement ap-StoryElement--mb ap-StoryText\">\u00ab\u00a0Moi aussi, <a href=\"https:\/\/www.dhnet.be\/medias\/musique\/2023\/09\/26\/la-route-sarrete-la-pour-moi-le-message-mysterieux-damel-bent-sur-les-reseaux-sociaux-DWT3INNZOFBWJN66HS3RCN6RN4\/\" target=\"_blank\" rel=\"nofollow noopener\">je pensais que d\u00e8s que j&rsquo;allais sortir de sc\u00e8ne, j&rsquo;allais rentrer en studio et quatre mois apr\u00e8s, en sortir avec un single en radio<\/a>. Sauf que non. Quand j&rsquo;ai fini ma tourn\u00e9e en septembre 2023, \u00e7a a \u00e9t\u00e9 le d\u00e9but de la fin de vie de ma grand-m\u00e8re. Je me suis retrouv\u00e9e avec ma famille \u00e0 l&rsquo;accompagner pour ne pas qu&rsquo;elle soit seule, jusqu&rsquo;\u00e0 la fin, le 24 novembre, \u00e0 peine deux mois apr\u00e8s mon dernier concert. Et l\u00e0 il ne s&rsquo;agissait plus du tout de retourner en studio et d&rsquo;aller faire de la musique.\u00a0\u00bb<\/p>\n<p><img loading=\"lazy\" decoding=\"async\" class=\"w-full lazyload lazyload--opacity object-contain\" style=\"aspect-ratio:100 \/ 100;opacity:1\" alt=\"Couverture du 8e album d'Amel Bent intitul\u00e9 &quot;Minuit une&quot;. Le disque est sorti le 16 mai 2025.\" width=\"768\" height=\"768\" fetchpriority=\"auto\" src=\"https:\/\/www.europesays.com\/fr\/wp-content\/uploads\/2025\/04\/1743819792_235_S5VKD3X55FFF3BW6V4SEHXNP7I.png\"  data- data-optimumx=\"1\"\/>La tr\u00e8s belle pochette du 8e album d&rsquo;Amel Bent intitul\u00e9 \u00ab\u00a0Minuit une\u00a0\u00bb. Le disque est sorti le 16 mai 2025. \u00a9D.R.<a href=\"https:\/\/www.dhnet.be\/medias\/musique\/2021\/04\/01\/camelia-jordana-vitaa-et-amel-bent-sortent-une-chanson-contre-marine-le-pen-video-3KG7MHFY5NDXVGKUYBUQTLBVUI\/\" target=\"_blank\" rel=\"noopener noreferrer nofollow\" class=\"ap-StoryInterstitialLink ap-StoryElement ap-StoryElement--mb\">Cam\u00e9lia Jordana, Vitaa et Amel Bent sortent une chanson contre Marine Le Pen (VIDEO)<\/a><\/p>\n<p class=\"ap-StoryElement ap-StoryElement--mb ap-StoryText\"><b>Le ressort \u00e9tait cass\u00e9 ?<\/b><\/p>\n<p class=\"ap-StoryElement ap-StoryElement--mb ap-StoryText\">\u00ab\u00a0Non, mais je n&rsquo;avais pas envie de faire de la musique. Je ne voulais voir personne, j&rsquo;avais envie d&rsquo;\u00eatre aupr\u00e8s de ma famille. J&rsquo;ai fait plein de trucs qui \u00e9taient beaucoup plus importants que faire un disque \u00e0 ce moment-l\u00e0 : nous aider \u00e0 traverser ce moment, \u00e0 nous reconstruire, ne pas culpabiliser aussi. Parce que je trouve que la fin de vie, c&rsquo;est un vrai sujet qu&rsquo;on n&rsquo;aborde pas. Du jour au lendemain, tu te retrouves \u00e0 avoir un r\u00f4le pour lequel tu n&rsquo;es pas pr\u00e9par\u00e9. Tu ne sais pas comment faire quand les personnes \u00e2g\u00e9es ont peur de mourir. Les deux moments de ma vie o\u00f9 j&rsquo;ai \u00e9t\u00e9 perdue, o\u00f9 je n&rsquo;ai pas trouv\u00e9 dans les institutions les r\u00e9ponses, ni dans les livres mais en moi-m\u00eame, c&rsquo;est lorsque j&rsquo;ai accouch\u00e9 la premi\u00e8re fois et lors de la fin de vie de ma grand-m\u00e8re. C&rsquo;est fou comme donner la vie, c&rsquo;est comme accompagner la mort.\u00a0\u00bb<\/p>\n<p class=\"ap-StoryElement ap-StoryElement--mb ap-StoryText\"><b>Ce deuil, vous a fait passer un cap ?<\/b><\/p>\n<p class=\"ap-StoryElement ap-StoryElement--mb ap-StoryText\">\u00ab\u00a0Pour moi, s&rsquo;il y a un avant et un apr\u00e8s dans ma vie, c&rsquo;est celui-l\u00e0. En plus, \u00e7a arrive alors que j&rsquo;entre dans la quarantaine. Je ne le sens pas dans mon corps, mais on m&rsquo;en parle beaucoup. On me dit que 40 ans, c&rsquo;est un cap. Le tournant, c&rsquo;est maintenant : est-ce que tu vas vivre le reste de ta vie comme tu l&rsquo;as commenc\u00e9e, ou est-ce que c&rsquo;est peut-\u00eatre le moment de se dire je me d\u00e9barrasse de \u00e7a, toi je te pardonne, toi je t&rsquo;aime ? Je le sens, il y a une bascule et c&rsquo;est maintenant.\u00a0\u00bb<\/p>\n<p><a href=\"https:\/\/www.dhnet.be\/medias\/television\/2023\/02\/06\/les-cachets-des-coachs-de-the-voice-la-plus-belle-voix-devoiles-T6YKZJKHEZD4XAVIJ5G4L7XONQ\/\" target=\"_blank\" rel=\"noopener noreferrer nofollow\" class=\"ap-StoryInterstitialLink ap-StoryElement ap-StoryElement--mb\">Les cachets des coachs de \u00ab\u00a0The Voice, la plus belle voix\u00a0\u00bb d\u00e9voil\u00e9s<\/a><\/p>\n<p class=\"ap-StoryElement ap-StoryElement--mb ap-StoryText\"><b>Vous f\u00eatez vos 40 ans ce samedi 21 juin. Ce cap est-il aussi une source d&rsquo;angoisse ?<\/b><\/p>\n<p class=\"ap-StoryElement ap-StoryElement--mb ap-StoryText\">\u00ab\u00a0Aucune angoisse. Pour rien au monde, je voudrais revenir 10, 15 ou 20 ans en arri\u00e8re. Mais je ne sais pas si \u00e7a va durer. Mon mari me dit toujours que mes angoisses reviennent m\u00eame par la petite porte quand tout va bien. Mais en ce moment, c&rsquo;est une belle p\u00e9riode. Je suis bien, je ne veux pas revenir en arri\u00e8re. Et demain, je f\u00eate cela en petit comit\u00e9, avec ma moiti\u00e9 et mes trois enfants.\u00a0\u00bb<\/p>\n<p class=\"ap-StoryElement ap-StoryElement--mb ap-StoryText\"><b>Vous aimez \u00e7a, cette notion de famille ?<\/b><\/p>\n<p class=\"ap-StoryElement ap-StoryElement--mb ap-StoryText\">\u00ab\u00a0C&rsquo;est tout ce qui m&rsquo;int\u00e9resse, tout ce que j&rsquo;aime, tout ce qui me rassure. C&rsquo;est mon \u00e9quilibre.\u00a0\u00bb<\/p>\n<p class=\"ap-StoryElement ap-StoryElement--mb ap-StoryText\"><b>Nous discutons de nuit, d&rsquo;angoisses et de deuil alors que votre album est tout sauf sombre\u2026<\/b><\/p>\n<p class=\"ap-StoryElement ap-StoryElement--mb ap-StoryText\">\u00ab\u00a0Il ne faut pas se fier aux apparences. Une petite fille a regard\u00e9 le livret du disque et m&rsquo;a dit qu&rsquo;il est tout noir, l&rsquo;album. Je lui ai dit non, il n&rsquo;est pas noir, il est nuit, ce n&rsquo;est pas exactement la m\u00eame chose. La nuit, \u00e7a peut \u00eatre le monstre sous le lit, les angoisses, les cauchemars, mais c&rsquo;est aussi le r\u00eave et l&rsquo;imaginaire. Et puis surtout, c&rsquo;est l&rsquo;aube qui va arriver, une nouvelle journ\u00e9e qui commence. C&rsquo;est pour \u00e7a qu&rsquo;il s&rsquo;appelle Minuit une et pas Minuit. Parce que c&rsquo;est d\u00e9j\u00e0 demain.\u00a0\u00bb<\/p>\n<p><a href=\"https:\/\/www.dhnet.be\/medias\/television\/2025\/06\/20\/amel-bent-sera-dans-the-voice-kids-belgique-et-marraine-de-la-prochaine-star-academy-elle-repond-en-toute-franchise-MZQBT4I3RFDPFEZ7CSLK26NNVQ\/\" target=\"_blank\" rel=\"noopener noreferrer nofollow\" class=\"ap-StoryInterstitialLink ap-StoryElement ap-StoryElement--mb\">mel Bent sera dans \u00ab\u00a0The Voice Kids\u00a0\u00bb Belgique\u2026 et marraine de la prochaine \u00ab\u00a0Star Academy\u00a0\u00bb ? Elle r\u00e9pond en toute franchise<\/a><\/p>\n<p class=\"ap-StoryElement ap-StoryElement--mb ap-StoryText\"><b>Impossible de ne pas \u00e9voquer \u00ab\u00a0Mauvais r\u00f4le\u00a0\u00bb, une chanson tr\u00e8s marquante de ce nouvel album. Elle parle de violences familiales et de votre maman, c&rsquo;est bien \u00e7a ?<\/b><\/p>\n<p class=\"ap-StoryElement ap-StoryElement--mb ap-StoryText\">\u00ab\u00a0C&rsquo;est le point de d\u00e9part de la chanson mais ce n&rsquo;est pas le plus important. Elle traite d&rsquo;un sujet dont on ne parle pas beaucoup : quand les enfants, parfois, deviennent les parents de leurs parents alors qu&rsquo;ils ne sont encore que des enfants. C&rsquo;est-\u00e0-dire qu&rsquo;ils ont un mauvais r\u00f4le. Petite fille, je me suis retrouv\u00e9e \u00e0 avoir l&rsquo;impression d&rsquo;\u00eatre celle qui allait sauver ma maman mais je ne le pouvais pas puisque je n&rsquo;\u00e9tais qu&rsquo;une enfant. J&rsquo;\u00e9tais press\u00e9e de grandir pour pouvoir faire des choix qui allaient la sauver ou changer sa vie. Quand je suis devenue jeune femme, j&rsquo;ai eu du mal \u00e0 passer le cap de l&rsquo;enfance \u00e0 la vie d&rsquo;adulte parce que j&rsquo;\u00e9tais d\u00e9j\u00e0 une adulte. Apr\u00e8s, forc\u00e9ment, tu cherches des coupables. Et tu mets du temps, parfois, jusqu&rsquo;\u00e0 ce que tu deviennes toi-m\u00eame parent, pour comprendre que c&rsquo;est la faute de personne, qu&rsquo;on ne t&rsquo;a pas distribu\u00e9 le bon r\u00f4le. C&rsquo;est la chanson qui a \u00e9t\u00e9 la plus difficile \u00e0 accoucher. Slimane m&rsquo;a aid\u00e9. On a commenc\u00e9 le texte ensemble, on se comprend de mani\u00e8re instinctive.\u00a0\u00bb<\/p>\n<p class=\"ap-StoryElement ap-StoryElement--mb ap-StoryText\"><b>Comment votre maman a-t-elle accueilli cette chanson quand elle l&rsquo;a entendue ?<\/b><\/p>\n<p class=\"ap-StoryElement ap-StoryElement--mb ap-StoryText\">\u00ab\u00a0Elle a valid\u00e9 la chanson. Je ne sors rien dans mon album qui ne soit pas valid\u00e9 par ceux dont \u00e7a parle. &lsquo;Mima&rsquo; (titre consacr\u00e9 sa grand-m\u00e8re disparue, NdlR.) a \u00e9t\u00e9 valid\u00e9 par toute ma famille, parce que ce n&rsquo;est pas que ma grand-m\u00e8re. C&rsquo;est la m\u00e8re de ma m\u00e8re, de mes tatas, de mon oncle. J&rsquo;ai fait \u00e9couter la chanson \u00e0 tout le monde. &lsquo;Pourquoi tu restes&rsquo; a \u00e9t\u00e9 valid\u00e9e par mon mari, &lsquo;La norme&rsquo; par mes deux filles. Je chante des gens qui ont fait qui je suis et que j&rsquo;aime profond\u00e9ment, mais je raconte aussi nos difficult\u00e9s, nos relations parfois conflictuelles, nos rat\u00e9s, nos espoirs, nos amours et nos chagrins communs. Ils ont un droit, \u00e7a n&rsquo;engage pas que moi.\u00a0\u00bb<\/p>\n","protected":false},"excerpt":{"rendered":"C&rsquo;est un album tr\u00e8s intime que vous venez de sortir. \u00cates-vous soulag\u00e9e par l&rsquo;accueil qu&rsquo;il re\u00e7oit ? \u00ab\u00a0Quand&hellip;\n","protected":false},"author":2,"featured_media":193344,"comment_status":"","ping_status":"","sticky":false,"template":"","format":"standard","meta":{"footnotes":""},"categories":[1355],"tags":[6051,58,59,1011,27,1361,873],"class_list":{"0":"post-193343","1":"post","2":"type-post","3":"status-publish","4":"format-standard","5":"has-post-thumbnail","7":"category-musique","8":"tag-bruxelles-villes","9":"tag-divertissement","10":"tag-entertainment","11":"tag-fr","12":"tag-france","13":"tag-music","14":"tag-musique"},"share_on_mastodon":{"url":"https:\/\/pubeurope.com\/@fr\/114721118319538939","error":""},"_links":{"self":[{"href":"https:\/\/www.europesays.com\/fr\/wp-json\/wp\/v2\/posts\/193343","targetHints":{"allow":["GET"]}}],"collection":[{"href":"https:\/\/www.europesays.com\/fr\/wp-json\/wp\/v2\/posts"}],"about":[{"href":"https:\/\/www.europesays.com\/fr\/wp-json\/wp\/v2\/types\/post"}],"author":[{"embeddable":true,"href":"https:\/\/www.europesays.com\/fr\/wp-json\/wp\/v2\/users\/2"}],"replies":[{"embeddable":true,"href":"https:\/\/www.europesays.com\/fr\/wp-json\/wp\/v2\/comments?post=193343"}],"version-history":[{"count":0,"href":"https:\/\/www.europesays.com\/fr\/wp-json\/wp\/v2\/posts\/193343\/revisions"}],"wp:featuredmedia":[{"embeddable":true,"href":"https:\/\/www.europesays.com\/fr\/wp-json\/wp\/v2\/media\/193344"}],"wp:attachment":[{"href":"https:\/\/www.europesays.com\/fr\/wp-json\/wp\/v2\/media?parent=193343"}],"wp:term":[{"taxonomy":"category","embeddable":true,"href":"https:\/\/www.europesays.com\/fr\/wp-json\/wp\/v2\/categories?post=193343"},{"taxonomy":"post_tag","embeddable":true,"href":"https:\/\/www.europesays.com\/fr\/wp-json\/wp\/v2\/tags?post=193343"}],"curies":[{"name":"wp","href":"https:\/\/api.w.org\/{rel}","templated":true}]}}