{"id":19335,"date":"2025-04-12T07:24:09","date_gmt":"2025-04-12T07:24:09","guid":{"rendered":"https:\/\/www.europesays.com\/fr\/19335\/"},"modified":"2025-04-12T07:24:09","modified_gmt":"2025-04-12T07:24:09","slug":"la-communaute-juive-nicoise-en-peine-le-rabbin-elie-yitzhak-martiano-est-decede","status":"publish","type":"post","link":"https:\/\/www.europesays.com\/fr\/19335\/","title":{"rendered":"La communaut\u00e9 juive ni\u00e7oise en peine: le rabbin Elie Yitzhak Martiano est d\u00e9c\u00e9d\u00e9"},"content":{"rendered":"<p>La communaut\u00e9 juive ni\u00e7oise est dans la peine: <strong>le rabbin Elie Yitzhak Martiano<\/strong> est d\u00e9c\u00e9d\u00e9 dans la nuit de mercredi \u00e0 jeudi. Il avait 85 ans.<\/p>\n<p>Aussit\u00f4t, le maire de Nice Christian Estrosi a post\u00e9 un message X, dans lequel il \u00e9voque \u00ab\u00a0le souvenir de sa voix exceptionnelle d\u2019intensit\u00e9 et d\u2019\u00e9motion lorsqu\u2019il d\u00e9clamait la pri\u00e8re El Mal\u00e9 Rahamim, lors des c\u00e9r\u00e9monies en m\u00e9moire de la Shoah. Nice perd un homme d\u2019une tr\u00e8s grande bont\u00e9 et d\u2019une immense \u00e9rudition&#8230;\u00a0\u00bb<\/p>\n<p>Originaire d\u2019Alg\u00e9rie, Elie Yitzhak Martiano a d\u2019abord v\u00e9cu en Alsace avant d\u2019arriver \u00e0 Nice \u00e0 la fin des ann\u00e9es 1960. Maurice Niddam, pr\u00e9sident du Consistoire isra\u00e9lite de Nice, rappelle qu\u2019il s\u2019occupait \u00ab\u00a0de la surveillance rituelle du Kashrout\u00a0\u00bb, concernant le code alimentaire de la religion juive et \u00ab\u00a0qu\u2019il savait prier selon le rituel Ashk\u00e9naze\u00a0\u00bb.<\/p>\n<p>Inhumation ce vendredi 11 avril<\/p>\n<p>Cet homme bon et pieux a \u0153uvr\u00e9 tr\u00e8s longtemps comme adjoint des deux grands Rabbins Jean Kling et Franck Teboul.<\/p>\n<p>Sa voix a marqu\u00e9 les \u00e2mes. \u00ab\u00a0<strong>C\u2019\u00e9tait un plaisir de l\u2019\u00e9couter<\/strong>, poursuit Maurice Niddam. Il participait \u00e0 tous les \u00e9v\u00e9nements de comm\u00e9moration de la d\u00e9portation \u00e0 travers des pri\u00e8res sp\u00e9cifiques.\u00a0\u00bb L\u2019\u00e9rudition \u00e9tait \u00e9galement une de ses caract\u00e9ristiques, mais le grand savoir d\u2019Elie Martiano cohabitait avec une immense humilit\u00e9. Souvent, on lui demandait son avis, qu\u2019il donnait de mani\u00e8re discr\u00e8te, mais bien sentie, notamment \u00ab\u00a0pour des cas d\u00e9licats de divorces, de probl\u00e8mes familiaux. Il avait toujours les paroles adapt\u00e9es\u00a0\u00bb.<\/p>\n<blockquote class=\"twitter-tweet\">\n<p lang=\"fr\" dir=\"ltr\">J\u2019apprends avec une profonde tristesse ce matin la disparition, cette nuit, du Rabbin consistorial Elie Ytshak Marciano. Je garde le souvenir de sa voix exceptionnelle d\u2019intensit\u00e9 et d\u2019\u00e9motion lorsqu\u2019il d\u00e9clamait la pri\u00e8re El Mal\u00e9 Rahamim, lors des c\u00e9r\u00e9monies en m\u00e9moire de la\u2026<\/p>\n<p>\u2014 Christian Estrosi (@cestrosi) <a href=\"https:\/\/twitter.com\/cestrosi\/status\/1910258775543476409?ref_src=twsrc%5Etfw\" rel=\"nofollow noopener\" target=\"_blank\">April 10, 2025<\/a><\/p><\/blockquote>\n<p>La maladie avait malheureusement rattrap\u00e9 le rabbin, qui avait cess\u00e9 de travailler depuis plusieurs mois. Entour\u00e9 de son \u00e9pouse et de ses quatre enfants, il a tant bien que mal poursuivi son chemin de vie terrestre jusqu\u2019\u00e0 la nuit de mercredi.<\/p>\n<p>Il sera inhum\u00e9 au cimeti\u00e8re isra\u00e9lite du Ch\u00e2teau ce vendredi 11 avril, \u00e0 11 heures.<\/p>\n<p><script async src=\"https:\/\/platform.twitter.com\/widgets.js\" charset=\"utf-8\"><\/script><\/p>\n","protected":false},"excerpt":{"rendered":"La communaut\u00e9 juive ni\u00e7oise est dans la peine: le rabbin Elie Yitzhak Martiano est d\u00e9c\u00e9d\u00e9 dans la nuit&hellip;\n","protected":false},"author":2,"featured_media":19336,"comment_status":"","ping_status":"","sticky":false,"template":"","format":"standard","meta":{"footnotes":""},"categories":[2819],"tags":[1111,11,1777,674,1011,27,12,2401,882,4020,25],"class_list":{"0":"post-19335","1":"post","2":"type-post","3":"status-publish","4":"format-standard","5":"has-post-thumbnail","7":"category-nice","8":"tag-actu","9":"tag-actualites","10":"tag-eu","11":"tag-europe","12":"tag-fr","13":"tag-france","14":"tag-news","15":"tag-nice","16":"tag-provence-alpes-cote-dazur","17":"tag-religion","18":"tag-republique-francaise"},"share_on_mastodon":{"url":"https:\/\/pubeurope.com\/@fr\/114323800898783254","error":""},"_links":{"self":[{"href":"https:\/\/www.europesays.com\/fr\/wp-json\/wp\/v2\/posts\/19335","targetHints":{"allow":["GET"]}}],"collection":[{"href":"https:\/\/www.europesays.com\/fr\/wp-json\/wp\/v2\/posts"}],"about":[{"href":"https:\/\/www.europesays.com\/fr\/wp-json\/wp\/v2\/types\/post"}],"author":[{"embeddable":true,"href":"https:\/\/www.europesays.com\/fr\/wp-json\/wp\/v2\/users\/2"}],"replies":[{"embeddable":true,"href":"https:\/\/www.europesays.com\/fr\/wp-json\/wp\/v2\/comments?post=19335"}],"version-history":[{"count":0,"href":"https:\/\/www.europesays.com\/fr\/wp-json\/wp\/v2\/posts\/19335\/revisions"}],"wp:featuredmedia":[{"embeddable":true,"href":"https:\/\/www.europesays.com\/fr\/wp-json\/wp\/v2\/media\/19336"}],"wp:attachment":[{"href":"https:\/\/www.europesays.com\/fr\/wp-json\/wp\/v2\/media?parent=19335"}],"wp:term":[{"taxonomy":"category","embeddable":true,"href":"https:\/\/www.europesays.com\/fr\/wp-json\/wp\/v2\/categories?post=19335"},{"taxonomy":"post_tag","embeddable":true,"href":"https:\/\/www.europesays.com\/fr\/wp-json\/wp\/v2\/tags?post=19335"}],"curies":[{"name":"wp","href":"https:\/\/api.w.org\/{rel}","templated":true}]}}