{"id":193368,"date":"2025-06-21T11:41:18","date_gmt":"2025-06-21T11:41:18","guid":{"rendered":"https:\/\/www.europesays.com\/fr\/193368\/"},"modified":"2025-06-21T11:41:18","modified_gmt":"2025-06-21T11:41:18","slug":"une-premiere-pour-las-nancy-lorraine-au-stade-yvan-tepus-le-deplacement-du-fc-metz-en-attente-de-confirmation","status":"publish","type":"post","link":"https:\/\/www.europesays.com\/fr\/193368\/","title":{"rendered":"une premi\u00e8re pour l\u2019AS Nancy-Lorraine au stade Yvan-Tepus, le d\u00e9placement du FC Metz en attente de confirmation"},"content":{"rendered":"<p>Les deux clubs de football phares de la Lorraine fouleront-ils la pelouse du Val de l\u2019Orne Football Club (VOFC) cet \u00e9t\u00e9\u00a0? Du c\u00f4t\u00e9 de l\u2019AS Nancy-Lorraine (ASNL), c\u2019est officiel. Vendredi 1er\u00a0ao\u00fbt, l\u2019\u00e9quipe fra\u00eechement promue en Ligue 2 parach\u00e8vera sa pr\u00e9paration \u00e0 Hom\u00e9court, une semaine tout pile avant la reprise du championnat, face \u00e0 une s\u00e9lection de l\u2019Union nationale des footballeurs professionnels (UNFP). Pour assister \u00e0 la premi\u00e8re du <a href=\"https:\/\/www.estrepublicain.fr\/sport\/2025\/05\/17\/as-nancy-lorraine-une-fiesta-tellement-meritee-pour-les-champions-du-national\" target=\"_blank\" rel=\"noopener\">champion de National en titre<\/a> au <a href=\"https:\/\/www.republicain-lorrain.fr\/edition-de-briey\/2016\/09\/18\/yvan-tepus-au-stade-de-la-reconnaissance\" target=\"_blank\" rel=\"noopener\">complexe Yvan-Tepus<\/a> , une billetterie en ligne sera prochainement ouverte. 1\u00a0500 personnes sont attendues.<\/p>\n<p>  En attente du FC Metz<\/p>\n<p>\u00ab\u00a0Si tout se passe bien, c\u2019est la premi\u00e8re fois qu\u2019on aura deux matchs \u00e0 l\u2019intersaison. C\u2019est une belle vitrine pour le club et la ville d\u2019Hom\u00e9court\u00a0\u00bb, se r\u00e9jouit d\u2019avance <a href=\"https:\/\/www.republicain-lorrain.fr\/societe\/2025\/05\/05\/un-club-de-foot-amateur-c-est-une-petite-entreprise\" target=\"_blank\" rel=\"noopener\">Julien Zamichiei, pr\u00e9sident du VOFC<\/a>. Pour cela, il faut encore que <a href=\"https:\/\/www.republicain-lorrain.fr\/sport\/2024\/07\/13\/homecourt-ils-ont-assiste-a-la-premiere-victoire-du-fc-metz-au-complexe-tepus\" target=\"_blank\" rel=\"noopener\">le FC Metz acte sa pr\u00e9sence<\/a>. Le retour des Grenats dans l\u2019\u00e9lite du football fran\u00e7ais chamboule quelque peu l\u2019organisation de la rencontre. \u00ab\u00a0On attend la confirmation d\u2019un match entre le 15 et le 20\u00a0juillet. Mais on n\u2019est pas certain que cela pourra se faire en termes de planning et de logistique\u00a0\u00bb.<\/p>\n","protected":false},"excerpt":{"rendered":"Les deux clubs de football phares de la Lorraine fouleront-ils la pelouse du Val de l\u2019Orne Football Club&hellip;\n","protected":false},"author":2,"featured_media":193369,"comment_status":"","ping_status":"","sticky":false,"template":"","format":"standard","meta":{"footnotes":""},"categories":[9635],"tags":[1111,11,23617,1687,15834,1777,674,1011,27,775,33218,1702,12,25],"class_list":{"0":"post-193368","1":"post","2":"type-post","3":"status-publish","4":"format-standard","5":"has-post-thumbnail","7":"category-nancy","8":"tag-actu","9":"tag-actualites","10":"tag-cc-orne-lorraine-confluences-54e1","11":"tag-culture-loisirs","12":"tag-edition-briey","13":"tag-eu","14":"tag-europe","15":"tag-fr","16":"tag-france","17":"tag-grand-est","18":"tag-homecourt","19":"tag-nancy","20":"tag-news","21":"tag-republique-francaise"},"share_on_mastodon":{"url":"https:\/\/pubeurope.com\/@fr\/114721173276516376","error":""},"_links":{"self":[{"href":"https:\/\/www.europesays.com\/fr\/wp-json\/wp\/v2\/posts\/193368","targetHints":{"allow":["GET"]}}],"collection":[{"href":"https:\/\/www.europesays.com\/fr\/wp-json\/wp\/v2\/posts"}],"about":[{"href":"https:\/\/www.europesays.com\/fr\/wp-json\/wp\/v2\/types\/post"}],"author":[{"embeddable":true,"href":"https:\/\/www.europesays.com\/fr\/wp-json\/wp\/v2\/users\/2"}],"replies":[{"embeddable":true,"href":"https:\/\/www.europesays.com\/fr\/wp-json\/wp\/v2\/comments?post=193368"}],"version-history":[{"count":0,"href":"https:\/\/www.europesays.com\/fr\/wp-json\/wp\/v2\/posts\/193368\/revisions"}],"wp:featuredmedia":[{"embeddable":true,"href":"https:\/\/www.europesays.com\/fr\/wp-json\/wp\/v2\/media\/193369"}],"wp:attachment":[{"href":"https:\/\/www.europesays.com\/fr\/wp-json\/wp\/v2\/media?parent=193368"}],"wp:term":[{"taxonomy":"category","embeddable":true,"href":"https:\/\/www.europesays.com\/fr\/wp-json\/wp\/v2\/categories?post=193368"},{"taxonomy":"post_tag","embeddable":true,"href":"https:\/\/www.europesays.com\/fr\/wp-json\/wp\/v2\/tags?post=193368"}],"curies":[{"name":"wp","href":"https:\/\/api.w.org\/{rel}","templated":true}]}}