{"id":193384,"date":"2025-06-21T11:52:08","date_gmt":"2025-06-21T11:52:08","guid":{"rendered":"https:\/\/www.europesays.com\/fr\/193384\/"},"modified":"2025-06-21T11:52:08","modified_gmt":"2025-06-21T11:52:08","slug":"pourquoi-un-helicoptere-de-la-gendarmerie-a-survole-la-capitale-bretonne-vendredi-soir","status":"publish","type":"post","link":"https:\/\/www.europesays.com\/fr\/193384\/","title":{"rendered":"pourquoi un h\u00e9licopt\u00e8re de la gendarmerie a survol\u00e9 la capitale bretonne vendredi soir"},"content":{"rendered":"<p>            Par<br \/>\n        <strong><br \/>\n            <a href=\"https:\/\/actu.fr\/auteur\/brian-legoff\" title=\"Consulter tous les articles de Brian Le Goff\" rel=\"nofollow noopener\" target=\"_blank\">Brian Le Goff<\/a><br \/>\n        <\/strong><\/p>\n<p>        Publi\u00e9 le<\/p>\n<p>            21 juin 2025 \u00e0 13h39        <\/p>\n<p>Le<strong> bourdonnement du rotor d\u2019h\u00e9licopt\u00e8re<\/strong> a surpris plus d\u2019un habitant de <a href=\"https:\/\/actu.fr\/rennes\/\" rel=\"nofollow noopener\" target=\"_blank\">Rennes<\/a>, vendredi 20\u00a0juin, vers 20h30. En effet, plusieurs d\u2019entre eux ont t\u00e9moign\u00e9 et envoy\u00e9 des vid\u00e9os \u00e0 notre r\u00e9daction.<\/p>\n<p class=\" wall-content\">Sur ces images, on constate en effet que <strong>l\u2019h\u00e9licopt\u00e8re<\/strong> de la <a href=\"https:\/\/actu.fr\/tag\/gendarmerie\" rel=\"nofollow noopener\" target=\"_blank\">gendarmerie<\/a> est en <strong>\u00ab\u2009position stationnaire\u2009\u00bb<\/strong> \u00e0 l\u2019ouest de la capitale bretonne.<\/p>\n<p>\u00ab\u2009Une op\u00e9ration de recherche op\u00e9rationnelle\u2009\u00bb<\/p>\n<p class=\" wall-content\">Selon nos informations, l\u2019a\u00e9ronef intervenait dans le cadre d\u2019une <strong>\u00ab\u2009op\u00e9ration de recherche op\u00e9rationnelle\u2009\u00bb<\/strong>. Un malfaiteur \u00e9tait recherch\u00e9 et les forces de l\u2019ordre ont r\u00e9ussi \u00e0 l\u2019intercepter. Toutefois, nous ne connaissons les raisons de cette interpellation.<\/p>\n<p class=\" wall-content\">Selon <a href=\"https:\/\/www.rennes-infos-autrement.fr\/helico-au-dessus-de-rennes-un-homme-interpelle-apres-des-menaces-contre-la-communaute-juive\/\" rel=\"nofollow noopener\" target=\"_blank\">Rennes Infos Autrement<\/a>, l\u2019homme est<strong> soup\u00e7onn\u00e9 de menaces contre la communaut\u00e9 juive<\/strong>.<\/p>\n<p class=\" wall-content\">Contact\u00e9 peu avant 13h ce samedi 21\u00a0juin, le parquet n\u2019a <strong>pas encore pu nous apporter des pr\u00e9cisions<\/strong> sur cette op\u00e9ration.<\/p>\n<p class=\" wall-content\">Suivez toute l\u2019actualit\u00e9 de vos villes et m\u00e9dias favoris en vous inscrivant \u00e0 <a href=\"https:\/\/moncompte.actu.fr\" title=\"D\u00e9couvez Mon Actu\" rel=\"nofollow noopener\" data-trk=\"{&quot;cta&quot;:{&quot;action&quot;:&quot;https:\\\/\\\/moncompte.actu.fr&quot;,&quot;category&quot;:&quot;mon compte&quot;,&quot;from&quot;:&quot;article footer&quot;,&quot;name&quot;:&quot;Mon actu&quot;,&quot;type&quot;:&quot;cta&quot;}}\" target=\"_blank\">Mon Actu<\/a>.<\/p>\n","protected":false},"excerpt":{"rendered":"Par Brian Le Goff Publi\u00e9 le 21 juin 2025 \u00e0 13h39 Le bourdonnement du rotor d\u2019h\u00e9licopt\u00e8re a surpris&hellip;\n","protected":false},"author":2,"featured_media":193385,"comment_status":"","ping_status":"","sticky":false,"template":"","format":"standard","meta":{"footnotes":""},"categories":[2821],"tags":[1111,11,829,1777,674,118,1011,27,3381,303,12,584,25],"class_list":{"0":"post-193384","1":"post","2":"type-post","3":"status-publish","4":"format-standard","5":"has-post-thumbnail","7":"category-rennes","8":"tag-actu","9":"tag-actualites","10":"tag-bretagne","11":"tag-eu","12":"tag-europe","13":"tag-faits-divers","14":"tag-fr","15":"tag-france","16":"tag-gendarmerie","17":"tag-justice","18":"tag-news","19":"tag-rennes","20":"tag-republique-francaise"},"share_on_mastodon":{"url":"https:\/\/pubeurope.com\/@fr\/114721216691900396","error":""},"_links":{"self":[{"href":"https:\/\/www.europesays.com\/fr\/wp-json\/wp\/v2\/posts\/193384","targetHints":{"allow":["GET"]}}],"collection":[{"href":"https:\/\/www.europesays.com\/fr\/wp-json\/wp\/v2\/posts"}],"about":[{"href":"https:\/\/www.europesays.com\/fr\/wp-json\/wp\/v2\/types\/post"}],"author":[{"embeddable":true,"href":"https:\/\/www.europesays.com\/fr\/wp-json\/wp\/v2\/users\/2"}],"replies":[{"embeddable":true,"href":"https:\/\/www.europesays.com\/fr\/wp-json\/wp\/v2\/comments?post=193384"}],"version-history":[{"count":0,"href":"https:\/\/www.europesays.com\/fr\/wp-json\/wp\/v2\/posts\/193384\/revisions"}],"wp:featuredmedia":[{"embeddable":true,"href":"https:\/\/www.europesays.com\/fr\/wp-json\/wp\/v2\/media\/193385"}],"wp:attachment":[{"href":"https:\/\/www.europesays.com\/fr\/wp-json\/wp\/v2\/media?parent=193384"}],"wp:term":[{"taxonomy":"category","embeddable":true,"href":"https:\/\/www.europesays.com\/fr\/wp-json\/wp\/v2\/categories?post=193384"},{"taxonomy":"post_tag","embeddable":true,"href":"https:\/\/www.europesays.com\/fr\/wp-json\/wp\/v2\/tags?post=193384"}],"curies":[{"name":"wp","href":"https:\/\/api.w.org\/{rel}","templated":true}]}}