{"id":193394,"date":"2025-06-21T11:58:08","date_gmt":"2025-06-21T11:58:08","guid":{"rendered":"https:\/\/www.europesays.com\/fr\/193394\/"},"modified":"2025-06-21T11:58:08","modified_gmt":"2025-06-21T11:58:08","slug":"5-personnes-relogees-suite-a-un-feu-de-cuisine-dans-un-appartement","status":"publish","type":"post","link":"https:\/\/www.europesays.com\/fr\/193394\/","title":{"rendered":"5 personnes relog\u00e9es suite \u00e0 un feu de cuisine dans un appartement"},"content":{"rendered":"<p>            Par<br \/>\n        <strong><br \/>\n            <a href=\"https:\/\/actu.fr\/auteur\/laure-gentil\" title=\"Consulter tous les articles de Laure Gentil\" rel=\"nofollow noopener\" target=\"_blank\">Laure Gentil<\/a><br \/>\n        <\/strong><\/p>\n<p>        Publi\u00e9 le<\/p>\n<p>            21 juin 2025 \u00e0 13h38        <\/p>\n<p>Ce<strong> samedi 21\u00a0juin 2025<\/strong>, les sapeurs-pompiers de <strong>Nantes<\/strong>, sont intervenus vers 10\u2009h\u200919 rue Edmund Hillary, situ\u00e9e non loin du stade de la Beaujoire, pour \u00e9teindre <strong>un feu de cuisine<\/strong> dans un appartement de 100\u00a0m2\u00a0au deuxi\u00e8me \u00e9tage d\u2019un immeuble d\u2019habitation.<\/p>\n<p>Une trentaine de sapeurs-pompiers<\/p>\n<p class=\" wall-content\">Selon le Service d\u00e9partemental d\u2019incendie et de secours de Loire-Atlantique, 25\u00a0personnes ont \u00e9t\u00e9 concern\u00e9es par ce sinistre et 5 d\u2019entre elles doivent \u00eatre <strong>relog\u00e9es par la Nantaise d\u2019Habitations.<\/strong><\/p>\n<p class=\" wall-content\">En tout 29 pompiers ont \u00e9t\u00e9 d\u00e9p\u00each\u00e9s sur place ainsi que la Police nationale, Enedis et GRDF.<\/p>\n<p class=\" wall-content\">Suivez toute l\u2019actualit\u00e9 de vos villes et m\u00e9dias favoris en vous inscrivant \u00e0 <a href=\"https:\/\/moncompte.actu.fr\" title=\"D\u00e9couvez Mon Actu\" rel=\"nofollow noopener\" data-trk=\"{&quot;cta&quot;:{&quot;action&quot;:&quot;https:\\\/\\\/moncompte.actu.fr&quot;,&quot;category&quot;:&quot;mon compte&quot;,&quot;from&quot;:&quot;article footer&quot;,&quot;name&quot;:&quot;Mon actu&quot;,&quot;type&quot;:&quot;cta&quot;}}\" target=\"_blank\">Mon Actu<\/a>.<\/p>\n","protected":false},"excerpt":{"rendered":"Par Laure Gentil Publi\u00e9 le 21 juin 2025 \u00e0 13h38 Ce samedi 21\u00a0juin 2025, les sapeurs-pompiers de Nantes,&hellip;\n","protected":false},"author":2,"featured_media":193395,"comment_status":"","ping_status":"","sticky":false,"template":"","format":"standard","meta":{"footnotes":""},"categories":[2818],"tags":[1111,11,1777,674,118,1011,27,766,12,2636,1311,25],"class_list":{"0":"post-193394","1":"post","2":"type-post","3":"status-publish","4":"format-standard","5":"has-post-thumbnail","7":"category-nantes","8":"tag-actu","9":"tag-actualites","10":"tag-eu","11":"tag-europe","12":"tag-faits-divers","13":"tag-fr","14":"tag-france","15":"tag-nantes","16":"tag-news","17":"tag-pays-de-la-loire","18":"tag-pompiers","19":"tag-republique-francaise"},"share_on_mastodon":{"url":"https:\/\/pubeurope.com\/@fr\/114721240204331536","error":""},"_links":{"self":[{"href":"https:\/\/www.europesays.com\/fr\/wp-json\/wp\/v2\/posts\/193394","targetHints":{"allow":["GET"]}}],"collection":[{"href":"https:\/\/www.europesays.com\/fr\/wp-json\/wp\/v2\/posts"}],"about":[{"href":"https:\/\/www.europesays.com\/fr\/wp-json\/wp\/v2\/types\/post"}],"author":[{"embeddable":true,"href":"https:\/\/www.europesays.com\/fr\/wp-json\/wp\/v2\/users\/2"}],"replies":[{"embeddable":true,"href":"https:\/\/www.europesays.com\/fr\/wp-json\/wp\/v2\/comments?post=193394"}],"version-history":[{"count":0,"href":"https:\/\/www.europesays.com\/fr\/wp-json\/wp\/v2\/posts\/193394\/revisions"}],"wp:featuredmedia":[{"embeddable":true,"href":"https:\/\/www.europesays.com\/fr\/wp-json\/wp\/v2\/media\/193395"}],"wp:attachment":[{"href":"https:\/\/www.europesays.com\/fr\/wp-json\/wp\/v2\/media?parent=193394"}],"wp:term":[{"taxonomy":"category","embeddable":true,"href":"https:\/\/www.europesays.com\/fr\/wp-json\/wp\/v2\/categories?post=193394"},{"taxonomy":"post_tag","embeddable":true,"href":"https:\/\/www.europesays.com\/fr\/wp-json\/wp\/v2\/tags?post=193394"}],"curies":[{"name":"wp","href":"https:\/\/api.w.org\/{rel}","templated":true}]}}