{"id":193396,"date":"2025-06-21T11:59:10","date_gmt":"2025-06-21T11:59:10","guid":{"rendered":"https:\/\/www.europesays.com\/fr\/193396\/"},"modified":"2025-06-21T11:59:10","modified_gmt":"2025-06-21T11:59:10","slug":"on-envisage-toutes-les-theories","status":"publish","type":"post","link":"https:\/\/www.europesays.com\/fr\/193396\/","title":{"rendered":"On envisage toutes les th\u00e9ories"},"content":{"rendered":"<p>            Par<br \/>\n        <strong><br \/>\n            <a href=\"https:\/\/actu.fr\/auteur\/anaelle-montagne\" title=\"Consulter tous les articles de Anaelle Montagne\" rel=\"nofollow noopener\" target=\"_blank\">Anaelle Montagne<\/a><br \/>\n        <\/strong><\/p>\n<p>        Publi\u00e9 le<\/p>\n<p>            21 juin 2025 \u00e0 6h56        <\/p>\n<p>Elle est partie avec son sac \u00e0 dos et sa banane, <strong>laissant derri\u00e8re elle ses papiers d\u2019identit\u00e9<\/strong> et toutes ses affaires personnelles. Odile Chantrelle-Vincent, une m\u00e8re de famille de Bruges (dans la m\u00e9tropole de Bordeaux), <a href=\"https:\/\/actu.fr\/nouvelle-aquitaine\/bruges_33075\/disparition-inquietante-pres-de-bordeaux-une-femme-de-54-ans-est-recherchee-par-la-police_62510187.html\" rel=\"nofollow noopener\" target=\"_blank\">a disparu le 10 avril 2025<\/a>. Deux mois ont pass\u00e9 mais son compagnon \u00c9ric et sa fille Clara restent<strong> sans la moindre nouvelle<\/strong>. \u00ab\u00a0C\u2019est incompr\u00e9hensible. <strong>Comment aurait-elle pu laisser Clara ?<\/strong> Elle \u00e9tait toute sa vie\u00a0\u00bb, l\u00e2che \u00c9ric, le teint blafard. Comptable de profession, Odile partage sa vie depuis 16 ans. \u00ab\u00a0On ne s\u2019engueulait pas, on n\u2019avait pas de gros probl\u00e8mes\u00a0\u00bb, assure-t-il.<\/p>\n<p class=\" wall-content\">Certes, son quotidien pouvait \u00eatre stressant : elle est la tutrice l\u00e9gale de son fr\u00e8re handicap\u00e9 et s\u2019occupait r\u00e9guli\u00e8rement de sa m\u00e8re malade. Mais selon \u00c9ric, <strong>\u00ab\u00a0il n\u2019y avait rien d\u2019alarmant\u00a0\u00bb<\/strong>. Le couple avait d\u2019ailleurs pris une semaine de cong\u00e9s, qui devait d\u00e9buter prochainement. Et puis tout a bascul\u00e9.<\/p>\n<p>Les clefs dans la bo\u00eete aux lettres<\/p>\n<p class=\" wall-content\">Rong\u00e9 par l\u2019inqui\u00e9tude, \u00c9ric ne cesse de se refaire le film des derniers instants o\u00f9 elle a \u00e9t\u00e9 vue vivante. La veille de la disparition, il rentre d\u2019un d\u00eener \u00e0 22h30. La lumi\u00e8re de la chambre d\u2019Odile est \u00e9teinte \u2013 le couple fait chambre \u00e0 part \u2013 alors<strong> il se dit qu\u2019elle doit dormir<\/strong>. Il ne la croise pas le lendemain matin non plus mais ne s\u2019en inqui\u00e8te pas.<\/p>\n<p class=\" wall-content\">En d\u00e9placement toute la journ\u00e9e du 10 avril, \u00c9ric rentre en fin d\u2019apr\u00e8s-midi et v\u00e9rifie<strong> la bo\u00eete aux lettres<\/strong>, machinalement. Les clefs de sa compagne sont pos\u00e9es \u00e0 l\u2019int\u00e9rieur.<\/p>\n<p class=\" wall-content\">Surpris, il lui t\u00e9l\u00e9phone. Pas de r\u00e9ponse. Il monte \u00e0 l\u2019appartement, elle n\u2019y est pas. Nouveau coup de fil\u2026 Il entend la sonnerie et finit par trouver le portable dans la chambre. \u00c0 c\u00f4t\u00e9 se trouve le portefeuille d\u2019Odile, avec tous ses papiers et sa carte bleue. <strong>\u00ab\u00a0L\u00e0, j\u2019ai compris qu\u2019il y avait un probl\u00e8me.\u00a0\u00bb<\/strong><\/p>\n<p>\u00ab\u00a0La panique totale\u00a0\u00bb<\/p>\n<p class=\" wall-content\">Paniqu\u00e9, le Girondin contacte les coll\u00e8gues de sa compagne, mais personne n\u2019a eu de nouvelles d\u2019elle. Contact\u00e9e, <strong>la police<\/strong> envoie rapidement une brigade au domicile du couple. L\u2019appartement est fouill\u00e9, des chiens tentent de pister l\u2019odeur d\u2019Odile\u2026 Rien. Elle n\u2019est pas non plus chez sa m\u00e8re, malade, chez qui elle dort au moins une fois par semaine.<\/p>\n<blockquote class=\"ac-article-quote wall-content\">\n<p>C&rsquo;est la panique totale. On ne comprend pas, toutes les th\u00e9ories nous traversent l&rsquo;esprit.<\/p>\n<p>    <strong>\u00c9ric<\/strong><br \/>\n        Mari d&rsquo;Odile    <\/p><\/blockquote>\n<p class=\" wall-content\">Trois jours passent, rien n\u2019avance. Un <a href=\"https:\/\/actu.fr\/tag\/appel-a-temoins\" rel=\"nofollow noopener\" target=\"_blank\">appel \u00e0 t\u00e9moins<\/a> est lanc\u00e9, mais aucun signe d\u2019Odile. Et puis \u00c9ric rencontre une enqu\u00eatrice et r\u00e9alise le travail de fond qui vient d\u2019\u00eatre men\u00e9. <strong>\u00ab\u00a0Ils ont<\/strong> <strong>tout fouill\u00e9<\/strong> : t\u00e9l\u00e9phone, ordinateur, messageries, emploi du temps\u2026\u00a0\u00bb Sans oublier le bornage de la <a href=\"https:\/\/actu.fr\/tag\/tbm\" rel=\"nofollow noopener\" target=\"_blank\">carte TBM<\/a> d\u2019Odile et les <a href=\"https:\/\/actu.fr\/tag\/videosurveillance\" rel=\"nofollow noopener\" target=\"_blank\">images de vid\u00e9osurveillance<\/a> de la r\u00e9sidence. Ces efforts permettent de tracer son itin\u00e9raire les 9 et 10 avril.<\/p>\n<p>Itin\u00e9raire d\u2019une disparition<\/p>\n<p class=\" wall-content\">La veille de la disparition, Odile finit de travailler tard pour boucler un dossier qu\u2019elle ne doit pourtant rendre que la semaine suivante. Les cam\u00e9ras de surveillance la filment <strong>quitter la r\u00e9sidence \u00e0 22h15<\/strong>, soit un quart d\u2019heure avant qu\u2019\u00c9ric ne rentre de son d\u00eener. Elle ne dormira pas \u00e0 l\u2019appartement, contrairement \u00e0 ce qu\u2019il croyait.<\/p>\n<p class=\" wall-content\">Le 10 avril au matin, la m\u00e8re de famille prend le tram \u00e0 l\u2019arr\u00eat Courbet, non loin de chez sa m\u00e8re. Cette derni\u00e8re n\u2019est pas en capacit\u00e9 de confirmer si elle a dormi chez elle.\u00a0<\/p>\n<p class=\" wall-content\"><strong>\u00c0 8h40, Odile entre dans l\u2019appartement, puis repart \u00e0 10h50.<\/strong> \u00ab\u00a0La seule chose qu\u2019on sait, c\u2019est qu\u2019elle a utilis\u00e9 son pass TBM \u00e0 Porte de Bourgogne, un endroit o\u00f9 on ne va jamais\u00a0\u00bb, explique son conjoint. Ensuite, elle retourne \u00e0 son domicile, v\u00e9rifie la bo\u00eete aux lettres en passant et monte \u00e0 l\u2019appartement. \u00ab\u00a0L\u00e0, je pense qu\u2019elle voit arriver le facteur depuis le balcon, et elle redescend imm\u00e9diatement.\u00a0\u00bb<\/p>\n<p class=\" wall-content\">D\u00e8s que le postier part,<strong> elle se pr\u00e9cipite \u00e0 la bo\u00eete aux lettres<\/strong> et y r\u00e9cup\u00e8re quelque chose. Qu\u2019y avait-il \u00e0 l\u2019int\u00e9rieur ? Cette question continue de hanter \u00c9ric. Car vers 14 heures, apr\u00e8s \u00eatre remont\u00e9e une derni\u00e8re fois, sa compagne quitte le domicile avec son sac \u00e0 dos Little Marcel et sa banane. Son pass TBM bornera \u00e0 22h30 \u00e0 l\u2019Hippodrome. Ce sont <strong>les derniers signes de vie d\u2019Odile<\/strong>.<\/p>\n<p>1 200 euros en liquide<\/p>\n<p class=\" wall-content\">\u00ab\u00a0Tous ces \u00e9l\u00e9ments indiquent qu\u2019elle est partie de son plein gr\u00e9, confirme \u00c9ric. Mais il y a trop d\u2019incoh\u00e9rences.\u00a0\u00bb<\/p>\n<p class=\" wall-content\">Il bloque notamment sur un \u00e9l\u00e9ment : <strong>Odile a laiss\u00e9 1 200 euros en liquide<\/strong>, dans son portefeuille rest\u00e9 \u00e0 l\u2019appartement. Elle faisait r\u00e9guli\u00e8rement la comptabilit\u00e9 d\u2019un proche \u00e0 elle, qui la payait en liquide, ce qui peut expliquer qu\u2019elle poss\u00e8de une telle somme.<\/p>\n<p class=\" wall-content\">Ce qu\u2019\u00c9ric ne comprend pas, c\u2019est <strong>qu\u2019elle n\u2019ait pas emport\u00e9 cet argent avec elle<\/strong>. \u00ab\u00a0\u00c7a lui aurait permis de s\u2019en sortir sans carte bleue, sans ses papiers\u00a0\u00bb, insiste-t-il. Depuis le 10 avril, il n\u2019y a eu aucun mouvement sur ses comptes, qui n\u2019ont pas \u00e9t\u00e9 vid\u00e9s au pr\u00e9alable.\u00a0<\/p>\n<p>\u00ab\u00a0Si tu as envie de rentrer, tu es attendue\u00a0\u00bb<\/p>\n<p class=\" wall-content\">Il craint que sa conjointe ne soit dans la rue, en danger. \u00ab\u00a0On pense \u00e0 tout. \u00c0 une secte, un d\u00e9part pour une retraite quelque part\u2026 et m\u00eame au suicide. Mais pourquoi serait-elle partie avec son sac et sa banane dans ce cas ?\u00a0\u00bb, souffle \u00c9ric. <strong>Il lui para\u00eet impossible qu\u2019elle choisisse d\u2019abandonner sa fille<\/strong> : \u00ab\u00a0Je le r\u00e9p\u00e8te, c\u2019\u00e9tait toute sa vie.\u00a0\u00bb<\/p>\n<p class=\" wall-content\">Aujourd\u2019hui, \u00c9ric et Clara esp\u00e8rent que leur message parviendra aux oreilles d\u2019Odile. \u00ab\u00a0On veut lui dire :<strong>\u00a0si tu as envie de rentrer, tu es attendue<\/strong>. Si tu as des soucis, on les r\u00e8glera ensemble. Et si tu ne veux pas rentrer, on peut le comprendre, mais dis-nous que tu vas bien. \u00c7a nous rend malades de ne pas savoir.\u00a0\u00bb\u00a0<\/p>\n<p class=\" wall-content\">Le 20 mai, un mois apr\u00e8s la disparition, <strong>Clara a f\u00eat\u00e9 ses 20 ans<\/strong>. \u00ab\u00a0On esp\u00e9rait un signe, un message, mais il n\u2019y a rien eu\u00a0\u00bb, d\u00e9plore \u00c9ric.\u00a0<\/p>\n<p class=\" wall-content\">L\u2019enqu\u00eate continue pour tenter de retrouver Odile. Si vous pensez l\u2019avoir vue, contactez le service enqu\u00eateur au 05.57.85.70.03 ou 06.79.69.82.21.<\/p>\n<p class=\" wall-content\">Suivez toute l\u2019actualit\u00e9 de vos villes et m\u00e9dias favoris en vous inscrivant \u00e0 <a href=\"https:\/\/moncompte.actu.fr\" title=\"D\u00e9couvez Mon Actu\" rel=\"nofollow noopener\" data-trk=\"{&quot;cta&quot;:{&quot;action&quot;:&quot;https:\\\/\\\/moncompte.actu.fr&quot;,&quot;category&quot;:&quot;mon compte&quot;,&quot;from&quot;:&quot;article footer&quot;,&quot;name&quot;:&quot;Mon actu&quot;,&quot;type&quot;:&quot;cta&quot;}}\" target=\"_blank\">Mon Actu<\/a>.<\/p>\n<ul class=\"ac-article-tag wall-content\">\n<li><a href=\"https:\/\/actu.fr\/tag\/appel-a-temoins\" data-trk=\"{&quot;cta&quot;:{&quot;action&quot;:&quot;Appel \\u00e0 t\\u00e9moins&quot;,&quot;category&quot;:&quot;tag&quot;,&quot;from&quot;:&quot;article footer&quot;,&quot;name&quot;:&quot;Appel \\u00e0 t\\u00e9moins&quot;,&quot;type&quot;:&quot;cta&quot;}}\" rel=\"nofollow noopener\" target=\"_blank\">#Appel \u00e0 t\u00e9moins<\/a><\/li>\n<li><a href=\"https:\/\/actu.fr\/tag\/disparition\" data-trk=\"{&quot;cta&quot;:{&quot;action&quot;:&quot;Disparition inqui\\u00e9tante&quot;,&quot;category&quot;:&quot;tag&quot;,&quot;from&quot;:&quot;article footer&quot;,&quot;name&quot;:&quot;Disparition inqui\\u00e9tante&quot;,&quot;type&quot;:&quot;cta&quot;}}\" rel=\"nofollow noopener\" target=\"_blank\">#Disparition inqui\u00e9tante<\/a><\/li>\n<\/ul>\n","protected":false},"excerpt":{"rendered":"Par Anaelle Montagne Publi\u00e9 le 21 juin 2025 \u00e0 6h56 Elle est partie avec son sac \u00e0 dos&hellip;\n","protected":false},"author":2,"featured_media":193397,"comment_status":"","ping_status":"","sticky":false,"template":"","format":"standard","meta":{"footnotes":""},"categories":[2817],"tags":[1111,11,4260,1997,3676,1777,674,1011,27,12,2219,25,104],"class_list":{"0":"post-193396","1":"post","2":"type-post","3":"status-publish","4":"format-standard","5":"has-post-thumbnail","7":"category-bordeaux","8":"tag-actu","9":"tag-actualites","10":"tag-appel-a-temoins","11":"tag-bordeaux","12":"tag-disparition-inquietante","13":"tag-eu","14":"tag-europe","15":"tag-fr","16":"tag-france","17":"tag-news","18":"tag-nouvelle-aquitaine","19":"tag-republique-francaise","20":"tag-societe"},"share_on_mastodon":{"url":"https:\/\/pubeurope.com\/@fr\/114721244118965672","error":""},"_links":{"self":[{"href":"https:\/\/www.europesays.com\/fr\/wp-json\/wp\/v2\/posts\/193396","targetHints":{"allow":["GET"]}}],"collection":[{"href":"https:\/\/www.europesays.com\/fr\/wp-json\/wp\/v2\/posts"}],"about":[{"href":"https:\/\/www.europesays.com\/fr\/wp-json\/wp\/v2\/types\/post"}],"author":[{"embeddable":true,"href":"https:\/\/www.europesays.com\/fr\/wp-json\/wp\/v2\/users\/2"}],"replies":[{"embeddable":true,"href":"https:\/\/www.europesays.com\/fr\/wp-json\/wp\/v2\/comments?post=193396"}],"version-history":[{"count":0,"href":"https:\/\/www.europesays.com\/fr\/wp-json\/wp\/v2\/posts\/193396\/revisions"}],"wp:featuredmedia":[{"embeddable":true,"href":"https:\/\/www.europesays.com\/fr\/wp-json\/wp\/v2\/media\/193397"}],"wp:attachment":[{"href":"https:\/\/www.europesays.com\/fr\/wp-json\/wp\/v2\/media?parent=193396"}],"wp:term":[{"taxonomy":"category","embeddable":true,"href":"https:\/\/www.europesays.com\/fr\/wp-json\/wp\/v2\/categories?post=193396"},{"taxonomy":"post_tag","embeddable":true,"href":"https:\/\/www.europesays.com\/fr\/wp-json\/wp\/v2\/tags?post=193396"}],"curies":[{"name":"wp","href":"https:\/\/api.w.org\/{rel}","templated":true}]}}