{"id":193406,"date":"2025-06-21T12:04:10","date_gmt":"2025-06-21T12:04:10","guid":{"rendered":"https:\/\/www.europesays.com\/fr\/193406\/"},"modified":"2025-06-21T12:04:10","modified_gmt":"2025-06-21T12:04:10","slug":"fete-de-la-musique-a-grand-scene-evenements","status":"publish","type":"post","link":"https:\/\/www.europesays.com\/fr\/193406\/","title":{"rendered":"F\u00eate de la musique \u00e0 Grand Sc\u00e8ne \/ \u00c9v\u00e9nements"},"content":{"rendered":"<p>\n                                                                        Le 21 juin 2025<br \/>\n\t\t\t\t\t\t\t\t\t\t\tde 17h00 \u00e0 23h30\n\t\t\t\t\t                                        <\/p>\n<p class=\"subtitle\">\u00e0 <strong><br \/>\nGrand Sc\u00e8ne<\/strong><\/p>\n<p>Cette ann\u00e9e, une vraie promesse \u00e0 Grand Sc\u00e8ne : celle de vivre une F\u00eate de la Musique joyeuse, vivante et profond\u00e9ment humaine.<\/p>\n<p>            <img loading=\"lazy\" decoding=\"async\" src=\"\/var\/www\/storage\/images\/mediatheque\/mairie-de-lille\/images-openagenda\/fete-de-la-musique-a-grand-scene\/3790442-1-fre-FR\/Fete-de-la-musique-a-Grand-Scene_news_image_top.jpg\" width=\"779\" height=\"519\" alt=\"F\u00eate de la musique \u00e0 Grand Sc\u00e8ne\"\/><\/p>\n<p>\nF\u00caTE DE LA MUSIQUE \u00c0 GRAND SC\u00c8NE &#8211; MUSIQUE LIVE \u00c0 TOUS LES \u00c9TAGES !<br \/>Cette ann\u00e9e, pour la F\u00eate de la Musique, Grand Sc\u00e8ne sort des sentiers battus et vous propose une soir\u00e9e vibrante, g\u00e9n\u00e9reuse et pleine de d\u00e9couvertes musicales.<br \/>D\u00e8s 17h, la terrasse s\u2019ouvre aux artistes locaux avec une sc\u00e8ne ouverte conviviale pour accompagner l\u2019ap\u00e9ro en douceur. \u00c0 20h30, place \u00e0 l\u2019\u00e9nergie festive et d\u00e9brid\u00e9e du groupe Les Flamands Reuzes, avec leurs reprises de rock fran\u00e7ais et international pour un live qui fera danser toute la rue de B\u00e9thune. Et d\u00e8s 21h30, changement d\u2019ambiance \u00e0 l\u2019\u00e9tage : direction l\u2019Inde avec une performance Bollywood en live, parfaite pour d\u00eener ou prolonger la f\u00eate.<br \/>Le tout rythm\u00e9 par une offre de streetfood savoureuse et vari\u00e9e, des comptoirs \u00e0 cocktails, de la bi\u00e8re fra\u00eeche et une ambiance chaleureuse \u00e0 tous les \u00e9tages.<br \/>Cette ann\u00e9e, une vraie promesse \u00e0 Grand Sc\u00e8ne : celle de vivre une F\u00eate de la Musique joyeuse, vivante et profond\u00e9ment humaine.<\/p>\n<p>        \t\t                        Infos pratiques<\/p>\n<p>                    Adresse<\/p>\n<p>31 rue de B\u00e9thune lille<\/p>\n<p>                                                            Voir le plan<\/p>\n<p>\n                    PublicsDe  \u00e0  ans<\/p>\n<p>                            Horaires<\/p>\n<p class=\"textAlone\">Le 21\/06\/2025 de 17:00 \u00e0 23:30<\/p>\n","protected":false},"excerpt":{"rendered":"Le 21 juin 2025 de 17h00 \u00e0 23h30 \u00e0 Grand Sc\u00e8ne Cette ann\u00e9e, une vraie promesse \u00e0 Grand&hellip;\n","protected":false},"author":2,"featured_media":193407,"comment_status":"","ping_status":"","sticky":false,"template":"","format":"standard","meta":{"footnotes":""},"categories":[2815],"tags":[1111,11,4763,1777,674,1011,27,811,1307,5415,12,25],"class_list":{"0":"post-193406","1":"post","2":"type-post","3":"status-publish","4":"format-standard","5":"has-post-thumbnail","7":"category-lille","8":"tag-actu","9":"tag-actualites","10":"tag-agenda","11":"tag-eu","12":"tag-europe","13":"tag-fr","14":"tag-france","15":"tag-hauts-de-france","16":"tag-lille","17":"tag-mairie","18":"tag-news","19":"tag-republique-francaise"},"share_on_mastodon":{"url":"https:\/\/pubeurope.com\/@fr\/114721263937373890","error":""},"_links":{"self":[{"href":"https:\/\/www.europesays.com\/fr\/wp-json\/wp\/v2\/posts\/193406","targetHints":{"allow":["GET"]}}],"collection":[{"href":"https:\/\/www.europesays.com\/fr\/wp-json\/wp\/v2\/posts"}],"about":[{"href":"https:\/\/www.europesays.com\/fr\/wp-json\/wp\/v2\/types\/post"}],"author":[{"embeddable":true,"href":"https:\/\/www.europesays.com\/fr\/wp-json\/wp\/v2\/users\/2"}],"replies":[{"embeddable":true,"href":"https:\/\/www.europesays.com\/fr\/wp-json\/wp\/v2\/comments?post=193406"}],"version-history":[{"count":0,"href":"https:\/\/www.europesays.com\/fr\/wp-json\/wp\/v2\/posts\/193406\/revisions"}],"wp:featuredmedia":[{"embeddable":true,"href":"https:\/\/www.europesays.com\/fr\/wp-json\/wp\/v2\/media\/193407"}],"wp:attachment":[{"href":"https:\/\/www.europesays.com\/fr\/wp-json\/wp\/v2\/media?parent=193406"}],"wp:term":[{"taxonomy":"category","embeddable":true,"href":"https:\/\/www.europesays.com\/fr\/wp-json\/wp\/v2\/categories?post=193406"},{"taxonomy":"post_tag","embeddable":true,"href":"https:\/\/www.europesays.com\/fr\/wp-json\/wp\/v2\/tags?post=193406"}],"curies":[{"name":"wp","href":"https:\/\/api.w.org\/{rel}","templated":true}]}}