{"id":193408,"date":"2025-06-21T12:05:11","date_gmt":"2025-06-21T12:05:11","guid":{"rendered":"https:\/\/www.europesays.com\/fr\/193408\/"},"modified":"2025-06-21T12:05:11","modified_gmt":"2025-06-21T12:05:11","slug":"un-producteur-du-min-tue-par-balles-pour-sa-recette","status":"publish","type":"post","link":"https:\/\/www.europesays.com\/fr\/193408\/","title":{"rendered":"Un producteur du MIN tu\u00e9 par balles pour sa recette ?"},"content":{"rendered":"\n<p>Marins-pompiers, police municipale, nationale et Samu ont converg\u00e9 ce samedi matin vers 7h au MIN des Arnavaux (14e). Mais ils n\u2019ont pu sauver ce marchands de fruits, cible de tirs.<\/p>\n<p>Un utilitaire avec \u00e0 son bord deux hommes cagoul\u00e9s et v\u00eatus de noir est rentr\u00e9 dans le MIN un peu plus t\u00f4t, le passager tirant sur la victime avant de lui prendre sa sacoche et de remonter dans la voiture, perdant au passage une grosse somme d\u2019argent a-t-on appris de source polici\u00e8re.<\/p>\n<p>L\u2019enqu\u00eate a \u00e9t\u00e9 confi\u00e9e \u00e0 la PJ.<\/p>\n<p>Le maire de Marseille, Beno\u00eet Payan (DVG), a r\u00e9agi sur les r\u00e9seaux d\u00e9non\u00e7ant \u00ab l\u2019assassinat ignoble d\u2019un producteur \u00bb et condamnant \u00ab \u00ab avec la plus grande fermet\u00e9 \u00bb, cet \u00ab acte de l\u00e2chet\u00e9. \u00bb Et d\u2019assurer que \u00ab la Ville de Marseille se tient aux c\u00f4t\u00e9s de l\u2019ensemble des employ\u00e9s et agriculteurs du March\u00e9 des Arnavaux dans cette \u00e9preuve terrible. \u00bb<\/p>\n","protected":false},"excerpt":{"rendered":"Marins-pompiers, police municipale, nationale et Samu ont converg\u00e9 ce samedi matin vers 7h au MIN des Arnavaux (14e).&hellip;\n","protected":false},"author":2,"featured_media":193409,"comment_status":"","ping_status":"","sticky":false,"template":"","format":"standard","meta":{"footnotes":""},"categories":[2814],"tags":[1111,11,1777,674,1011,27,884,12,882,25,9418],"class_list":{"0":"post-193408","1":"post","2":"type-post","3":"status-publish","4":"format-standard","5":"has-post-thumbnail","7":"category-marseille","8":"tag-actu","9":"tag-actualites","10":"tag-eu","11":"tag-europe","12":"tag-fr","13":"tag-france","14":"tag-marseille","15":"tag-news","16":"tag-provence-alpes-cote-dazur","17":"tag-republique-francaise","18":"tag-victime"},"share_on_mastodon":{"url":"https:\/\/pubeurope.com\/@fr\/114721267644754379","error":""},"_links":{"self":[{"href":"https:\/\/www.europesays.com\/fr\/wp-json\/wp\/v2\/posts\/193408","targetHints":{"allow":["GET"]}}],"collection":[{"href":"https:\/\/www.europesays.com\/fr\/wp-json\/wp\/v2\/posts"}],"about":[{"href":"https:\/\/www.europesays.com\/fr\/wp-json\/wp\/v2\/types\/post"}],"author":[{"embeddable":true,"href":"https:\/\/www.europesays.com\/fr\/wp-json\/wp\/v2\/users\/2"}],"replies":[{"embeddable":true,"href":"https:\/\/www.europesays.com\/fr\/wp-json\/wp\/v2\/comments?post=193408"}],"version-history":[{"count":0,"href":"https:\/\/www.europesays.com\/fr\/wp-json\/wp\/v2\/posts\/193408\/revisions"}],"wp:featuredmedia":[{"embeddable":true,"href":"https:\/\/www.europesays.com\/fr\/wp-json\/wp\/v2\/media\/193409"}],"wp:attachment":[{"href":"https:\/\/www.europesays.com\/fr\/wp-json\/wp\/v2\/media?parent=193408"}],"wp:term":[{"taxonomy":"category","embeddable":true,"href":"https:\/\/www.europesays.com\/fr\/wp-json\/wp\/v2\/categories?post=193408"},{"taxonomy":"post_tag","embeddable":true,"href":"https:\/\/www.europesays.com\/fr\/wp-json\/wp\/v2\/tags?post=193408"}],"curies":[{"name":"wp","href":"https:\/\/api.w.org\/{rel}","templated":true}]}}