{"id":193410,"date":"2025-06-21T12:06:17","date_gmt":"2025-06-21T12:06:17","guid":{"rendered":"https:\/\/www.europesays.com\/fr\/193410\/"},"modified":"2025-06-21T12:06:17","modified_gmt":"2025-06-21T12:06:17","slug":"le-nord-littoral-laboratoire-de-la-ville-mediterraneenne-durable","status":"publish","type":"post","link":"https:\/\/www.europesays.com\/fr\/193410\/","title":{"rendered":"Le nord-littoral laboratoire de la ville m\u00e9diterran\u00e9enne durable"},"content":{"rendered":"<p>6 millions d\u2019euros\u00a0: c\u2019est le montant du ch\u00e8que remis par <a href=\"https:\/\/www.linkedin.com\/in\/rouque-alexis-911903a2\/\" rel=\"noopener\" target=\"_blank\">Alexis Rouque<\/a>, directeur r\u00e9gional de la<strong><a href=\"https:\/\/www.banquedesterritoires.fr\/\" rel=\"noopener\" target=\"_blank\">Banque des Territoires<\/a><\/strong><a href=\"https:\/\/www.banquedesterritoires.fr\/\" rel=\"noopener\" target=\"_blank\">\u00e0 <a href=\"https:\/\/www.linkedin.com\/in\/laure-agn%C3%A8s-caradec-34733227b\/\" rel=\"noopener\" target=\"_blank\">Laure-Agn\u00e8s Caradec<\/a>, pr\u00e9sidente de l\u2019\u00e9tablissement public d\u2019am\u00e9nagement<strong> Eurom\u00e9diterran\u00e9e (EPAEM) <\/strong>et <strong>Solange Biaggi<\/strong>,\u00a0conseill\u00e8re de la\u00a0M\u00e9tropole Aix-Marseille-Provence\u00a0d\u00e9l\u00e9gu\u00e9e aux commerces de centre-ville et CIQ-Am\u00e9nagement\u00a0ce 18 juin \u00e0 Marseille. C<strong>e soutien financier s\u2019inscrit dans le cadre de le l\u2019appel \u00e0 manifestation d\u2019int\u00e9r\u00eat (AMI) du programme France 2030<\/strong> \u00ab\u00a0D\u00e9monstrateurs de la ville durable\u00a0\u00bb op\u00e9r\u00e9 par la Banque des Territoires pour le compte de l\u2019\u00c9tat et dont <strong>Eurom\u00e9diterran\u00e9e et la M\u00e9tropole AMP<\/strong> sont les laur\u00e9ats aux c\u00f4t\u00e9s de trente huit autres collectivit\u00e9s et am\u00e9nageurs. <\/p>\n<p> Zone arri\u00e8re portuaire nord de Marseille <\/p>\n<p>Ce programme pilote a pour d\u00e9cor la zone arri\u00e8re-portuaire septentrionale de Marseille comprise <strong>entre Arenc (2e) et la Cabucelle (15e)<\/strong>. Ces quartiers parmi les plus paup\u00e9ris\u00e9s du vieux continent portent les stigmates du d\u00e9clin de l\u2019activit\u00e9 industrialo-portuaire. Une d\u00e9sh\u00e9rence qui leur vaut d\u2019\u00eatre aujourd\u2019hui inscrits dans les p\u00e9rim\u00e8tres de l\u2019op\u00e9ration d\u2019int\u00e9r\u00eat national (OIN) et du <strong>Nouveau programme national de renouvellement urbain<\/strong> (NPNRU). <\/p>\n<p>A l\u2019ombre des grandes infrastructures de transport, <strong>ce morceau de ville devenu espace de rel\u00e9gation mixe <\/strong>dans un relatif d\u00e9sordre vieil habitat ouvrier, friches, entrep\u00f4ts et locaux d\u2019activit\u00e9s, etc., un tissu b\u00e2ti h\u00e9t\u00e9roclite qui a pour d\u00e9nominateur commun d\u2019\u00eatre souvent tr\u00e8s d\u00e9grad\u00e9. Les activit\u00e9s \u00e9conomiques, historiquement li\u00e9es \u00e0 l\u2019activit\u00e9 du port, sont d\u00e9sormais essentiellement tourn\u00e9es vers l\u2019\u00e9conomie pr\u00e9sentielle et artisanale (BTP, r\u00e9paration automobile, maintenance\u2026).<\/p>\n<p>Le projet de revitalisation de ces quartiers proches du centre-ville port\u00e9e par l\u2019EPAEM et la M\u00e9tropole passe par <strong>le d\u00e9ploiement de programmes mixtes int\u00e9grant des activit\u00e9s \u00e9conomiques artisanales et productives<\/strong>, \u00e0 la fois horizontalement \u00e0 l\u2019\u00e9chelle des quartiers, et verticalement \u00e0 l\u2019\u00e9chelle des b\u00e2timents.\u00a0 <\/p>\n<p>\u00c9conomie circulaire\u00a0 <\/p>\n<p>Ce soutien financier doit permettre <strong>d\u2019acc\u00e9l\u00e9rer la mise en \u0153uvre d\u2019une s\u00e9rie d\u2019op\u00e9rations concr\u00e8tes port\u00e9es par la M\u00e9tropole<\/strong>, Eurom\u00e9diterran\u00e9e, mais aussi par la soci\u00e9t\u00e9 publique des \u00e9coles marseillaises (SPEM), la coop\u00e9rative Bellastock et Immobilier et D\u00e9veloppement Aix-Marseille-Provence (ID AMP, ex Fa\u00e7oneo), la nouvelle fonci\u00e8re m\u00e9tropolitaine qui sera port\u00e9e sur les fonts baptismaux le 26 juin. <\/p>\n<p>Sur le p\u00e9rim\u00e8tre de l\u2019OIN, le programme aura pour d\u00e9cor principal l\u2019ancien faisceau ferroviaire du Canet sur l\u2019emprise duquel l\u2019EPAEM et Michel Desvignes comptent faire pousser un grand parc urbain de 16 ha d\u2019ici 2031. Les fonds du PIA serviront notamment pour la renaturation du fleuve c\u00f4tier des Aygalades et de ses abords, l\u2019installation d\u2019une plateforme de gestion des terres in-situ sur 2 ha du<strong> futur poumon vert et la cr\u00e9ation d&rsquo;un jardin d&rsquo;exp\u00e9rimentation sur le chantier<\/strong>.<\/p>\n<p> <img decoding=\"async\" alt=\"\" class=\"img-size-full\" data-zoomable=\"\" height=\"772\" loading=\"lazy\" src=\"https:\/\/www.europesays.com\/fr\/wp-content\/uploads\/2025\/06\/unknown.jpg\" width=\"1280\"\/> \u00a9 MDA &#8211; Le parc des Aygalades, l&rsquo;un des terrains d&rsquo;exp\u00e9rimentation du PIA. <\/p>\n<p>Les cr\u00e9dits seront \u00e9galement mobilis\u00e9s des d\u00e9marches d\u2019\u00e9conomie circulaire comme le projet de r\u00e9utilisation des eaux grises de la future piscine Bougainville pour l&rsquo;arrosage du parc des Aygalades, le r\u00e9emploi de mat\u00e9riaux pour la construction de l\u2019\u00e9quipement et le r\u00e9emploi des pav\u00e9s dans le r\u00e9am\u00e9nagement d&rsquo;espaces publics des secteurs des Crottes-Cazemajou.<\/p>\n<p>La m\u00e9tropole d\u00e9ploiera la m\u00eame d\u00e9marche de r\u00e9emploi dans <strong>le recyclage de 112 logements anciens d\u00e9grad\u00e9s <\/strong>inscrits dans le programme de renouvellement urbain des quartiers de La Cabucelle et des Crottes (15e). <\/p>\n<p>Une op\u00e9ration pilote du BRS pour les activit\u00e9s d\u00e9velopp\u00e9e <\/p>\n<p>La SPEM de son c\u00f4t\u00e9 mettra en place une strat\u00e9gie r\u00e9emploi dans l\u2019op\u00e9ration de r\u00e9habilitation-extension du groupe scolaire de La Cabucelle (15e). L\u2019op\u00e9ration qui sera\u00a0d\u00e9volue via un march\u00e9 global de performance\u00a0(MGP) pr\u00e9voit la r\u00e9alisation\u00a0d\u2019un groupe scolaire de\u00a023 classes (6 classes de maternelle et 17 classes d&rsquo;\u00e9l\u00e9mentaire).\u00a0<strong>Montant estim\u00e9 des travaux\u00a0: 8,8 millions d\u2019euros HT.\u00a0<\/strong> <\/p>\n<p>Bellastock de son c\u00f4t\u00e9 mettra en place des techniques de r\u00e9emploi dans des programmes de requalification.\u00a0 <\/p>\n<p><strong>Enfin ID AMP d\u00e9veloppera une exp\u00e9rimentation du bail r\u00e9el solidaire<\/strong> (BRS) pour les activit\u00e9s\u00a0artisanales et\/ou productives\u00a0dans une op\u00e9ration en mixit\u00e9 verticale avec r\u00e9versibilit\u00e9 des usages dans le secteur Moulins-Docks Libres-La Villette (5 ha).<\/p>\n<p> Un AMI lanc\u00e9 en mai 2021 <\/p>\n<p>Dans le cadre de France 2030 et du 4e Programme d\u2019investissements d\u2019avenir (PIA), le Minist\u00e8re du Logement, le Minist\u00e8re de la Coh\u00e9sion des territoires et des relations avec les collectivit\u00e9s territoriales, le Secr\u00e9tariat g\u00e9n\u00e9ral pour l\u2019investissement et la Banque des Territoires, en partenariat avec l\u2019Agence nationale pour la r\u00e9novation urbaine (ANRU) ont lanc\u00e9 en mai 2021<strong> l\u2019appel \u00e0 manifestation d\u2019int\u00e9r\u00eat (AMI) \u00ab\u00a0D\u00e9monstrateurs de la ville durable\u00a0\u00bb, dot\u00e9 de 305 millions d\u2019euros.<\/strong> <\/p>\n<p>La d\u00e9marche qui reprend le flambeau des Ecocit\u00e9s a pour objectif d\u2019identifier des projets territoriaux apportant des r\u00e9ponses aux quatre d\u00e9fis de la ville durable : r\u00e9silience, inclusion, sobri\u00e9t\u00e9 et productivit\u00e9 urbaine. <\/p>\n<p>Concr\u00e8tement, cet <strong>AMI a pour objectif de cr\u00e9er un r\u00e9seau national de d\u00e9monstrateurs<\/strong>\u00a0, \u00e0 l\u2019\u00e9chelle d\u2019\u00eelots ou de quartiers, illustrant la diversit\u00e9 des enjeux de transition \u00e9cologique et sociale des territoires fran\u00e7ais. <\/p>\n<p>Il s\u2019agit, certes, de financer des projets mais aussi de :<br \/>\u2022\u00a0<strong>accompagner\u00a0les porteurs de projets<\/strong> et leurs \u00e9cosyst\u00e8mes d\u2019acteurs dans la d\u00e9finition et la r\u00e9alisation de leur d\u00e9monstrateur ;<br \/>\u2022\u00a0<strong>soutenir\u00a0l\u2019\u00e9mergence d\u2019outils et de m\u00e9thodes innovants<\/strong>, notamment num\u00e9riques, permettant une transformation durable des fili\u00e8res de la conception, de la r\u00e9alisation et de la gestion des espaces urbains ;<br \/>\u2022 <strong>favoriser l\u2019\u00e9mergence d\u2019innovations et d\u2019acteurs \u00e9conomiques<\/strong> capables de cr\u00e9er de la valeur en France et \u00e0 l\u2019international, la ville durable constituant un terrain d\u2019exp\u00e9rimentation et un march\u00e9 potentiel consid\u00e9rable.<\/p>\n<p> Chiffres clefs <\/p>\n<p>16 hectares de friche renatur\u00e9s dont deux sanctuaris\u00e9s pour la biodiversit\u00e9 <\/p>\n<p>800 m lin\u00e9aires de fleuve c\u00f4tier renatur\u00e9s <\/p>\n<p>2 800 m3\u00a0d\u2019eau r\u00e9utilis\u00e9s par an <\/p>\n<p>6 813 logements r\u00e9nov\u00e9s ou construits <\/p>\n<p>2 \u00e9quipements publics r\u00e9nov\u00e9s ou construits <\/p>\n<p>30 000 m\u00b2 d\u2019espaces publics r\u00e9am\u00e9nag\u00e9s<\/p>\n<p> Calendrier <\/p>\n<p><strong>2025\u00a0:\u00a0<\/strong>d\u00e9marrage des travaux de construction de la piscine Bougainville <\/p>\n<p><strong>2026\u00a0: <\/strong>mise en service de la plateforme de gestion des terres <\/p>\n<p><strong>T3 2026\u00a0:\u00a0<\/strong>d\u00e9p\u00f4t du permis de construire pour les b\u00e2timents en mixit\u00e9 verticale \/ BRS-activit\u00e9 <\/p>\n<p><strong>T4 2026<\/strong>\u00a0: d\u00e9marrage des travaux dans le NPNRU de la Cabucelle (logements, \u00e9quipement, espaces publics) <\/p>\n<p><strong>T3 2027<\/strong>\u00a0: d\u00e9marrage des travaux pour le b\u00e2timent en mixit\u00e9 verticale \/ BRS-activit\u00e9 <\/p>\n<p><strong>2027<\/strong>\u00a0: d\u00e9marrage des travaux sur le parc du ruisseau des Aygalades<\/p>\n","protected":false},"excerpt":{"rendered":"6 millions d\u2019euros\u00a0: c\u2019est le montant du ch\u00e8que remis par Alexis Rouque, directeur r\u00e9gional de laBanque des Territoires\u00e0&hellip;\n","protected":false},"author":2,"featured_media":193411,"comment_status":"","ping_status":"","sticky":false,"template":"","format":"standard","meta":{"footnotes":""},"categories":[2814],"tags":[1111,11,8853,33219,1777,28334,674,1011,27,3135,884,12,882,25],"class_list":{"0":"post-193410","1":"post","2":"type-post","3":"status-publish","4":"format-standard","5":"has-post-thumbnail","7":"category-marseille","8":"tag-actu","9":"tag-actualites","10":"tag-amu00e9nagement","11":"tag-brs","12":"tag-eu","13":"tag-euromu00e9diterranu00e9e","14":"tag-europe","15":"tag-fr","16":"tag-france","17":"tag-littoral","18":"tag-marseille","19":"tag-news","20":"tag-provence-alpes-cote-dazur","21":"tag-republique-francaise"},"share_on_mastodon":{"url":"https:\/\/pubeurope.com\/@fr\/114721271644567544","error":""},"_links":{"self":[{"href":"https:\/\/www.europesays.com\/fr\/wp-json\/wp\/v2\/posts\/193410","targetHints":{"allow":["GET"]}}],"collection":[{"href":"https:\/\/www.europesays.com\/fr\/wp-json\/wp\/v2\/posts"}],"about":[{"href":"https:\/\/www.europesays.com\/fr\/wp-json\/wp\/v2\/types\/post"}],"author":[{"embeddable":true,"href":"https:\/\/www.europesays.com\/fr\/wp-json\/wp\/v2\/users\/2"}],"replies":[{"embeddable":true,"href":"https:\/\/www.europesays.com\/fr\/wp-json\/wp\/v2\/comments?post=193410"}],"version-history":[{"count":0,"href":"https:\/\/www.europesays.com\/fr\/wp-json\/wp\/v2\/posts\/193410\/revisions"}],"wp:featuredmedia":[{"embeddable":true,"href":"https:\/\/www.europesays.com\/fr\/wp-json\/wp\/v2\/media\/193411"}],"wp:attachment":[{"href":"https:\/\/www.europesays.com\/fr\/wp-json\/wp\/v2\/media?parent=193410"}],"wp:term":[{"taxonomy":"category","embeddable":true,"href":"https:\/\/www.europesays.com\/fr\/wp-json\/wp\/v2\/categories?post=193410"},{"taxonomy":"post_tag","embeddable":true,"href":"https:\/\/www.europesays.com\/fr\/wp-json\/wp\/v2\/tags?post=193410"}],"curies":[{"name":"wp","href":"https:\/\/api.w.org\/{rel}","templated":true}]}}