{"id":193412,"date":"2025-06-21T12:07:10","date_gmt":"2025-06-21T12:07:10","guid":{"rendered":"https:\/\/www.europesays.com\/fr\/193412\/"},"modified":"2025-06-21T12:07:10","modified_gmt":"2025-06-21T12:07:10","slug":"metropole-de-lyon-cris-et-incivilites-cette-aire-de-jeux-au-parc-fait-vivre-un-enfer-aux-riverains","status":"publish","type":"post","link":"https:\/\/www.europesays.com\/fr\/193412\/","title":{"rendered":"M\u00e9tropole de Lyon. Cris et incivilit\u00e9s, cette aire de jeux au parc fait vivre un \u00ab enfer \u00bb aux riverains"},"content":{"rendered":"<p>L\u2019am\u00e9nagement partait d\u2019une bonne intention au parc Manillier. La municipalit\u00e9, redoutant qu\u2019un enfant ne tombe dans la mare \u00e0 c\u00f4t\u00e9 de l\u2019aire de jeu des petits, a d\u00e9cid\u00e9 de permuter avec les jeux de boules situ\u00e9s le long de la rue Amp\u00e8re. Au passage, elle a \u00e9toff\u00e9 son offre en installant des balan\u00e7oires dont une inclusive qui permet aux enfants porteurs de handicap d\u2019en profiter.<\/p>\n<p>Des jeux victimes\u00a0de leur succ\u00e8s<\/p>\n<p>Avant m\u00eame son ouverture, les enfants ont pris d\u2019assaut les jeux. Les parents viennent en voiture&#8230;<\/p>\n","protected":false},"excerpt":{"rendered":"L\u2019am\u00e9nagement partait d\u2019une bonne intention au parc Manillier. La municipalit\u00e9, redoutant qu\u2019un enfant ne tombe dans la mare&hellip;\n","protected":false},"author":2,"featured_media":193413,"comment_status":"","ping_status":"","sticky":false,"template":"","format":"standard","meta":{"footnotes":""},"categories":[1889],"tags":[1111,11,2430,3154,1777,674,274,107,1011,27,2428,12,15665,15666,25,2429,3151],"class_list":{"0":"post-193412","1":"post","2":"type-post","3":"status-publish","4":"format-standard","5":"has-post-thumbnail","7":"category-lyon","8":"tag-actu","9":"tag-actualites","10":"tag-auvergne-rhone-alpes","11":"tag-edition-sud-lyonnais","12":"tag-eu","13":"tag-europe","14":"tag-faits-divers-justice","15":"tag-fil-info","16":"tag-fr","17":"tag-france","18":"tag-lyon","19":"tag-news","20":"tag-oullins-pierre-benite","21":"tag-oullins-ville","22":"tag-republique-francaise","23":"tag-rhone","24":"tag-selection-de-la-redaction-69"},"share_on_mastodon":{"url":"https:\/\/pubeurope.com\/@fr\/114721275541716255","error":""},"_links":{"self":[{"href":"https:\/\/www.europesays.com\/fr\/wp-json\/wp\/v2\/posts\/193412","targetHints":{"allow":["GET"]}}],"collection":[{"href":"https:\/\/www.europesays.com\/fr\/wp-json\/wp\/v2\/posts"}],"about":[{"href":"https:\/\/www.europesays.com\/fr\/wp-json\/wp\/v2\/types\/post"}],"author":[{"embeddable":true,"href":"https:\/\/www.europesays.com\/fr\/wp-json\/wp\/v2\/users\/2"}],"replies":[{"embeddable":true,"href":"https:\/\/www.europesays.com\/fr\/wp-json\/wp\/v2\/comments?post=193412"}],"version-history":[{"count":0,"href":"https:\/\/www.europesays.com\/fr\/wp-json\/wp\/v2\/posts\/193412\/revisions"}],"wp:featuredmedia":[{"embeddable":true,"href":"https:\/\/www.europesays.com\/fr\/wp-json\/wp\/v2\/media\/193413"}],"wp:attachment":[{"href":"https:\/\/www.europesays.com\/fr\/wp-json\/wp\/v2\/media?parent=193412"}],"wp:term":[{"taxonomy":"category","embeddable":true,"href":"https:\/\/www.europesays.com\/fr\/wp-json\/wp\/v2\/categories?post=193412"},{"taxonomy":"post_tag","embeddable":true,"href":"https:\/\/www.europesays.com\/fr\/wp-json\/wp\/v2\/tags?post=193412"}],"curies":[{"name":"wp","href":"https:\/\/api.w.org\/{rel}","templated":true}]}}