{"id":193414,"date":"2025-06-21T12:08:09","date_gmt":"2025-06-21T12:08:09","guid":{"rendered":"https:\/\/www.europesays.com\/fr\/193414\/"},"modified":"2025-06-21T12:08:09","modified_gmt":"2025-06-21T12:08:09","slug":"nathalie-perrin-gilbert-promet-un-bilan-de-la-ztl-en-2026-pour-eviter-den-faire-une-cicatrice-douloureuse","status":"publish","type":"post","link":"https:\/\/www.europesays.com\/fr\/193414\/","title":{"rendered":"Nathalie Perrin-Gilbert promet un bilan de la ZTL en 2026 pour \u00e9viter d&rsquo;en faire \u00ab\u00a0une cicatrice douloureuse\u00a0\u00bb"},"content":{"rendered":"<p itemprop=\"description\"><strong>Ce samedi, la Presqu&rsquo;\u00eele de Lyon dit adieu aux voitures.<\/strong><\/p>\n<p>Avec <a href=\"https:\/\/www.lyonmag.com\/article\/144855\/ztl-de-lyon-la-presqu-ile-desormais-interdite-aux-voitures\" target=\"_blank\" rel=\"noopener\">l&rsquo;entr\u00e9e en vigueur de la Zone \u00e0 trafic limit\u00e9 (ZTL)<\/a>, le centre-ville n&rsquo;est d\u00e9sormais plus accessible qu&rsquo;aux v\u00e9hicules motoris\u00e9s des riverains, commer\u00e7ants, taxis et livreurs.<\/p>\n<p>Pour <a href=\"https:\/\/www.lyonmag.com\/profil-personnalite-lyonnaise\/203\/nathalie-perrin-gilbert\" target=\"_blank\" rel=\"noopener\">Nathalie Perrin-Gilbert<\/a>, candidate \u00e0 la mairie de Lyon en 2026, \u00ab\u00a0le choix du jour poste question\u00a0\u00bb. L&rsquo;ancienne maire du 1er arrondissement pointe du doigt le fait que la Presqu&rsquo;\u00eele devrait \u00eatre \u00ab\u00a0pleine \u00e0 craquer\u00a0\u00bb ce samedi puisque se cumulent la F\u00eate de la Musique, les demi-finales de Top 14 organis\u00e9es au Groupama Stadium et une m\u00e9t\u00e9o propice \u00e0 la fl\u00e2nerie en ville. Ce qui ne facilitera pas la t\u00e2che des agents cens\u00e9s faire respecter la ZTL.<\/p>\n<p>Nathalie Perrin-Gilbert promet \u00ab\u00a0un bilan de fonctionnement\u00a0\u00bb de la mesure si elle venait \u00e0 \u00eatre \u00e9lue maire de Lyon. \u00ab\u00a0La ZTL sera entr\u00e9e en vigueur depuis un an : nous pourrons, avec toutes les parties prenantes de la ville, tirer des enseignements de ce qui a \u00e9t\u00e9 mis en place par l\u2019ex\u00e9cutif pr\u00e9c\u00e9dent\u00a0\u00bb, poursuit-elle.<\/p>\n<p>Et NPG n&rsquo;h\u00e9sitera pas \u00e0 \u00ab\u00a0prendre toutes les mesures (r\u00e9glementation, am\u00e9nagements, travaux,\u2026) qui r\u00e9sulteront de ce bilan\u00a0\u00bb qu&rsquo;elle souhaite \u00ab\u00a0v\u00e9ritablement concert\u00e9 pour faire de l&rsquo;adaptation de notre centre-ville aux enjeux climatiques et de sant\u00e9 publique, non pas une cicatrice douloureuse, mais un objectif qui nous porte et nous relie\u00a0\u00bb.<\/p>\n<p>Il appara\u00eet clair que les mobilit\u00e9s seront la question centrale de ces \u00e9lections municipales 2026 \u00e0 Lyon.<\/p>\n","protected":false},"excerpt":{"rendered":"Ce samedi, la Presqu&rsquo;\u00eele de Lyon dit adieu aux voitures. Avec l&rsquo;entr\u00e9e en vigueur de la Zone \u00e0&hellip;\n","protected":false},"author":2,"featured_media":193415,"comment_status":"","ping_status":"","sticky":false,"template":"","format":"standard","meta":{"footnotes":""},"categories":[1889],"tags":[1111,11,2813,2190,2430,1109,251,1112,2811,1777,674,118,1011,27,1922,1110,1114,2428,2810,12,241,316,25,2812,517,800],"class_list":{"0":"post-193414","1":"post","2":"type-post","3":"status-publish","4":"format-standard","5":"has-post-thumbnail","7":"category-lyon","8":"tag-actu","9":"tag-actualites","10":"tag-article","11":"tag-asvel","12":"tag-auvergne-rhone-alpes","13":"tag-breves","14":"tag-culture","15":"tag-depeches","16":"tag-economique","17":"tag-eu","18":"tag-europe","19":"tag-faits-divers","20":"tag-fr","21":"tag-france","22":"tag-info","23":"tag-informations","24":"tag-infos","25":"tag-lyon","26":"tag-lyonmag","27":"tag-news","28":"tag-ol","29":"tag-politique","30":"tag-republique-francaise","31":"tag-sociale","32":"tag-sport","33":"tag-transports"},"share_on_mastodon":{"url":"https:\/\/pubeurope.com\/@fr\/114721279350336823","error":""},"_links":{"self":[{"href":"https:\/\/www.europesays.com\/fr\/wp-json\/wp\/v2\/posts\/193414","targetHints":{"allow":["GET"]}}],"collection":[{"href":"https:\/\/www.europesays.com\/fr\/wp-json\/wp\/v2\/posts"}],"about":[{"href":"https:\/\/www.europesays.com\/fr\/wp-json\/wp\/v2\/types\/post"}],"author":[{"embeddable":true,"href":"https:\/\/www.europesays.com\/fr\/wp-json\/wp\/v2\/users\/2"}],"replies":[{"embeddable":true,"href":"https:\/\/www.europesays.com\/fr\/wp-json\/wp\/v2\/comments?post=193414"}],"version-history":[{"count":0,"href":"https:\/\/www.europesays.com\/fr\/wp-json\/wp\/v2\/posts\/193414\/revisions"}],"wp:featuredmedia":[{"embeddable":true,"href":"https:\/\/www.europesays.com\/fr\/wp-json\/wp\/v2\/media\/193415"}],"wp:attachment":[{"href":"https:\/\/www.europesays.com\/fr\/wp-json\/wp\/v2\/media?parent=193414"}],"wp:term":[{"taxonomy":"category","embeddable":true,"href":"https:\/\/www.europesays.com\/fr\/wp-json\/wp\/v2\/categories?post=193414"},{"taxonomy":"post_tag","embeddable":true,"href":"https:\/\/www.europesays.com\/fr\/wp-json\/wp\/v2\/tags?post=193414"}],"curies":[{"name":"wp","href":"https:\/\/api.w.org\/{rel}","templated":true}]}}