{"id":193416,"date":"2025-06-21T12:10:17","date_gmt":"2025-06-21T12:10:17","guid":{"rendered":"https:\/\/www.europesays.com\/fr\/193416\/"},"modified":"2025-06-21T12:10:17","modified_gmt":"2025-06-21T12:10:17","slug":"fete-de-la-musique-a-paris-le-metro-est-il-vraiment-gratuit","status":"publish","type":"post","link":"https:\/\/www.europesays.com\/fr\/193416\/","title":{"rendered":"F\u00eate de la musique \u00e0 Paris : le m\u00e9tro est-il vraiment gratuit ?"},"content":{"rendered":"<p>Le d\u00e9but de l\u2019\u00e9t\u00e9 co\u00efncide avec les c\u00e9l\u00e9brations de la F\u00eate de la musique. Si vous comptez participer \u00e0 la f\u00eate en r\u00e9gion parisienne, vous vous demandez s\u00fbrement comment voyager en transports en commun \u2014 et si le m\u00e9tro sera gratuit.<\/p>\n<p>C\u2019est officiellement l\u2019\u00e9t\u00e9, ce samedi 21 juin 2025. Et, comme chaque ann\u00e9e, la date du <a href=\"https:\/\/www.numerama.com\/sciences\/527702-solstice-pourquoi-lete-ne-tombe-t-il-pas-toujours-le-21-juin.html\" target=\"_blank\" rel=\"noopener\">solstice d\u2019\u00e9t\u00e9<\/a> co\u00efncide avec la F\u00eate de la musique. Alors que les c\u00e9l\u00e9brations et les \u00e9v\u00e9nements se pr\u00e9parent un peu partout, si vous \u00eates en \u00cele-de-France, vous vous demandez probablement comment vous y rendre en transports en commun. Peut-on prendre le m\u00e9tro gratuitement dans la nuit de samedi \u00e0 dimanche ?<\/p>\n<p><strong>La r\u00e9ponse est non<\/strong>. Effectivement, les transports parisiens sont parfois gratuits, en de tr\u00e8s rares occasions, comme le Nouvel An, mais ce n\u2019est pas le cas lors de la F\u00eate de la musique. Toutefois, \u00cele-de-France Mobilit\u00e9s met en place un tarif sp\u00e9cial \u00e0 cette occasion.<\/p>\n<p>Quel est le prix du forfait de la RATP pour la F\u00eate de la musique ?<\/p>\n<p>\u00ab Le 21 juin, voyagez de 17h \u00e0 7h le lendemain (22\/06) pour 4,20\u202f\u20ac avec un forfait sp\u00e9cial valable sur tout le r\u00e9seau \u00cele-de-France Mobilit\u00e9s \u00bb, <a href=\"https:\/\/x.com\/IDFmobilites\/status\/1935974779741200438\" target=\"_blank\" rel=\"noreferrer noopener\">a indiqu\u00e9<\/a>  \u00cele-de-France Mobilit\u00e9s dans un tweet le 20 juin.<\/p>\n<p>Ce forfait sp\u00e9cial pour l\u2019\u00e9v\u00e9nement permet donc de r\u00e9aliser un nombre illimit\u00e9 de voyages dans les transports parisiens (sauf Orlyval), <a href=\"https:\/\/www.iledefrance-mobilites.fr\/actualites\/fete-de-la-musique\" target=\"_blank\" rel=\"noreferrer noopener\">entre le 21 juin \u00e0 17h et le 22 juin \u00e0 7h<\/a>.<\/p>\n<p>Et si j\u2019ai d\u00e9j\u00e0 un passe Navigo ?<\/p>\n<p>Si vous avez d\u00e9j\u00e0 un abonnement Navigo ou Imagine R, vous pouvez aussi l\u2019utiliser comme d\u2019habitude, sans suppl\u00e9ment.<\/p>\n<p>Si vous avez opt\u00e9 pour <a href=\"https:\/\/www.numerama.com\/vroom\/1736982-comment-fonctionne-le-passe-navigo-liberte-pour-se-deplacer-dans-paris.html\" target=\"_blank\" rel=\"noopener\">un forfait Libert\u00e9+<\/a> \u2014 <a href=\"https:\/\/www.numerama.com\/vroom\/1994135-le-navigo-liberte-est-disponible-sur-iphone-comment-creer-votre-carte.html\" target=\"_blank\" rel=\"noopener\">depuis peu disponible sur iPhone<\/a> \u2013, il peut \u00eatre int\u00e9ressant d\u2019anticiper combien de trajet vous allez effectuer entre 17h et 7h. En effet, les trajets sont pay\u00e9s \u00e0 l\u2019unit\u00e9 avec un passe Libert\u00e9+ (et sont factur\u00e9s le mois suivants), au tarif de 1,99 \u20ac pour un voyage en RER\/m\u00e9tro et 1,60 \u20ac pour un voyage en bus\/tram.<\/p>\n<p>Si vous n\u2019avez pr\u00e9vu que deux trajets en m\u00e9tro durant les festivit\u00e9s, utiliser votre passe Libert\u00e9+ sera donc plus avantageux (2 \u00d7 1,99 = 3,98 \u20ac) que d\u2019investir dans le forfait sp\u00e9cial pour la F\u00eate de la musique (4,20 \u20ac). \u00c0 partir du 3\u1d49 trajet, le forfait F\u00eate de la musique devient plus int\u00e9ressant.<\/p>\n<p>Comment acheter ce forfait F\u00eate de la musique ?<\/p>\n<p>2 options sont possibles pour se servir de ce forfait.<\/p>\n<tr>Passe Navigo EasySur smartphone<\/tr>\n<tr>\n<td>O\u00f9 l\u2019acheter<\/td>\n<td>En gare\/station ou depuis l\u2019app IDF Mobilit\u00e9s<\/td>\n<td>Sur l\u2019app IDF Mobilit\u00e9s (Android et iOS)<\/td>\n<\/tr>\n<tr>\n<td>Comment l\u2019utiliser<\/td>\n<td><a href=\"https:\/\/www.iledefrance-mobilites.fr\/titres-et-tarifs\/supports\/passe-navigo-easy\" target=\"_blank\" rel=\"noreferrer noopener\">Sur un passe physique<\/a><\/td>\n<td>Depuis un smartphone compatible<\/td>\n<\/tr>\n<p>Quelles lignes de m\u00e9tro restent ouvertes pendant la F\u00eate de la musique \u00e0 Paris ?<\/p>\n<p>Par ailleurs, plusieurs lignes restent ouvertes durant toute la nuit \u00e0 Paris.<\/p>\n<tr>\n<td>M\u00e9tro<\/td>\n<td>1, 2, 4, 6, 9 et 14<\/td>\n<\/tr>\n<tr>\n<td>RER<\/td>\n<td>A, B, C, D et E<\/td>\n<\/tr>\n<tr>\n<td>Transilien<\/td>\n<td>H, J, L, N, P et R<\/td>\n<\/tr>\n<p>Toutes les stations ne seront pas forc\u00e9ment desservies. Des plans sont mis \u00e0 disposition pour se rep\u00e9rer, dans Paris ou dans le reste de l\u2019\u00cele-de-France.<\/p>\n<p><a href=\"https:\/\/www.numerama.com\/wp-content\/uploads\/2025\/06\/plan-fete-de-la-musique.jpeg\" target=\"_blank\" rel=\"noopener\"><img decoding=\"async\" width=\"1024\" height=\"867\" loading=\"lazy\" alt=\"Le plan des transports \u00e0 Paris pendant la F\u00eate de la musique. \/\/ Source : \u00cele-de-France Mobilit\u00e9s\" title=\"Le plan des transports \u00e0 Paris pendant la F\u00eate de la musique. \/\/ Source : \u00cele-de-France Mobilit\u00e9s\" class=\"wp-image-1996809 placeholder-default wp-image\" src=\"https:\/\/www.europesays.com\/fr\/wp-content\/uploads\/2025\/06\/plan-fete-de-la-musique-1024x867.jpeg\" \/><\/a>Le plan des transports \u00e0 Paris pendant la F\u00eate de la musique. \/\/ Source : <a target=\"_blank\" href=\"https:\/\/www.iledefrance-mobilites.fr\/actualites\/fete-de-la-musique\" rel=\"noopener\">\u00cele-de-France Mobilit\u00e9s<\/a><\/p>\n<p>    Pour aller plus loin<\/p>\n<p>                <img decoding=\"async\" width=\"87\" height=\"87\" loading=\"lazy\" alt=\"Le m\u00e9tro \u00e0 Paris. \/\/ Source : Canva\" title=\"Le m\u00e9tro \u00e0 Paris. \/\/ Source : Canva\" class=\"placeholder-default wp-image\" src=\"https:\/\/www.europesays.com\/fr\/wp-content\/uploads\/2025\/06\/metro-paris-12-200x200.jpg\" \/>            <\/p>\n<p>            <img decoding=\"async\" src=\"https:\/\/www.europesays.com\/fr\/wp-content\/uploads\/2025\/04\/iPhone-16-pro.png\" alt=\"Toute l'actu tech en un clien d'oeil\"\/><\/p>\n<p class=\"card-install-pwa__title\">Toute l&rsquo;actu tech en un clin d&rsquo;\u0153il<\/p>\n<p class=\"card-install-pwa__description\">Ajoutez Numerama \u00e0 votre \u00e9cran d&rsquo;accueil et restez connect\u00e9s au futur !<\/p>\n<p>            <img decoding=\"async\" src=\"https:\/\/www.numerama.com\/wp-content\/themes\/numerama-next\/assets\/images\/premium\/logo-card-pwa-coupe.svg\" alt=\"Logo PWA\"\/><\/p>\n<p>       Installer Numerama<\/p>\n","protected":false},"excerpt":{"rendered":"Le d\u00e9but de l\u2019\u00e9t\u00e9 co\u00efncide avec les c\u00e9l\u00e9brations de la F\u00eate de la musique. Si vous comptez participer&hellip;\n","protected":false},"author":2,"featured_media":193417,"comment_status":"","ping_status":"","sticky":false,"template":"","format":"standard","meta":{"footnotes":""},"categories":[1592],"tags":[1111,11,1777,674,1011,27,662,4047,873,18010,12,626,625,25],"class_list":{"0":"post-193416","1":"post","2":"type-post","3":"status-publish","4":"format-standard","5":"has-post-thumbnail","7":"category-ile-de-france","8":"tag-actu","9":"tag-actualites","10":"tag-eu","11":"tag-europe","12":"tag-fr","13":"tag-france","14":"tag-ile-de-france","15":"tag-metro","16":"tag-musique","17":"tag-navigo","18":"tag-news","19":"tag-paris","20":"tag-ratp","21":"tag-republique-francaise"},"share_on_mastodon":{"url":"https:\/\/pubeurope.com\/@fr\/114721287690002127","error":""},"_links":{"self":[{"href":"https:\/\/www.europesays.com\/fr\/wp-json\/wp\/v2\/posts\/193416","targetHints":{"allow":["GET"]}}],"collection":[{"href":"https:\/\/www.europesays.com\/fr\/wp-json\/wp\/v2\/posts"}],"about":[{"href":"https:\/\/www.europesays.com\/fr\/wp-json\/wp\/v2\/types\/post"}],"author":[{"embeddable":true,"href":"https:\/\/www.europesays.com\/fr\/wp-json\/wp\/v2\/users\/2"}],"replies":[{"embeddable":true,"href":"https:\/\/www.europesays.com\/fr\/wp-json\/wp\/v2\/comments?post=193416"}],"version-history":[{"count":0,"href":"https:\/\/www.europesays.com\/fr\/wp-json\/wp\/v2\/posts\/193416\/revisions"}],"wp:featuredmedia":[{"embeddable":true,"href":"https:\/\/www.europesays.com\/fr\/wp-json\/wp\/v2\/media\/193417"}],"wp:attachment":[{"href":"https:\/\/www.europesays.com\/fr\/wp-json\/wp\/v2\/media?parent=193416"}],"wp:term":[{"taxonomy":"category","embeddable":true,"href":"https:\/\/www.europesays.com\/fr\/wp-json\/wp\/v2\/categories?post=193416"},{"taxonomy":"post_tag","embeddable":true,"href":"https:\/\/www.europesays.com\/fr\/wp-json\/wp\/v2\/tags?post=193416"}],"curies":[{"name":"wp","href":"https:\/\/api.w.org\/{rel}","templated":true}]}}