{"id":193419,"date":"2025-06-21T12:12:12","date_gmt":"2025-06-21T12:12:12","guid":{"rendered":"https:\/\/www.europesays.com\/fr\/193419\/"},"modified":"2025-06-21T12:12:12","modified_gmt":"2025-06-21T12:12:12","slug":"vagues-de-chaleur-a-paris-comment-la-seine-refroidit-deja-800-batiments-sans-clim","status":"publish","type":"post","link":"https:\/\/www.europesays.com\/fr\/193419\/","title":{"rendered":"Vagues de chaleur \u00e0 Paris : comment la Seine refroidit d\u00e9j\u00e0 800 b\u00e2timents sans clim&rsquo;"},"content":{"rendered":"<p>\u00a9 Buzzly &#8211; Vagues de chaleur \u00e0 Paris : comment la Seine refroidit d\u00e9j\u00e0 800 b\u00e2timents sans clim\u2019<\/p>\n<p>        Voir le sommaire<br \/>\n        Ne plus voir le sommaire <\/p>\n<p>\u00c0 Paris, plus de 800 b\u00e2timents embl\u00e9matiques sont aujourd\u2019hui rafra\u00eechis gr\u00e2ce \u00e0 l\u2019eau de la Seine et un vaste r\u00e9seau souterrain de 110 kilom\u00e8tres de canalisations. Ce syst\u00e8me de refroidissement urbain, le plus grand d\u2019Europe, s\u2019impose comme une solution \u00e9cologique et efficace face aux vagues de chaleur de plus en plus fr\u00e9quentes.\n<\/p>\n<p>Un r\u00e9seau souterrain pour refroidir la ville<\/p>\n<p>Depuis 1991, Paris dispose d\u2019un <b>syst\u00e8me ing\u00e9nieux<\/b> qui fonctionne \u00e0 l\u2019inverse d\u2019un chauffage urbain classique. L\u2019eau froide, puis\u00e9e dans la Seine, circule dans des <b>canalisations souterraines<\/b> pour absorber la chaleur des b\u00e2timents. Elle est ensuite dirig\u00e9e vers <b>douze stations de refroidissement<\/b> diss\u00e9min\u00e9es dans la capitale.\n<\/p>\n<p>Ce <b>r\u00e9seau discret mais impressionnant<\/b> s\u2019\u00e9tend sous les rues parisiennes, sans qu\u2019on soup\u00e7onne sa pr\u00e9sence. Il permet de maintenir une <b>temp\u00e9rature agr\u00e9able<\/b> dans des lieux aussi vari\u00e9s que le <b>Louvre<\/b>, le palais Bourbon, des <a href=\"https:\/\/buzzly.fr\/news\/18338-lastuce-magique-utilisee-par-les-hotels-5-etoiles-pour-obtenir-des-sols-brillants\/\" target=\"_blank\" rel=\"noopener\">h\u00f4tels<\/a>, des bureaux, des gares mais aussi des salles de concert. M\u00eame des <b>salles de serveurs<\/b> ou des <b>infrastructures techniques<\/b> continuent d\u2019en b\u00e9n\u00e9ficier en hiver.<\/p>\n<p><a class=\"related-article simple\" href=\"https:\/\/buzzly.fr\/news\/20700-partir-seul-en-montagne-les-erreurs-a-eviter-apres-le-drame-du-mont-blanc\/\" target=\"_blank\" rel=\"noopener\"><br \/>\n                        \u00c0 lire<br \/>\n                        Partir seul en montagne : les erreurs \u00e0 \u00e9viter apr\u00e8s le drame du Mont-Blanc<\/p>\n<p>                        <\/a><\/p>\n<p>Un gain environnemental non n\u00e9gligeable<\/p>\n<p>Contrairement aux climatiseurs classiques, ce syst\u00e8me ne <b>chauffe pas l\u2019air ambiant<\/b>. R\u00e9sultat : moins d\u2019<b>\u00eelots de chaleur<\/b> et un climat urbain plus respirable pour tous. Mais les b\u00e9n\u00e9fices vont au-del\u00e0\u202f: <b>moins d\u2019\u00e9lectricit\u00e9 consomm\u00e9e<\/b>, pas de rejets de gaz \u00e0 effet de serre massifs et tr\u00e8s peu de <b>produits chimiques utilis\u00e9s<\/b>.\n<\/p>\n<p>L\u2019<b>\u00e9cosyst\u00e8me de la Seine<\/b> est \u00e9galement pris en compte. Pour \u00e9viter de d\u00e9r\u00e9gler la temp\u00e9rature de l\u2019eau du fleuve, la r\u00e9glementation impose que l\u2019eau rejet\u00e9e apr\u00e8s usage ne soit pas plus chaude de <b>5 \u00b0C<\/b> que l\u2019eau pr\u00e9lev\u00e9e. Une mani\u00e8re <b>intelligente<\/b> de concilier technologie et <b>respect de l\u2019environnement<\/b>.\n<\/p>\n<p><img loading=\"lazy\" decoding=\"async\" class=\"alignnone wp-image-20769 size-full\" src=\"data:image\/svg+xml,%3Csvg%20xmlns=\" http:=\"\" alt=\"New York utilise aussi le m\u00eame syst\u00e8me avec l'East River.\" width=\"1200\" height=\"800\" data-lazy- data-lazy- data-lazy-src=\"https:\/\/www.europesays.com\/fr\/wp-content\/uploads\/2025\/06\/buzzly.fr-vagues-de-chaleur-a-paris-comment-la-seine-refroidit-deja-800-batiments-sans-clim-east-1-s.jpeg\"\/>\n<\/p>\n<p>Une expansion pr\u00e9vue d\u2019ici 2042<\/p>\n<p>Avec les <b>canicules qui s\u2019encha\u00eenent<\/b>, ce syst\u00e8me conna\u00eet un vrai coup d\u2019acc\u00e9l\u00e9rateur. La soci\u00e9t\u00e9 <b>Fra\u00eecheur de Paris<\/b>, responsable de son exploitation, pr\u00e9voit de <b>doubler sa taille<\/b> d\u2019ici 2042. Objectif : atteindre 245 kilom\u00e8tres de r\u00e9seau pour alimenter davantage de <b>sites sensibles<\/b> comme des h\u00f4pitaux, des \u00e9coles, des cr\u00e8ches ou encore des Ehpad.<\/p>\n<p><a class=\"related-article simple\" href=\"https:\/\/buzzly.fr\/news\/20699-voyager-lgbt-pourquoi-lisbonne-devient-la-capitale-europeenne-la-plus-accueillante\/\" target=\"_blank\" rel=\"noopener\"><br \/>\n                        \u00c0 lire<br \/>\n                        Voyager LGBT+ : pourquoi Lisbonne devient la capitale europ\u00e9enne la plus accueillante<\/p>\n<p>                        <\/a><\/p>\n<p>En revanche, pour les <b>logements individuels<\/b>, le chantier reste plus complexe. Il faudrait <b>repenser enti\u00e8rement<\/b> les syst\u00e8mes de circulation d\u2019eau \u00e0 l\u2019int\u00e9rieur des immeubles, ce qui impliquerait des travaux lourds et co\u00fbteux. Pour l\u2019instant, le dispositif concerne principalement les <b>b\u00e2timents publics et tertiaires<\/b>.\n<\/p>\n<p>Une solution encore rare \u00e0 l\u2019\u00e9chelle mondiale<\/p>\n<p>Paris n\u2019est pas la seule ville \u00e0 avoir mis\u00e9 sur ce type de technologie. <b>New York<\/b> utilise d\u00e9j\u00e0 l\u2019eau de l\u2019East River pour rafra\u00eechir certaines installations, notamment le <b>si\u00e8ge de l\u2019ONU<\/b>, depuis les ann\u00e9es 1950. Mais dans le reste du monde, ces r\u00e9seaux restent tr\u00e8s <b>marginaux<\/b>, car <b>techniquement complexes<\/b> \u00e0 mettre en place.\n<\/p>\n<p>Et pourtant, leur int\u00e9r\u00eat devient \u00e9vident face \u00e0 l\u2019<b>urgence climatique<\/b>. Selon certains experts, Paris pourrait conna\u00eetre des temp\u00e9ratures allant jusqu\u2019\u00e0 <b>50 \u00b0C d\u2019ici 2050<\/b>. Dans ce contexte, miser sur des <b>solutions durables<\/b> comme le refroidissement urbain par l\u2019eau devient essentiel pour <b>adapter les villes<\/b> et pr\u00e9server le confort des habitants.\n<\/p>\n<p>Une <b>innovation<\/b> qui m\u00e9rite donc d\u2019\u00eatre suivie de pr\u00e8s, voire copi\u00e9e dans d\u2019autres grandes m\u00e9tropoles. Car oui, c\u2019est le genre de <b>syst\u00e8me discret<\/b> mais hyper utile pour <b>pr\u00e9parer l\u2019avenir<\/b> sans attendre.<\/p>\n<p><a class=\"related-article simple\" href=\"https:\/\/buzzly.fr\/news\/20698-compte-instagram-suspendu-sans-raison-voici-comment-tenter-de-le-recuperer-efficacement\/\" target=\"_blank\" rel=\"noopener\"><br \/>\n                        \u00c0 lire<br \/>\n                        Compte Instagram suspendu sans raison ? Voici comment tenter de le r\u00e9cup\u00e9rer efficacement<\/p>\n<p>                        <\/a><\/p>\n","protected":false},"excerpt":{"rendered":"\u00a9 Buzzly &#8211; Vagues de chaleur \u00e0 Paris : comment la Seine refroidit d\u00e9j\u00e0 800 b\u00e2timents sans clim\u2019&hellip;\n","protected":false},"author":2,"featured_media":193420,"comment_status":"","ping_status":"","sticky":false,"template":"","format":"standard","meta":{"footnotes":""},"categories":[1888],"tags":[1111,1928,11,1927,1777,674,1011,27,5353,12,1926,626,1925,25],"class_list":{"0":"post-193419","1":"post","2":"type-post","3":"status-publish","4":"format-standard","5":"has-post-thumbnail","7":"category-paris","8":"tag-actu","9":"tag-actu-paris","10":"tag-actualites","11":"tag-actualites-paris","12":"tag-eu","13":"tag-europe","14":"tag-fr","15":"tag-france","16":"tag-la-seine","17":"tag-news","18":"tag-news-paris","19":"tag-paris","20":"tag-paris-news","21":"tag-republique-francaise"},"share_on_mastodon":{"url":"https:\/\/pubeurope.com\/@fr\/114721296003109509","error":""},"_links":{"self":[{"href":"https:\/\/www.europesays.com\/fr\/wp-json\/wp\/v2\/posts\/193419","targetHints":{"allow":["GET"]}}],"collection":[{"href":"https:\/\/www.europesays.com\/fr\/wp-json\/wp\/v2\/posts"}],"about":[{"href":"https:\/\/www.europesays.com\/fr\/wp-json\/wp\/v2\/types\/post"}],"author":[{"embeddable":true,"href":"https:\/\/www.europesays.com\/fr\/wp-json\/wp\/v2\/users\/2"}],"replies":[{"embeddable":true,"href":"https:\/\/www.europesays.com\/fr\/wp-json\/wp\/v2\/comments?post=193419"}],"version-history":[{"count":0,"href":"https:\/\/www.europesays.com\/fr\/wp-json\/wp\/v2\/posts\/193419\/revisions"}],"wp:featuredmedia":[{"embeddable":true,"href":"https:\/\/www.europesays.com\/fr\/wp-json\/wp\/v2\/media\/193420"}],"wp:attachment":[{"href":"https:\/\/www.europesays.com\/fr\/wp-json\/wp\/v2\/media?parent=193419"}],"wp:term":[{"taxonomy":"category","embeddable":true,"href":"https:\/\/www.europesays.com\/fr\/wp-json\/wp\/v2\/categories?post=193419"},{"taxonomy":"post_tag","embeddable":true,"href":"https:\/\/www.europesays.com\/fr\/wp-json\/wp\/v2\/tags?post=193419"}],"curies":[{"name":"wp","href":"https:\/\/api.w.org\/{rel}","templated":true}]}}