{"id":193421,"date":"2025-06-21T12:13:17","date_gmt":"2025-06-21T12:13:17","guid":{"rendered":"https:\/\/www.europesays.com\/fr\/193421\/"},"modified":"2025-06-21T12:13:17","modified_gmt":"2025-06-21T12:13:17","slug":"pont-levis-piscine-on-a-visite-une-maison-secrete-a-18-millions-deuros-a-paris-un-cote-james-bond","status":"publish","type":"post","link":"https:\/\/www.europesays.com\/fr\/193421\/","title":{"rendered":"Pont-levis, piscine&#8230; On a visit\u00e9 une maison secr\u00e8te \u00e0 18 millions d&rsquo;euros \u00e0 Paris : \u00ab\u00a0Un c\u00f4t\u00e9 James Bond\u00a0\u00bb"},"content":{"rendered":"<p>            Par<br \/>\n        <strong><br \/>\n            <a href=\"https:\/\/actu.fr\/auteur\/emilie-salabelle\" title=\"Consulter tous les articles de Emilie Salabelle\" rel=\"nofollow noopener\" target=\"_blank\">Emilie Salabelle<\/a><br \/>\n        <\/strong><\/p>\n<p>        Publi\u00e9 le<\/p>\n<p>            21 juin 2025 \u00e0 8h16        <\/p>\n<p>Il faut faire un gros effort de projection pour imaginer un ancien garage d\u00e9saffect\u00e9 \u00e0 la place du patio de 100 m\u00b2 et de sa <a href=\"https:\/\/actu.fr\/ile-de-france\/paris_75056\/je-ne-me-faisais-pas-prendre-le-voyeur-compulsif-des-piscines-a-paris-symptome-d-une-faille-systemique_62769422.html\" rel=\"nofollow noopener\" target=\"_blank\">piscine<\/a>, autour desquels s\u2019enroule \u00e9l\u00e9gamment une succession de pi\u00e8ces raffin\u00e9es et baign\u00e9es de lumi\u00e8re. C\u2019\u00e9tait pourtant la pr\u00e9c\u00e9dente fonction de ce havre luxueux situ\u00e9 dans le 7e arrondissement de <a href=\"https:\/\/actu.fr\/paris\/\" rel=\"nofollow noopener\" target=\"_blank\">Paris<\/a>, r\u00e9sultat du travail de l\u2019architecte Guillaume Cochin. Au tournant des ann\u00e9es 2000, il a transform\u00e9 la coquille de m\u00e9tal en une <strong>maison de ville contemporaine<\/strong>, insoup\u00e7onnable depuis les tr\u00e8s classiques fa\u00e7ades de la rue Vaneau o\u00f9 elle est nich\u00e9e. Et ce n\u2019est pas la seule surprise que r\u00e9serve cette \u00e9tonnante demeure aux <a href=\"https:\/\/actu.fr\/ile-de-france\/meudon_92048\/immobilier-cette-pepite-ou-sejourna-le-compositeur-richard-wagner-est-a-vendre-dans-les-hauts-de-seine_62751727.html\" rel=\"nofollow noopener\" target=\"_blank\">prestations exceptionnelles<\/a>, actuellement mise en vente au prix de <strong>17,8\u00a0millions d\u2019euros<\/strong>.<\/p>\n<p>Frigo \u00e0 fourrure et pont-levis<\/p>\n<p class=\" wall-content\">D\u00e8s l\u2019entr\u00e9e, le visiteur acc\u00e8de au rez-de-chauss\u00e9e par un <strong>pont-levis<\/strong>. S\u2019il est en voiture, il lui suffit d\u2019appuyer sur un bouton pour \u00e9lever la passerelle, et d\u00e9voiler, au sous-sol, un spacieux garage de quatre places, dot\u00e9 qui plus est d\u2019une plaque tournante pour \u00e9viter les sorties en marche arri\u00e8re.<\/p>\n<blockquote class=\"tiktok-embed\" cite=\"https:\/\/www.tiktok.com\/@actu.paris\/video\/7518019268898950402\" data-video-id=\"7518019268898950402\" data-embed-from=\"oembed\" style=\"max-width:605px; min-width:325px;\"><p>\n<a target=\"_blank\" title=\"@actu.paris\" href=\"https:\/\/www.tiktok.com\/@actu.paris?refer=embed\" rel=\"nofollow noopener\">@actu.paris<\/a> <\/p>\n<p>\ud83d\udc40  Cach\u00e9e derri\u00e8re une fa\u00e7ade classique de la rue Vaneau \u00e0 Paris 7e, cette villa de luxe et son patio avec piscine offrent un cadre \u00e0 la fois spectaculaire et intimiste. Ce bien d\u2019exception est actuellement mis en vente \u00e0 18 millions d\u2019euros.  <a title=\"fyp\" target=\"_blank\" href=\"https:\/\/www.tiktok.com\/tag\/fyp?refer=embed\" rel=\"nofollow noopener\">#fyp<\/a> <a title=\"pourtoi\" target=\"_blank\" href=\"https:\/\/www.tiktok.com\/tag\/pourtoi?refer=embed\" rel=\"nofollow noopener\">#pourtoi<\/a> <a title=\"immobilier\" target=\"_blank\" href=\"https:\/\/www.tiktok.com\/tag\/immobilier?refer=embed\" rel=\"nofollow noopener\">#immobilier<\/a> <a title=\"immobilierdeluxe\" target=\"_blank\" href=\"https:\/\/www.tiktok.com\/tag\/immobilierdeluxe?refer=embed\" rel=\"nofollow noopener\">#immobilierdeluxe<\/a> <a title=\"villa\" target=\"_blank\" href=\"https:\/\/www.tiktok.com\/tag\/villa?refer=embed\" rel=\"nofollow noopener\">#villa<\/a><\/p>\n<p> <a target=\"_blank\" title=\"\u266c A Summer Place - Hollywood Strings Orchestra\" href=\"https:\/\/www.tiktok.com\/music\/A-Summer-Place-7062752064783026178?refer=embed\" rel=\"nofollow noopener\">\u266c A Summer Place \u2013 Hollywood Strings Orchestra<\/a> <\/p>\n<\/blockquote>\n<p class=\" wall-content\">\u00ab\u2009C\u2019est l<strong>e c\u00f4t\u00e9 James Bond<\/strong> de la maison\u2009\u00bb, commente, en actionnant le dispositif, Ludovic Brabant, directeur des biens d\u2019exception chez Varenne, agence d\u2019<a href=\"https:\/\/actu.fr\/ile-de-france\/paris_75056\/immobilier-de-prestige-avec-une-vente-record-a-paris-l-agence-kretz-voit-son-activite-s-envoler_62665407.html\" rel=\"nofollow noopener\" target=\"_blank\">immobilier de luxe<\/a> en charge de la vente. Le sous-sol, d\u2019ailleurs, cache d\u2019autres surprises\u2009: salle de sport, sauna, coffre-fort\u2026 ainsi qu\u2019une chambre froide, install\u00e9 par un ancien propri\u00e9taire pour y stocker ses fourrures.<\/p>\n<p>    <img   decoding=\"async\" loading=\"lazy\" src=\"https:\/\/www.europesays.com\/fr\/wp-content\/uploads\/2025\/06\/img-1896-960x640.jpg\" alt=\"Pour acc\u00e9der \u00e0 l'int\u00e9rieur de la maison, un pont-levis, qui soulev\u00e9, donne acc\u00e8s au garage.\" width=\"960\" height=\"640\"\/><br \/>\n    Pour acc\u00e9der \u00e0 l\u2019int\u00e9rieur de la maison, un pont-levis, qui soulev\u00e9, donne acc\u00e8s au garage. (\u00a9ES \/ actu Paris)Un patio spectaculaire<\/p>\n<p class=\" wall-content\">Mais remontons vite au rez-de-chauss\u00e9e, o\u00f9 le patio verdoyant attire tous les regards. Il est visible de presque partout, dans cette <strong>maison de 750\u00a0m2<\/strong>, dont les trois niveaux de baies vitr\u00e9es s\u2019ouvrent sur la bande bleue de la piscine.<\/p>\n<p class=\" wall-content\">Dans cet ext\u00e9rieur de 100\u00a0m2, c\u2019est le calme absolu. \u00c0 peine entend-on le clapotis discret de l\u2019eau, o\u00f9 s\u2019active un robot nettoyeur. Le bassin de nage \u2013 pour des raisons techniques, il ne fait que 75 cm de profondeur \u2013 attend le prochain plongeon. Derri\u00e8re un mur v\u00e9g\u00e9tal recouvert de jasmin, des p\u00e9piements d\u2019oiseaux s\u2019\u00e9chappent de la canop\u00e9e des jardins de Matignon. Un voisin qui en dit long sur le prestige de l\u2019adresse, et l\u2019incongruit\u00e9 d\u2019y trouver une architecture contemporaine, domin\u00e9e par le verre et le m\u00e9tal.<\/p>\n<p class=\" wall-content\">\u00ab\u2009On oublie qu\u2019on est \u00e0 Paris. <strong>On pourrait se croire en Asie<\/strong>, avec le c\u00f4t\u00e9 zen de cette maison. Aujourd\u2019hui, avec le plan de sauvegarde du 7e arrondissement et les r\u00e8gles d\u2019urbanismes en cours, ce type de bien ne pourrait plus voir le jour\u2009\u00bb, contextualise Ludovic Brabant.<\/p>\n<p>\u00ab\u2009On a cr\u00e9\u00e9 sur un squelette\u2009\u00bb<\/p>\n<p class=\" wall-content\">\u00c0 l\u2019\u00e9poque d\u00e9j\u00e0, il a fallu<strong> batailler avec Matignon et la Ville de Paris<\/strong> pour parvenir \u00e0 ses fins, se souvient l\u2019architecte Guillaume Cochin, connu notamment pour avoir imagin\u00e9 l\u2019ambassade de France \u00e0 Hano\u00ef.<\/p>\n<p class=\" wall-content\">Lorsqu\u2019il acquiert la parcelle au tournant des ann\u00e9es 2000, la Ville est \u00ab\u2009tr\u00e8s frileuse\u2009\u00bb, confie-t-il. \u00ab\u2009Le patio les d\u00e9rangeait. Ils m\u2019ont fliqu\u00e9 non-stop pendant les travaux\u2009!\u2009\u00bb, \u00e9clate-t-il de rire. \u00ab\u2009La condition, c\u2019\u00e9tait de s\u2019appuyer sur l\u2019existant. Donc, on a fait une vraie maison sur la base d\u2019une carcasse en b\u00e9ton arm\u00e9. On a tout cr\u00e9\u00e9 sur un squelette\u2009\u00bb. Les armatures m\u00e9talliques sont conserv\u00e9es, tout comme les \u00e9paisses dalles de b\u00e9ton qui servent de fondation et sont conserv\u00e9es aux \u00e9tages sup\u00e9rieurs. En huit mois, la maison \u00e9tait construite.<\/p>\n<p>Une client\u00e8le de jeunes entrepreneurs \u00e0 succ\u00e8s<\/p>\n<p class=\" wall-content\">La pi\u00e8ce de vie de 170 m\u00b2, ouverte sur la piscine, est compl\u00e9t\u00e9e dans les \u00e9tages par deux suites spacieuses et raffin\u00e9es, trois chambres et un bureau suspendu dans les hauteurs. La maison s\u2019articule autour de deux corps de b\u00e2timents reli\u00e9s par une coursive longeant le patio. \u00ab\u2009Vivre ici, c\u2019est la pl\u00e9nitude. <strong>Tout est tr\u00e8s ouvert, l\u2019\u0153il est libre<\/strong>, on ne se sent pas enferm\u00e9. C\u2019est une merveille\u2009\u00bb, assure son architecte, qui y a v\u00e9cu pendant quatre ans avant de la vendre. La maison a ensuite connu plusieurs propri\u00e9taires, dont un sulfureux collectionneur qui, en d\u00e9licatesse avec les imp\u00f4ts, s\u2019est fait saisir le bien.<\/p>\n<p class=\" wall-content\">Aujourd\u2019hui, elle est \u00e0 nouveau mise en vente. Plusieurs clients ont d\u00e9j\u00e0 montr\u00e9 leur int\u00e9r\u00eat, indique l\u2019agence Varenne. Le bien s\u00e9duit particuli\u00e8rement les familles et les profils sensibles \u00e0 l\u2019art, la maison offrant de nombreux murs libres pour y accrocher des tableaux. \u00ab\u2009On a beaucoup de jeunes qui ont fait <strong>fortune dans la tech ou la cryptomonnaie,<\/strong> et \u00e9galement quelques \u00e9trangers, notamment des Am\u00e9ricains\u2009\u00bb, glisse Ludovic Brabant. Le pont-levis pourrait bien reprendre du service prochainement.<\/p>\n<p class=\" wall-content\">Suivez toute l\u2019actualit\u00e9 de vos villes et m\u00e9dias favoris en vous inscrivant \u00e0 <a href=\"https:\/\/moncompte.actu.fr\" title=\"D\u00e9couvez Mon Actu\" rel=\"nofollow noopener\" data-trk=\"{&quot;cta&quot;:{&quot;action&quot;:&quot;https:\\\/\\\/moncompte.actu.fr&quot;,&quot;category&quot;:&quot;mon compte&quot;,&quot;from&quot;:&quot;article footer&quot;,&quot;name&quot;:&quot;Mon actu&quot;,&quot;type&quot;:&quot;cta&quot;}}\" target=\"_blank\">Mon Actu<\/a>.<\/p>\n<p>                    <script async src=\"\/\/www.tiktok.com\/embed.js\"><\/script><\/p>\n","protected":false},"excerpt":{"rendered":"Par Emilie Salabelle Publi\u00e9 le 21 juin 2025 \u00e0 8h16 Il faut faire un gros effort de projection&hellip;\n","protected":false},"author":2,"featured_media":193422,"comment_status":"","ping_status":"","sticky":false,"template":"","format":"standard","meta":{"footnotes":""},"categories":[1888],"tags":[11,1777,674,1011,27,1116,2425,12,626,25,104],"class_list":{"0":"post-193421","1":"post","2":"type-post","3":"status-publish","4":"format-standard","5":"has-post-thumbnail","7":"category-paris","8":"tag-actualites","9":"tag-eu","10":"tag-europe","11":"tag-fr","12":"tag-france","13":"tag-immobilier","14":"tag-luxe","15":"tag-news","16":"tag-paris","17":"tag-republique-francaise","18":"tag-societe"},"share_on_mastodon":{"url":"https:\/\/pubeurope.com\/@fr\/114721299117816171","error":""},"_links":{"self":[{"href":"https:\/\/www.europesays.com\/fr\/wp-json\/wp\/v2\/posts\/193421","targetHints":{"allow":["GET"]}}],"collection":[{"href":"https:\/\/www.europesays.com\/fr\/wp-json\/wp\/v2\/posts"}],"about":[{"href":"https:\/\/www.europesays.com\/fr\/wp-json\/wp\/v2\/types\/post"}],"author":[{"embeddable":true,"href":"https:\/\/www.europesays.com\/fr\/wp-json\/wp\/v2\/users\/2"}],"replies":[{"embeddable":true,"href":"https:\/\/www.europesays.com\/fr\/wp-json\/wp\/v2\/comments?post=193421"}],"version-history":[{"count":0,"href":"https:\/\/www.europesays.com\/fr\/wp-json\/wp\/v2\/posts\/193421\/revisions"}],"wp:featuredmedia":[{"embeddable":true,"href":"https:\/\/www.europesays.com\/fr\/wp-json\/wp\/v2\/media\/193422"}],"wp:attachment":[{"href":"https:\/\/www.europesays.com\/fr\/wp-json\/wp\/v2\/media?parent=193421"}],"wp:term":[{"taxonomy":"category","embeddable":true,"href":"https:\/\/www.europesays.com\/fr\/wp-json\/wp\/v2\/categories?post=193421"},{"taxonomy":"post_tag","embeddable":true,"href":"https:\/\/www.europesays.com\/fr\/wp-json\/wp\/v2\/tags?post=193421"}],"curies":[{"name":"wp","href":"https:\/\/api.w.org\/{rel}","templated":true}]}}