{"id":193423,"date":"2025-06-21T12:14:18","date_gmt":"2025-06-21T12:14:18","guid":{"rendered":"https:\/\/www.europesays.com\/fr\/193423\/"},"modified":"2025-06-21T12:14:18","modified_gmt":"2025-06-21T12:14:18","slug":"cest-beau-et-ca-change-devant-lhotel-de-ville-de-paris-les-premiers-visiteurs-de-la-foret-urbaine-seduits","status":"publish","type":"post","link":"https:\/\/www.europesays.com\/fr\/193423\/","title":{"rendered":"\u00ab\u00a0C\u2019est beau et \u00e7a change\u00a0\u00bb\u00a0: devant l\u2019H\u00f4tel de Ville de Paris, les premiers visiteurs de la \u00ab\u00a0for\u00eat urbaine\u00a0\u00bb s\u00e9duits"},"content":{"rendered":"<p class=\"paragraph text_align_left lp-f-body-02\">\u00ab C\u2019est beau et \u00e7a change \u00bb, juge Margot face <a href=\"https:\/\/www.leparisien.fr\/paris-75\/un-nouveau-paysage-a-paris-les-premiers-arbres-de-la-foret-urbaine-de-lhotel-de-ville-sont-plantes-17-01-2025-B77EES63QBG3THYOAYK5KUVYVY.php\" target=\"_blank\" rel=\"noreferrer nofollow noopener\">aux 150 arbres plant\u00e9s<\/a>. \u00ab Mais \u00e7a va rester pour toujours ? \u00bb, questionne son amie Mona. \u00ab Il manque peut-\u00eatre des bancs pour s\u2019asseoir \u00e0 l\u2019ombre \u00bb, termine Louise, 18 ans elle aussi. Depuis quelques jours, les barri\u00e8res qui entouraient ce chantier de constitution de la deuxi\u00e8me for\u00eat urbaine de la capitale, apr\u00e8s la place de la Catalogne (XIVe), ont \u00e9t\u00e9 retir\u00e9es. Et les curieux d\u00e9couvrent en avant-premi\u00e8re l\u2019am\u00e9nagement, inaugur\u00e9 ce samedi 21 juin en d\u00e9but d\u2019apr\u00e8s-midi, avec beaucoup d\u2019enthousiasme.<\/p>\n","protected":false},"excerpt":{"rendered":"\u00ab C\u2019est beau et \u00e7a change \u00bb, juge Margot face aux 150 arbres plant\u00e9s. \u00ab Mais \u00e7a va&hellip;\n","protected":false},"author":2,"featured_media":193424,"comment_status":"","ping_status":"","sticky":false,"template":"","format":"standard","meta":{"footnotes":""},"categories":[1888],"tags":[11,1777,674,1011,27,1944,12,626,25],"class_list":{"0":"post-193423","1":"post","2":"type-post","3":"status-publish","4":"format-standard","5":"has-post-thumbnail","7":"category-paris","8":"tag-actualites","9":"tag-eu","10":"tag-europe","11":"tag-fr","12":"tag-france","13":"tag-ma-ville","14":"tag-news","15":"tag-paris","16":"tag-republique-francaise"},"share_on_mastodon":{"url":"https:\/\/pubeurope.com\/@fr\/114721302992196389","error":""},"_links":{"self":[{"href":"https:\/\/www.europesays.com\/fr\/wp-json\/wp\/v2\/posts\/193423","targetHints":{"allow":["GET"]}}],"collection":[{"href":"https:\/\/www.europesays.com\/fr\/wp-json\/wp\/v2\/posts"}],"about":[{"href":"https:\/\/www.europesays.com\/fr\/wp-json\/wp\/v2\/types\/post"}],"author":[{"embeddable":true,"href":"https:\/\/www.europesays.com\/fr\/wp-json\/wp\/v2\/users\/2"}],"replies":[{"embeddable":true,"href":"https:\/\/www.europesays.com\/fr\/wp-json\/wp\/v2\/comments?post=193423"}],"version-history":[{"count":0,"href":"https:\/\/www.europesays.com\/fr\/wp-json\/wp\/v2\/posts\/193423\/revisions"}],"wp:featuredmedia":[{"embeddable":true,"href":"https:\/\/www.europesays.com\/fr\/wp-json\/wp\/v2\/media\/193424"}],"wp:attachment":[{"href":"https:\/\/www.europesays.com\/fr\/wp-json\/wp\/v2\/media?parent=193423"}],"wp:term":[{"taxonomy":"category","embeddable":true,"href":"https:\/\/www.europesays.com\/fr\/wp-json\/wp\/v2\/categories?post=193423"},{"taxonomy":"post_tag","embeddable":true,"href":"https:\/\/www.europesays.com\/fr\/wp-json\/wp\/v2\/tags?post=193423"}],"curies":[{"name":"wp","href":"https:\/\/api.w.org\/{rel}","templated":true}]}}