{"id":193425,"date":"2025-06-21T12:15:11","date_gmt":"2025-06-21T12:15:11","guid":{"rendered":"https:\/\/www.europesays.com\/fr\/193425\/"},"modified":"2025-06-21T12:15:11","modified_gmt":"2025-06-21T12:15:11","slug":"guerre-en-ukraine-zelensky-accuse-moscou-davoir-remis-a-kiev-des-corps-de-membres-des-troupes-russes-au-lieu-de-soldats-ukrainiens","status":"publish","type":"post","link":"https:\/\/www.europesays.com\/fr\/193425\/","title":{"rendered":"Guerre en Ukraine\u00a0: Zelensky accuse Moscou d&rsquo;avoir remis \u00e0 Kiev des corps de membres des troupes russes au lieu de soldats ukrainiens"},"content":{"rendered":"<p class=\"ap-StoryElement ap-StoryElement--mb ap-StoryText\">Volodymyr Zelensky a accus\u00e9 la Russie d&rsquo;avoir remis volontairement \u00e0 Kiev les corps de 20 membres des troupes russes, dont un citoyen isra\u00e9lien, au lieu des d\u00e9pouilles de soldats ukrainiens comme convenu lors d&rsquo;un r\u00e9cent grand \u00e9change de militaires tu\u00e9s.<\/p>\n<p class=\"ap-StoryElement ap-StoryElement--mb ap-StoryText\">\u00ab\u00a0Nous pensons qu&rsquo;ils font cela d\u00e9lib\u00e9r\u00e9ment pour montrer combien de corps d&rsquo;Ukrainiens ils d\u00e9tiennent suppos\u00e9ment\u00a0\u00bb et minimiser le nombre de militaires russes tu\u00e9s, a soutenu vendredi le pr\u00e9sident ukrainien lors d&rsquo;un briefing \u00e0 la presse sous embargo jusqu&rsquo;\u00e0 samedi.<\/p>\n","protected":false},"excerpt":{"rendered":"Volodymyr Zelensky a accus\u00e9 la Russie d&rsquo;avoir remis volontairement \u00e0 Kiev les corps de 20 membres des troupes&hellip;\n","protected":false},"author":2,"featured_media":193426,"comment_status":"","ping_status":"","sticky":false,"template":"","format":"standard","meta":{"footnotes":""},"categories":[1591],"tags":[11,2120,1887,12,1885,1886,132,220],"class_list":{"0":"post-193425","1":"post","2":"type-post","3":"status-publish","4":"format-standard","5":"has-post-thumbnail","7":"category-russie","8":"tag-actualites","9":"tag-conflit","10":"tag-federation-de-russie","11":"tag-news","12":"tag-russia","13":"tag-russian-federation","14":"tag-russie","15":"tag-ukraine"},"share_on_mastodon":{"url":"https:\/\/pubeurope.com\/@fr\/114721306914304903","error":""},"_links":{"self":[{"href":"https:\/\/www.europesays.com\/fr\/wp-json\/wp\/v2\/posts\/193425","targetHints":{"allow":["GET"]}}],"collection":[{"href":"https:\/\/www.europesays.com\/fr\/wp-json\/wp\/v2\/posts"}],"about":[{"href":"https:\/\/www.europesays.com\/fr\/wp-json\/wp\/v2\/types\/post"}],"author":[{"embeddable":true,"href":"https:\/\/www.europesays.com\/fr\/wp-json\/wp\/v2\/users\/2"}],"replies":[{"embeddable":true,"href":"https:\/\/www.europesays.com\/fr\/wp-json\/wp\/v2\/comments?post=193425"}],"version-history":[{"count":0,"href":"https:\/\/www.europesays.com\/fr\/wp-json\/wp\/v2\/posts\/193425\/revisions"}],"wp:featuredmedia":[{"embeddable":true,"href":"https:\/\/www.europesays.com\/fr\/wp-json\/wp\/v2\/media\/193426"}],"wp:attachment":[{"href":"https:\/\/www.europesays.com\/fr\/wp-json\/wp\/v2\/media?parent=193425"}],"wp:term":[{"taxonomy":"category","embeddable":true,"href":"https:\/\/www.europesays.com\/fr\/wp-json\/wp\/v2\/categories?post=193425"},{"taxonomy":"post_tag","embeddable":true,"href":"https:\/\/www.europesays.com\/fr\/wp-json\/wp\/v2\/tags?post=193425"}],"curies":[{"name":"wp","href":"https:\/\/api.w.org\/{rel}","templated":true}]}}