{"id":19343,"date":"2025-04-12T07:29:16","date_gmt":"2025-04-12T07:29:16","guid":{"rendered":"https:\/\/www.europesays.com\/fr\/19343\/"},"modified":"2025-04-12T07:29:16","modified_gmt":"2025-04-12T07:29:16","slug":"apres-3-semaines-de-blocage-luniversite-bordeaux-montaigne-evacuee-par-la-police","status":"publish","type":"post","link":"https:\/\/www.europesays.com\/fr\/19343\/","title":{"rendered":"Apr\u00e8s 3 semaines de blocage, l\u2019universit\u00e9 Bordeaux-Montaigne \u00e9vacu\u00e9e par la police"},"content":{"rendered":"<p>Les locaux de l\u2019universit\u00e9 \u00e9taient occup\u00e9s par des \u00e9tudiants manifestant contre les restrictions budg\u00e9taires. Les forces de l\u2019ordre sont intervenues \u00e0 l\u2019aube pour les d\u00e9loger.<\/p>\n<p class=\"fig-paragraph\">\u00abApr\u00e8s trois semaines cons\u00e9cutives de blocage, j\u2019ai d\u00e9cid\u00e9 d\u2019en appeler \u00e0 la\u00a0<a href=\"https:\/\/www.lefigaro.fr\/bordeaux\/armement-de-la-police-municipale-a-bordeaux-temps-perdu-et-annonces-en-trompe-l-oeil-selon-les-oppositions-20241113?msockid=258c4318a154643d05395665a0ed65f9\" target=\"_blank\" data-fig-type=\"NewsFlash\" rel=\"noopener nofollow\" data-gtm-custom-categorie=\"navigation\" data-gtm-custom-action=\"crossclick\" data-gtm-custom-label=\"Contextuel\" data-gtm-event=\"customEventSPE\" data-fig-domain=\"LEFIGARO\">force publique<\/a> \u00a0pour lib\u00e9rer les locaux de notre universit\u00e9.\u00bb Le pr\u00e9sident de l\u2019<a href=\"https:\/\/www.lefigaro.fr\/bordeaux\/bordeaux-apres-trois-semaines-le-blocage-de-l-universite-montaigne-est-de-plus-en-plus-conteste-a-l-approche-des-examens-20250410?msockid=258c4318a154643d05395665a0ed65f9\" target=\"_blank\" data-fig-type=\"NewsFlash\" rel=\"noopener nofollow\" data-gtm-custom-categorie=\"navigation\" data-gtm-custom-action=\"crossclick\" data-gtm-custom-label=\"Contextuel\" data-gtm-event=\"customEventSPE\" data-fig-domain=\"LEFIGARO\">universit\u00e9 de Bordeaux<\/a>, Alexandre P\u00e9raud, a choisi d\u2019agir, ce vendredi matin, et de forcer la fin des blocages. \u00abAu regard des tr\u00e8s nombreux messages qui m\u2019ont \u00e9t\u00e9 adress\u00e9s, des lettres ouvertes et p\u00e9titions \u00e9manant des composantes et d\u00e9partements, collectifs ou organisations, je mesure que cette d\u00e9cision sera accueillie comme un soulagement. Je sais aussi que les \u00e9tudiantes et \u00e9tudiants mobilis\u00e9s y verront un acte autoritaire\u00bb, peut-on lire sur le communiqu\u00e9 publi\u00e9 sur le site de\u00a0<a href=\"https:\/\/www.lefigaro.fr\/bordeaux\/virer-l-extreme-droite-du-campus-un-village-antifasciste-a-l-universite-bordeaux-montaigne-inquiete-l-uni-et-la-cocarde-etudiante-20250213?msockid=258c4318a154643d05395665a0ed65f9\" target=\"_blank\" data-fig-type=\"NewsFlash\" rel=\"noopener nofollow\" data-gtm-custom-categorie=\"navigation\" data-gtm-custom-action=\"crossclick\" data-gtm-custom-label=\"Contextuel\" data-gtm-event=\"customEventSPE\" data-fig-domain=\"LEFIGARO\">l\u2019universit\u00e9<\/a>.<\/p>\n<p class=\"fig-paragraph\">Les forces de l\u2019ordre sont intervenues \u00e0 l\u2019aube, d\u00e8s 6h, pour d\u00e9bloquer les entr\u00e9es. Depuis, plusieurs v\u00e9hicules de police sont stationn\u00e9s devant l&rsquo;\u00e9tablissement. \u00abEnvoyer 60 policiers, gendarmes et CRS \u00e0 6h du matin pour d\u00e9loger une occupation vot\u00e9e majoritairement dans une assembl\u00e9e g\u00e9n\u00e9rale de plus de 900 personnes, c&rsquo;est sans doute \u00e7a la conception de la d\u00e9mocratie et du soulagement\u00bb, ont ironis\u00e9 les \u00e9tudiants de l\u2019AG Montaigne, \u00e0 l\u2019origine des blocages, dans un message post\u00e9 en ligne.<\/p>\n<p class=\"fig-paragraph\">Ils ont appel\u00e9 \u00e0 une nouvelle assembl\u00e9e g\u00e9n\u00e9rale dans la journ\u00e9e, d\u00e9non\u00e7ant notamment des \u00abviolences\u00bb contre des \u00e9tudiants lors de l&rsquo;intervention polici\u00e8re. L&rsquo;universit\u00e9, elle, indique que l&rsquo;op\u00e9ration s&rsquo;est d\u00e9roul\u00e9e \u00absans incident\u00bb.<\/p>\n<p>\u00abDes locaux de plus en plus d\u00e9grad\u00e9s\u00bb<\/p>\n<p class=\"fig-paragraph\">Tous les cours en pr\u00e9sentiel \u00e9taient arr\u00eat\u00e9s depuis le 24 mars, et les \u00abmultiples tentatives de dialogue\u00bb n&rsquo;ont conduit \u00e0 \u00abaucune sortie de crise\u00bb, souligne dans un communiqu\u00e9 Bordeaux-Montaigne, la plus petite des deux universit\u00e9s bordelaises (quelque 17.000 \u00e9tudiants sur un total d&rsquo;environ 70.000). L&rsquo;\u00e9tablissement cite notamment \u00abla multiplication des mises en danger des \u00e9tudiants\u00bb et personnels enseignants, des \u00ablocaux de plus en plus d\u00e9grad\u00e9s\u00bb et l&rsquo;obtention des dipl\u00f4mes \u00abclairement en danger\u00bb.<\/p>\n<p class=\"fig-paragraph\">\u00abLe blocage \u00e9tait historiquement l&rsquo;outil ultime d&rsquo;une lutte. Sa l\u00e9gitimit\u00e9 et sa capacit\u00e9 \u00e0 rallier tenaient \u00e0 son exceptionnalit\u00e9. Banalis\u00e9, le blocage brise le dialogue social et ne rallie plus les syndicats\u00bb, a justifi\u00e9 Alexandre P\u00e9raud.<\/p>\n<p class=\"fig-paragraph\">Les syndicats Union \u00e9tudiante Bordeaux et Unef Bordeaux avaient assur\u00e9 soutenir les revendications des bloqueurs mais attestaient aussi d\u2019\u00abun \u00e9puisement g\u00e9n\u00e9ral\u00bb et un \u00abm\u00e9contentement grandissant\u00bb aupr\u00e8s des \u00e9l\u00e8ves et enseignants.<\/p>\n<p class=\"fig-paragraph\">L\u2019universit\u00e9 Bordeaux-Montaigne devrait donc \u00eatre \u00e0 nouveau accessible aux \u00e9tudiants \u00e0 partir de lundi 14 avril, d\u00e8s 8h.<\/p>\n","protected":false},"excerpt":{"rendered":"Les locaux de l\u2019universit\u00e9 \u00e9taient occup\u00e9s par des \u00e9tudiants manifestant contre les restrictions budg\u00e9taires. Les forces de l\u2019ordre&hellip;\n","protected":false},"author":2,"featured_media":19344,"comment_status":"","ping_status":"","sticky":false,"template":"","format":"standard","meta":{"footnotes":""},"categories":[2817],"tags":[1111,11,7551,1997,2916,2911,2910,2915,2909,2904,2913,2912,2914,2906,2907,6379,1777,674,1011,27,2905,2908,12,2219,25,5768],"class_list":{"0":"post-19343","1":"post","2":"type-post","3":"status-publish","4":"format-standard","5":"has-post-thumbnail","7":"category-bordeaux","8":"tag-actu","9":"tag-actualites","10":"tag-blocage","11":"tag-bordeaux","12":"tag-bordeaux-cauderan","13":"tag-bordeaux-centre-ville","14":"tag-bordeaux-chartrons-grand-parc-jardin-public","15":"tag-bordeaux-la-bastide","16":"tag-bordeaux-maritime","17":"tag-bordeaux-metropole","18":"tag-bordeaux-nansouty-st-genes","19":"tag-bordeaux-st-augustin-tauzin-alphonse-dupeux","20":"tag-bordeaux-sud","21":"tag-capitale-de-gaule","22":"tag-cathedrale-gothique-de-saint-andre","23":"tag-etudiants","24":"tag-eu","25":"tag-europe","26":"tag-fr","27":"tag-france","28":"tag-gironde","29":"tag-girondins-de-bordeaux","30":"tag-news","31":"tag-nouvelle-aquitaine","32":"tag-republique-francaise","33":"tag-universite"},"share_on_mastodon":{"url":"","error":"Validation failed: Text character limit of 500 exceeded"},"_links":{"self":[{"href":"https:\/\/www.europesays.com\/fr\/wp-json\/wp\/v2\/posts\/19343","targetHints":{"allow":["GET"]}}],"collection":[{"href":"https:\/\/www.europesays.com\/fr\/wp-json\/wp\/v2\/posts"}],"about":[{"href":"https:\/\/www.europesays.com\/fr\/wp-json\/wp\/v2\/types\/post"}],"author":[{"embeddable":true,"href":"https:\/\/www.europesays.com\/fr\/wp-json\/wp\/v2\/users\/2"}],"replies":[{"embeddable":true,"href":"https:\/\/www.europesays.com\/fr\/wp-json\/wp\/v2\/comments?post=19343"}],"version-history":[{"count":0,"href":"https:\/\/www.europesays.com\/fr\/wp-json\/wp\/v2\/posts\/19343\/revisions"}],"wp:featuredmedia":[{"embeddable":true,"href":"https:\/\/www.europesays.com\/fr\/wp-json\/wp\/v2\/media\/19344"}],"wp:attachment":[{"href":"https:\/\/www.europesays.com\/fr\/wp-json\/wp\/v2\/media?parent=19343"}],"wp:term":[{"taxonomy":"category","embeddable":true,"href":"https:\/\/www.europesays.com\/fr\/wp-json\/wp\/v2\/categories?post=19343"},{"taxonomy":"post_tag","embeddable":true,"href":"https:\/\/www.europesays.com\/fr\/wp-json\/wp\/v2\/tags?post=19343"}],"curies":[{"name":"wp","href":"https:\/\/api.w.org\/{rel}","templated":true}]}}