{"id":193433,"date":"2025-06-21T12:19:09","date_gmt":"2025-06-21T12:19:09","guid":{"rendered":"https:\/\/www.europesays.com\/fr\/193433\/"},"modified":"2025-06-21T12:19:09","modified_gmt":"2025-06-21T12:19:09","slug":"un-brestois-atterrit-en-allemagne-allemagne-sankt-pauli","status":"publish","type":"post","link":"https:\/\/www.europesays.com\/fr\/193433\/","title":{"rendered":"Un Brestois atterrit en Allemagne &#8211; Allemagne &#8211; Sankt Pauli"},"content":{"rendered":"<p>Bundesligue 1, nouvel \u00e9pisode.<\/p>\n<p>Arriv\u00e9 en fin de contrat \u00e0 Brest, <strong>Mathias Pereira Lage a fil\u00e9, libre, \u00e0 Sankt Pauli<\/strong>. Le Franco-Portugais de 28 ans va ainsi d\u00e9couvrir un championnat \u00e9tranger pour la premi\u00e8re fois de sa carri\u00e8re, apr\u00e8s avoir jou\u00e9 \u00e0 Clermont, son club formateur, Angers, le club qui l\u2019a fait conna\u00eetre en Ligue 1, et donc Brest, o\u00f9 il aura disput\u00e9 une historique campagne de Ligue des champions (neuf matchs, un but).<\/p>\n<p>En trois saisons bretonnes (2022-2025), Pereira Lage a disput\u00e9 99 matchs \u2013 si proche des 100\u2026 \u2013 inscrit 9 buts et d\u00e9livr\u00e9 13 passes d\u00e9cisives. L\u2019habituel ailier y a notamment appris la besogne, en jouant comme lat\u00e9ral a plusieurs reprises pour compenser les absences. Une polyvalence qui lui a certainement ouvert les portes de la Bundesliga.<\/p>\n<p>Es kommt aus der Auvergne.<\/p>\n<p>\t\t\t\t\t\t\t\t\t\t<a class=\"lien-connexe\" href=\"https:\/\/www.sofoot.com\/breves\/sankt-pauli-recolte-27-millions-deuros-en-vendant-son-stade-a-ses-supporters\" rel=\"nofollow noopener\" target=\"_blank\">Sankt Pauli r\u00e9colte 27 millions d\u2019euros en vendant son stade \u00e0 ses supporters<\/a>\t\t\t\t\t<\/p>\n","protected":false},"excerpt":{"rendered":"Bundesligue 1, nouvel \u00e9pisode. Arriv\u00e9 en fin de contrat \u00e0 Brest, Mathias Pereira Lage a fil\u00e9, libre, \u00e0&hellip;\n","protected":false},"author":2,"featured_media":193434,"comment_status":"","ping_status":"","sticky":false,"template":"","format":"standard","meta":{"footnotes":""},"categories":[1587],"tags":[47,11,61,672,69,1804,65,1805,1803,64,1777,674,63,1801,68,66,12,62,70,1802,67],"class_list":{"0":"post-193433","1":"post","2":"type-post","3":"status-publish","4":"format-standard","5":"has-post-thumbnail","7":"category-allemagne","8":"tag-actualite","9":"tag-actualites","10":"tag-actus-football","11":"tag-allemagne","12":"tag-bundesliga","13":"tag-bundesrepublik-deutschland","14":"tag-championnats-europeens","15":"tag-de","16":"tag-deutschland","17":"tag-equipe-de-france","18":"tag-eu","19":"tag-europe","20":"tag-football","21":"tag-germany","22":"tag-ligua","23":"tag-ligue-1","24":"tag-news","25":"tag-news-foot","26":"tag-premier-league","27":"tag-republique-federale-dallemagne","28":"tag-serie-a"},"share_on_mastodon":{"url":"https:\/\/pubeurope.com\/@fr\/114721322889366335","error":""},"_links":{"self":[{"href":"https:\/\/www.europesays.com\/fr\/wp-json\/wp\/v2\/posts\/193433","targetHints":{"allow":["GET"]}}],"collection":[{"href":"https:\/\/www.europesays.com\/fr\/wp-json\/wp\/v2\/posts"}],"about":[{"href":"https:\/\/www.europesays.com\/fr\/wp-json\/wp\/v2\/types\/post"}],"author":[{"embeddable":true,"href":"https:\/\/www.europesays.com\/fr\/wp-json\/wp\/v2\/users\/2"}],"replies":[{"embeddable":true,"href":"https:\/\/www.europesays.com\/fr\/wp-json\/wp\/v2\/comments?post=193433"}],"version-history":[{"count":0,"href":"https:\/\/www.europesays.com\/fr\/wp-json\/wp\/v2\/posts\/193433\/revisions"}],"wp:featuredmedia":[{"embeddable":true,"href":"https:\/\/www.europesays.com\/fr\/wp-json\/wp\/v2\/media\/193434"}],"wp:attachment":[{"href":"https:\/\/www.europesays.com\/fr\/wp-json\/wp\/v2\/media?parent=193433"}],"wp:term":[{"taxonomy":"category","embeddable":true,"href":"https:\/\/www.europesays.com\/fr\/wp-json\/wp\/v2\/categories?post=193433"},{"taxonomy":"post_tag","embeddable":true,"href":"https:\/\/www.europesays.com\/fr\/wp-json\/wp\/v2\/tags?post=193433"}],"curies":[{"name":"wp","href":"https:\/\/api.w.org\/{rel}","templated":true}]}}