{"id":193437,"date":"2025-06-21T12:21:10","date_gmt":"2025-06-21T12:21:10","guid":{"rendered":"https:\/\/www.europesays.com\/fr\/193437\/"},"modified":"2025-06-21T12:21:10","modified_gmt":"2025-06-21T12:21:10","slug":"la-france-et-litalie-demandent-plus-de-protection-pour-les-agriculteurs","status":"publish","type":"post","link":"https:\/\/www.europesays.com\/fr\/193437\/","title":{"rendered":"la France et l&rsquo;Italie demandent plus de protection pour les agriculteurs"},"content":{"rendered":"<p>La France se dote d&rsquo;un alli\u00e9 dans le cadre de la n\u00e9gociation de l&rsquo;accord entre l&rsquo;UE et les pays du Mercosur. L&rsquo;Hexagone et l&rsquo;Italie appellent ensemble \u00e0 \u00ab\u202fun meilleur \u00e9quilibre\u202f\u00bb pour prot\u00e9ger les agriculteurs europ\u00e9ens, y compris en adoptant \u00ab\u202fdes clauses d\u00e9di\u00e9es\u202f\u00bb, ont annonc\u00e9 les deux pays dans un communiqu\u00e9 conjoint.<\/p>\n<p>Vive opposition du monde agricole fran\u00e7ais<\/p>\n<p>La France a multipli\u00e9 ces derniers mois les d\u00e9marches europ\u00e9ennes pour tenter de bloquer l&rsquo;adoption de ce trait\u00e9 commercial entre l&rsquo;Union europ\u00e9enne et les pays du Mercosur (Br\u00e9sil, Argentine, Uruguay, Paraguay), qui suscite une vive opposition au sein du monde agricole fran\u00e7ais.<\/p>\n<p>Le texte pr\u00e9voit notamment d&rsquo;accro\u00eetre les exportations europ\u00e9ennes de voitures, de machines ou de spiritueux, en \u00e9change d&rsquo;un acc\u00e8s facilit\u00e9 pour la viande, le sucre, le riz, le miel ou encore le soja sud-am\u00e9ricains.<\/p>\n<p>Benjamin Haddad, ministre fran\u00e7ais d\u00e9l\u00e9gu\u00e9 \u00e0 l&rsquo;Europe, s&rsquo;est entretenu cette semaine \u00e0 Rome avec son homologue italien Tommaso Foti pour \u00ab\u202faborder les voies possibles d&rsquo;am\u00e9lioration de l&rsquo;accord du Mercosur\u202f\u00bb, pr\u00e9cise le communiqu\u00e9.<\/p>\n<p>Emmanuel Macron pr\u00eat \u00e0 signer un accord d&rsquo;ici fin 2025 sous conditions<\/p>\n<p>\u00ab\u202fLes ministres Haddad et Foti partagent la n\u00e9cessit\u00e9 de mieux prot\u00e9ger nos agriculteurs et nos r\u00e8gles sanitaires, y compris par l&rsquo;adoption de clauses d\u00e9di\u00e9es\u202f\u00bb, souligne le texte. \u00ab\u202fM\u00eame s&rsquo;il contient des b\u00e9n\u00e9fices, l&rsquo;accord UE-Mercosur ne prot\u00e8ge pas suffisamment les agriculteurs europ\u00e9ens contre les risques de perturbation de march\u00e9 et ne permet pas d&rsquo;assurer durablement la souverainet\u00e9 alimentaire du continent\u202f\u00bb, ajoutent les deux ministres.<\/p>\n<p>Le pr\u00e9sident Emmanuel Macron avait d\u00e9clar\u00e9 le 6 juin, lors de la visite de son homologue br\u00e9silien en France, qu&rsquo;il \u00e9tait pr\u00eat \u00e0 signer un accord avec le Mercosur d&rsquo;ici fin 2025, mais sous conditions. De son c\u00f4t\u00e9, Luiz In\u00e1cio Lula da Silva avait insist\u00e9 sur l&rsquo;importance d&rsquo;un tel accord, en d\u00e9pit des r\u00e9ticences du secteur agricole europ\u00e9en.<\/p>\n","protected":false},"excerpt":{"rendered":"La France se dote d&rsquo;un alli\u00e9 dans le cadre de la n\u00e9gociation de l&rsquo;accord entre l&rsquo;UE et les&hellip;\n","protected":false},"author":2,"featured_media":193438,"comment_status":"","ping_status":"","sticky":false,"template":"","format":"standard","meta":{"footnotes":""},"categories":[1586],"tags":[17,11,12435,645,1777,674,1779,1011,27,32040,12,378,471,4846,25,1778,32180,364],"class_list":{"0":"post-193437","1":"post","2":"type-post","3":"status-publish","4":"format-standard","5":"has-post-thumbnail","7":"category-europe","8":"tag-17","9":"tag-actualites","10":"tag-demandent","11":"tag-entreprises-finance","12":"tag-eu","13":"tag-europe","14":"tag-european-union","15":"tag-fr","16":"tag-france","17":"tag-litalie","18":"tag-news","19":"tag-plus","20":"tag-pour","21":"tag-protection","22":"tag-republique-francaise","23":"tag-ue","24":"tag-ue-mercosur","25":"tag-union-europeenne"},"share_on_mastodon":{"url":"https:\/\/pubeurope.com\/@fr\/114721330550755411","error":""},"_links":{"self":[{"href":"https:\/\/www.europesays.com\/fr\/wp-json\/wp\/v2\/posts\/193437","targetHints":{"allow":["GET"]}}],"collection":[{"href":"https:\/\/www.europesays.com\/fr\/wp-json\/wp\/v2\/posts"}],"about":[{"href":"https:\/\/www.europesays.com\/fr\/wp-json\/wp\/v2\/types\/post"}],"author":[{"embeddable":true,"href":"https:\/\/www.europesays.com\/fr\/wp-json\/wp\/v2\/users\/2"}],"replies":[{"embeddable":true,"href":"https:\/\/www.europesays.com\/fr\/wp-json\/wp\/v2\/comments?post=193437"}],"version-history":[{"count":0,"href":"https:\/\/www.europesays.com\/fr\/wp-json\/wp\/v2\/posts\/193437\/revisions"}],"wp:featuredmedia":[{"embeddable":true,"href":"https:\/\/www.europesays.com\/fr\/wp-json\/wp\/v2\/media\/193438"}],"wp:attachment":[{"href":"https:\/\/www.europesays.com\/fr\/wp-json\/wp\/v2\/media?parent=193437"}],"wp:term":[{"taxonomy":"category","embeddable":true,"href":"https:\/\/www.europesays.com\/fr\/wp-json\/wp\/v2\/categories?post=193437"},{"taxonomy":"post_tag","embeddable":true,"href":"https:\/\/www.europesays.com\/fr\/wp-json\/wp\/v2\/tags?post=193437"}],"curies":[{"name":"wp","href":"https:\/\/api.w.org\/{rel}","templated":true}]}}