{"id":193445,"date":"2025-06-21T12:25:14","date_gmt":"2025-06-21T12:25:14","guid":{"rendered":"https:\/\/www.europesays.com\/fr\/193445\/"},"modified":"2025-06-21T12:25:14","modified_gmt":"2025-06-21T12:25:14","slug":"vosges-le-club-de-golf-de-lermitage-celebre-les-120-ans-du-parcours-du-mont-saint-jean-dans-les-espaces-charles-garnier","status":"publish","type":"post","link":"https:\/\/www.europesays.com\/fr\/193445\/","title":{"rendered":"Vosges. Le club de golf de l\u2019Ermitage c\u00e9l\u00e8bre les 120 ans du parcours du Mont Saint-Jean dans les espaces Charles-Garnier"},"content":{"rendered":"<p>La chose est suffisamment rare pour \u00eatre signal\u00e9e. Ce vendredi, c\u2019\u00e9tait jour de c\u00e9l\u00e9bration en fin d\u2019apr\u00e8s-midi dans <a href=\"https:\/\/www.vosgesmatin.fr\/culture-loisirs\/2025\/05\/04\/tourisme-destination-vittel-voit-loin-avec-2025-et-ses-nouveaux-espaces-charles-garnier\" target=\"_blank\" rel=\"noopener\">l\u2019un des espaces Charles-Garnier<\/a> et plus pr\u00e9cis\u00e9ment dans la salle des f\u00eates. Une c\u00e9r\u00e9monie qui a rassembl\u00e9 une grosse soixantaine d\u2019invit\u00e9s, dont certains en tenue de gala, dans le but d\u2019honorer l\u2019une des survivances locales de la Belle \u00e9poque, soit peut-\u00eatre la p\u00e9riode la plus faste de la station.<\/p>\n<p>Toute une logique qui s\u2019est \u00e9clair\u00e9e, lorsque <a href=\"https:\/\/www.vosgesmatin.fr\/culture-loisirs\/2024\/04\/06\/le-club-de-golf-vittel-ermitage-entend-quadrupler-le-nombre-de-ses-membres\" target=\"_blank\" rel=\"noopener\">Guy Fran\u00e7ais<\/a> , le ma\u00eetre de c\u00e9r\u00e9monie, est mont\u00e9 sur sc\u00e8ne. Histoire de regarder significativement dans le r\u00e9troviseur\u00a0: \u00ab\u00a0C\u2019est avec une immense \u00e9motion et une grande fiert\u00e9 que je prends la&#8230;<\/p>\n","protected":false},"excerpt":{"rendered":"La chose est suffisamment rare pour \u00eatre signal\u00e9e. Ce vendredi, c\u2019\u00e9tait jour de c\u00e9l\u00e9bration en fin d\u2019apr\u00e8s-midi dans&hellip;\n","protected":false},"author":2,"featured_media":193446,"comment_status":"","ping_status":"","sticky":false,"template":"","format":"standard","meta":{"footnotes":""},"categories":[1418],"tags":[1797,107,1011,27,1472,104,60,1631,2225,2226,774],"class_list":{"0":"post-193445","1":"post","2":"type-post","3":"status-publish","4":"format-standard","5":"has-post-thumbnail","7":"category-golf","8":"tag-edition-la-plaine","9":"tag-fil-info","10":"tag-fr","11":"tag-france","12":"tag-golf","13":"tag-societe","14":"tag-sports","15":"tag-vie-associative","16":"tag-vittel","17":"tag-vittel-contrexeville-ville-88a","18":"tag-vosges"},"share_on_mastodon":{"url":"https:\/\/pubeurope.com\/@fr\/114721346331351388","error":""},"_links":{"self":[{"href":"https:\/\/www.europesays.com\/fr\/wp-json\/wp\/v2\/posts\/193445","targetHints":{"allow":["GET"]}}],"collection":[{"href":"https:\/\/www.europesays.com\/fr\/wp-json\/wp\/v2\/posts"}],"about":[{"href":"https:\/\/www.europesays.com\/fr\/wp-json\/wp\/v2\/types\/post"}],"author":[{"embeddable":true,"href":"https:\/\/www.europesays.com\/fr\/wp-json\/wp\/v2\/users\/2"}],"replies":[{"embeddable":true,"href":"https:\/\/www.europesays.com\/fr\/wp-json\/wp\/v2\/comments?post=193445"}],"version-history":[{"count":0,"href":"https:\/\/www.europesays.com\/fr\/wp-json\/wp\/v2\/posts\/193445\/revisions"}],"wp:featuredmedia":[{"embeddable":true,"href":"https:\/\/www.europesays.com\/fr\/wp-json\/wp\/v2\/media\/193446"}],"wp:attachment":[{"href":"https:\/\/www.europesays.com\/fr\/wp-json\/wp\/v2\/media?parent=193445"}],"wp:term":[{"taxonomy":"category","embeddable":true,"href":"https:\/\/www.europesays.com\/fr\/wp-json\/wp\/v2\/categories?post=193445"},{"taxonomy":"post_tag","embeddable":true,"href":"https:\/\/www.europesays.com\/fr\/wp-json\/wp\/v2\/tags?post=193445"}],"curies":[{"name":"wp","href":"https:\/\/api.w.org\/{rel}","templated":true}]}}