{"id":193447,"date":"2025-06-21T12:26:15","date_gmt":"2025-06-21T12:26:15","guid":{"rendered":"https:\/\/www.europesays.com\/fr\/193447\/"},"modified":"2025-06-21T12:26:15","modified_gmt":"2025-06-21T12:26:15","slug":"le-nouvel-effectif-du-chaumont-vb-52-est-jeune-et-ambitieux","status":"publish","type":"post","link":"https:\/\/www.europesays.com\/fr\/193447\/","title":{"rendered":"Le nouvel effectif du Chaumont VB 52 est jeune et ambitieux"},"content":{"rendered":"<p><strong>C\u2019est dans les locaux d\u2019un partenaire du club que le pr\u00e9sident du Chaumont VB 52 Haute-Marne, Bruno Soirfeck, a pr\u00e9sent\u00e9 l\u2019int\u00e9gralit\u00e9 du nouvel effectif c\u00e9v\u00e9biste pour la saison \u00e0 venir.  Un groupe largement remani\u00e9 mais toujours aussi ambitieux.<\/strong><\/p>\n<p>Le Chaumont VB 52 Haute-Marne avait d\u00e9j\u00e0 communiqu\u00e9 sur<a href=\"https:\/\/jhm.fr\/le-cvb-52-connait-son-programme\/\" rel=\"nofollow noopener\" target=\"_blank\"> le vaste chantier entrepris pour recomposer un collectif<\/a> lors de la pr\u00e9sente intersaison. En effet, apr\u00e8s avoir annonc\u00e9 que seuls trois joueurs (Th\u00e9o Durand, Pierre Toledo et Jacob Pasteur) du dernier effectif porteraient encore les couleurs du club lors de la prochaine saison, les dirigeants c\u00e9v\u00e9bistes, par la voix de leur pr\u00e9sident Bruno Soirfeck, ont enfin d\u00e9voil\u00e9 l\u2019int\u00e9gralit\u00e9 du nouveau groupe, vendredi 20 juin.<\/p>\n<p>Dans les locaux d\u2019un des sponsors automobiles du club, le chef de file du CVB 52 avait donc r\u00e9uni partenaires et m\u00e9dias pour effectuer l\u2019annonce tant attendue. Si certains noms avaient d\u00e9j\u00e0 pu \u201cfuiter\u201d sur les r\u00e9seaux sociaux, l\u2019officialisation de l\u2019int\u00e9gralit\u00e9 de la liste des joueurs 2025\/2026 (lire encadr\u00e9) a permis de confirmer certaines arriv\u00e9es, ou de d\u00e9couvrir les derni\u00e8res inconnues de la prochaine \u00e9quation sportive c\u00e9v\u00e9biste. En r\u00e9sum\u00e9, treize \u00e9l\u00e9ments formeront donc le nouveau collectif chaumontais. Parmi eux, cinq Fran\u00e7ais tenteront de \u201cgrandir\u201d sous la houlette formatrice de l\u2019embl\u00e9matique entra\u00eeneur, Silvano Prandi, qui effectuera sa onzi\u00e8me saison en Haute-Marne. Au sein d\u2019un groupe dont la moyenne d\u2019\u00e2ge restera, une fois de plus, assez basse (24,7 ans, avec trois \u00e9l\u00e9ments seulement de plus de 25 ans), le nouveau passeur canadien venu de Poitiers, Brett Walsh, fera figure de \u201cgrand fr\u00e8re\u201d du haut de ses 31 ans.<\/p>\n<p>\u00a0<\/p>\n<p>D\u00e9part de Radoslav Spasov<\/p>\n<p>L\u2019\u00e9quipe \u00e9trennera \u00e9galement quelques nationalit\u00e9s in\u00e9dites en son sein, avec les venues de l\u2019ex-Ni\u00e7ois, Alexandros Raptis, qui sera le premier Grec \u00e0 porter le maillot c\u00e9v\u00e9biste, ainsi que Rok Bracko, qui ajoutera la Slov\u00e9nie \u00e0 la longue liste des pays ayant repr\u00e9sent\u00e9 le CVB 52.<\/p>\n<p>La seule v\u00e9ritable surprise du jour est venue du staff technique que l\u2019on annon\u00e7ait reconduit dans son int\u00e9gralit\u00e9, mais qui vient juste de perdre son pr\u00e9parateur physique et kin\u00e9, Radoslav Spasov. En effet, le Bulgare, apr\u00e8s six ann\u00e9es pass\u00e9es en Haute-Marne, a d\u00e9cid\u00e9 de rejoindre un club de Pro D2 de\u2026 rugby, son autre passion, du c\u00f4t\u00e9 de Valence-Romans Dr\u00f4me. \u00ab On va donc rechercher une autre solution \u00bb, pr\u00e9cise Bruno Soirfeck. Des nouveaux visages, mais des objectifs similaires, pour le club chaumontais qui ne change pas sa volont\u00e9 de se m\u00ealer \u00e0 la lutte dans le haut de tableau pour tenter d\u2019\u00e9toffer son palmar\u00e8s. \u00ab Nous avons toujours les m\u00eames ambitions ! \u00bb, confirme le pr\u00e9sident c\u00e9v\u00e9biste.<\/p>\n<p><strong>Laurent G\u00e9nin<\/strong><\/p>\n<p><a href=\"https:\/\/jhm.fr\/le-nouevl-effectif-du-chaumont-vb52-est-jeune-et-ambitieux\/mailto:l.genin@jhm.fr\" rel=\"nofollow noopener\" target=\"_blank\">l.genin@jhm.fr<\/a><\/p>\n<p>Les joueurs 2025\/2026 du CVB 52<\/p>\n<p><strong>Passeurs<\/strong><br \/>Brett Walsh (CAN) 31 ans, 1,95 m (de Poitiers, MSL)<br \/>Sergiusz Serafin (POL) 21 ans, 1,95 m (d\u2019Ajaccio, LB)<br \/><strong>Pointus<\/strong><br \/>Pierre Toledo (FRA) 25 ans, 1,97 m<br \/>Joshua Marty (FRA) 23 ans, 2 m (de Fr\u00e9jus, LB)<br \/><strong>Attaquants\/r\u00e9ceptionneurs\u00a0<\/strong><br \/>Jacob Pasteur (USA) 23 ans, 1,93 m<br \/>Rok Bra\u010dko (SLV) 21 ans, 1,95 m (de Paris, MSL)<br \/>Danny Poda (FRA) 26 ans, 1,94 m (de Reggio Emilia, D2 ITA)<br \/>Al\u00e9xandros R\u00e1ptis (GRE) 25 ans, 1,98 m (de Nice, MSL)<br \/><strong>Centraux<\/strong><br \/>Jackson Cole Meier (CAN) 25 ans, 2,01 m (de l\u2019Univ. de Calgary, CAN)<br \/>Alex Saaremaa (EST) 25 ans, 2,10 m ( de Maaseik, BEL)<br \/>Twan Wiltenburg (PBS) 28 ans, 2,04 m (de Narbonne, MSL)<br \/><strong>Lib\u00e9ros<\/strong><br \/>Th\u00e9o Durand (FRA) 25 ans, 1,80 m<br \/>Lilian Le Meur (FRA) 23 ans, 1,86 m (de Nice, MSL)<\/p>\n<ul class=\"splide__list\">\n<li class=\"splide__slide\">\n                    <img decoding=\"async\" src=\"https:\/\/www.europesays.com\/fr\/wp-content\/uploads\/2025\/06\/901649.HR_.jpg\" alt=\"\"\/><br \/>\n                                            L\u2019ex-Poitevin Brett Walsh guidera l\u2019\u00e9quipe c\u00e9v\u00e9biste \u2028la saison prochaine. (Photo : D. Piot)\n                                    <\/li>\n<\/ul>\n<ul class=\"splide__list\">\n<li class=\"splide__slide\">\n                    <img decoding=\"async\" src=\"https:\/\/www.europesays.com\/fr\/wp-content\/uploads\/2025\/06\/901649.HR_-150x150.jpg\" alt=\"\"\/>\n                <\/li>\n<\/ul>\n","protected":false},"excerpt":{"rendered":"C\u2019est dans les locaux d\u2019un partenaire du club que le pr\u00e9sident du Chaumont VB 52 Haute-Marne, Bruno Soirfeck,&hellip;\n","protected":false},"author":2,"featured_media":193448,"comment_status":"","ping_status":"","sticky":false,"template":"","format":"standard","meta":{"footnotes":""},"categories":[1417],"tags":[1011,27,60,1470,1469],"class_list":{"0":"post-193447","1":"post","2":"type-post","3":"status-publish","4":"format-standard","5":"has-post-thumbnail","7":"category-volley","8":"tag-fr","9":"tag-france","10":"tag-sports","11":"tag-volley","12":"tag-volleyball"},"share_on_mastodon":{"url":"https:\/\/pubeurope.com\/@fr\/114721350404390812","error":""},"_links":{"self":[{"href":"https:\/\/www.europesays.com\/fr\/wp-json\/wp\/v2\/posts\/193447","targetHints":{"allow":["GET"]}}],"collection":[{"href":"https:\/\/www.europesays.com\/fr\/wp-json\/wp\/v2\/posts"}],"about":[{"href":"https:\/\/www.europesays.com\/fr\/wp-json\/wp\/v2\/types\/post"}],"author":[{"embeddable":true,"href":"https:\/\/www.europesays.com\/fr\/wp-json\/wp\/v2\/users\/2"}],"replies":[{"embeddable":true,"href":"https:\/\/www.europesays.com\/fr\/wp-json\/wp\/v2\/comments?post=193447"}],"version-history":[{"count":0,"href":"https:\/\/www.europesays.com\/fr\/wp-json\/wp\/v2\/posts\/193447\/revisions"}],"wp:featuredmedia":[{"embeddable":true,"href":"https:\/\/www.europesays.com\/fr\/wp-json\/wp\/v2\/media\/193448"}],"wp:attachment":[{"href":"https:\/\/www.europesays.com\/fr\/wp-json\/wp\/v2\/media?parent=193447"}],"wp:term":[{"taxonomy":"category","embeddable":true,"href":"https:\/\/www.europesays.com\/fr\/wp-json\/wp\/v2\/categories?post=193447"},{"taxonomy":"post_tag","embeddable":true,"href":"https:\/\/www.europesays.com\/fr\/wp-json\/wp\/v2\/tags?post=193447"}],"curies":[{"name":"wp","href":"https:\/\/api.w.org\/{rel}","templated":true}]}}