{"id":193450,"date":"2025-06-21T12:28:09","date_gmt":"2025-06-21T12:28:09","guid":{"rendered":"https:\/\/www.europesays.com\/fr\/193450\/"},"modified":"2025-06-21T12:28:09","modified_gmt":"2025-06-21T12:28:09","slug":"atp-halle-alexander-bublik-qualifie-en-demi-finales-mais-extenue-par-le-retour-mediatique-jai-recu-une-tonne-de-messages","status":"publish","type":"post","link":"https:\/\/www.europesays.com\/fr\/193450\/","title":{"rendered":"ATP &#8211; Halle > Alexander Bublik, qualifi\u00e9 en demi-finales mais ext\u00e9nu\u00e9 par le retour m\u00e9diatique : \u00ab\u00a0J&rsquo;ai re\u00e7u une tonne de messages\u00a0\u00bb"},"content":{"rendered":"<p>Battre Sinner n\u2019est pas un demi exploit. Bublik s\u2019en est rendu compte hier avant son quart de finale. Il a \u00e9t\u00e9 litt\u00e9\u00adra\u00adle\u00adment assailli de messages, ce qui a rendu sa concen\u00adtra\u00adtion plus que diffi\u00adcile pour se sortir des griffes de Machac (7\u22126, 6\u20133).<\/p>\n<p>\u00ab\u202f<strong>Cela n\u2019a pas \u00e9t\u00e9 la meilleure des soir\u00e9es, car il y a eu beau\u00adcoup de messages, un \u00e9norme engoue\u00adment m\u00e9dia\u00adtique dans une certaine mesure. J\u2019ai re\u00e7u une tonne de messages. Du coup, je suis tr\u00e8s heureux d\u2019avoir pu contr\u00f4ler le match aujourd\u2019hui. \u00c0 la fin du premier set, il a r\u00e9ussi quatre coups incroya\u00adble\u00adment r\u00e9ussis et a pris mon service. J\u2019ai d\u00fb jouer un tie\u2010break, mais je suis rest\u00e9 calme, on peut dire, avec quelques ajustements\u202f\u00bb<\/strong><\/p>\n<p class=\"post-published-date\" style=\"color: silver; font-size: 75%; text-align: left;\">Publi\u00e9 le samedi 21 juin 2025 \u00e0 13:32<\/p>\n","protected":false},"excerpt":{"rendered":"Battre Sinner n\u2019est pas un demi exploit. Bublik s\u2019en est rendu compte hier avant son quart de finale.&hellip;\n","protected":false},"author":2,"featured_media":142980,"comment_status":"","ping_status":"","sticky":false,"template":"","format":"standard","meta":{"footnotes":""},"categories":[1415],"tags":[15212,1011,27,2127,60,1467],"class_list":{"0":"post-193450","1":"post","2":"type-post","3":"status-publish","4":"format-standard","5":"has-post-thumbnail","7":"category-tennis","8":"tag-bublik","9":"tag-fr","10":"tag-france","11":"tag-sinner","12":"tag-sports","13":"tag-tennis"},"share_on_mastodon":{"url":"https:\/\/pubeurope.com\/@fr\/114721358039205542","error":""},"_links":{"self":[{"href":"https:\/\/www.europesays.com\/fr\/wp-json\/wp\/v2\/posts\/193450","targetHints":{"allow":["GET"]}}],"collection":[{"href":"https:\/\/www.europesays.com\/fr\/wp-json\/wp\/v2\/posts"}],"about":[{"href":"https:\/\/www.europesays.com\/fr\/wp-json\/wp\/v2\/types\/post"}],"author":[{"embeddable":true,"href":"https:\/\/www.europesays.com\/fr\/wp-json\/wp\/v2\/users\/2"}],"replies":[{"embeddable":true,"href":"https:\/\/www.europesays.com\/fr\/wp-json\/wp\/v2\/comments?post=193450"}],"version-history":[{"count":0,"href":"https:\/\/www.europesays.com\/fr\/wp-json\/wp\/v2\/posts\/193450\/revisions"}],"wp:featuredmedia":[{"embeddable":true,"href":"https:\/\/www.europesays.com\/fr\/wp-json\/wp\/v2\/media\/142980"}],"wp:attachment":[{"href":"https:\/\/www.europesays.com\/fr\/wp-json\/wp\/v2\/media?parent=193450"}],"wp:term":[{"taxonomy":"category","embeddable":true,"href":"https:\/\/www.europesays.com\/fr\/wp-json\/wp\/v2\/categories?post=193450"},{"taxonomy":"post_tag","embeddable":true,"href":"https:\/\/www.europesays.com\/fr\/wp-json\/wp\/v2\/tags?post=193450"}],"curies":[{"name":"wp","href":"https:\/\/api.w.org\/{rel}","templated":true}]}}