{"id":193480,"date":"2025-06-21T12:45:10","date_gmt":"2025-06-21T12:45:10","guid":{"rendered":"https:\/\/www.europesays.com\/fr\/193480\/"},"modified":"2025-06-21T12:45:10","modified_gmt":"2025-06-21T12:45:10","slug":"ils-ne-me-donneront-pas-de-prix-nobel-ils-ne-le-donnent-qua-des-gens-de-gauche-raille-donald-trump","status":"publish","type":"post","link":"https:\/\/www.europesays.com\/fr\/193480\/","title":{"rendered":"\u00abIls ne me donneront pas de prix Nobel, ils ne le donnent qu\u2019\u00e0 des gens de gauche\u00bb, raille Donald Trump"},"content":{"rendered":"<p>Interrog\u00e9 par Fox News sur une potentielle nomination en cas d\u2019accord entre l\u2019Iran et Isra\u00ebl, le pr\u00e9sident am\u00e9ricain a estim\u00e9 qu\u2019il aurait d\u00fb avoir le prix Nobel \u00abhonn\u00eatement, quatre ou cinq fois\u00bb pour sa politique \u00e9trang\u00e8re.<\/p>\n<p class=\"fig-paragraph\">Aux yeux de son propre camp,\u00a0<a href=\"http:\/\/www.lefigaro.fr\/international\/dossier\/donald-trump-investi-47e-president-des-etats-unis-notre-dossier-pour-tout-comprendre\" target=\"_blank\" data-fig-type=\"Topic\" rel=\"noopener\" data-gtm-custom-categorie=\"navigation\" data-gtm-custom-action=\"crossclick\" data-gtm-custom-label=\"Contextuel\" data-gtm-event=\"customEventSPE\" data-fig-domain=\"LEFIGARO\">Donald Trump<\/a>\u00a0m\u00e9riterait le prix Nobel de la paix. Mieux que cela, la distinction devrait \u00eatre rebaptis\u00e9e \u00abPrix Nobel de Trump\u00bb, s\u2019il parvenait \u00e0 un accord entre l\u2019Iran et Isra\u00ebl, et \u00e0 emp\u00eacher la prolif\u00e9ration nucl\u00e9aire dans la r\u00e9gion \u00aby compris le d\u00e9veloppement nucl\u00e9aire d\u2019Isra\u00ebl\u00bb. C\u2019est ce qu\u2019a estim\u00e9 Matt Gaetz, ancien membre de la Chambre des Repr\u00e9sentants et soutien ind\u00e9fectible du pr\u00e9sident vendredi 20 juin.<\/p>\n<p class=\"fig-paragraph\">Interrog\u00e9 \u00e0 ce sujet sur le tarmac de l\u2019a\u00e9roport de Morristown (New Jersey) avant de se rendre sur son parcours de golf de Bedminister, Donald Trump a dress\u00e9 une liste longue comme le bras de situations g\u00e9opolitiques d\u00e9licates dans lesquelles il aurait suffisamment \u0153uvr\u00e9 pour m\u00e9riter le prix Nobel de la paix. \u00abIls devraient me le donner pour mon action au Rwanda, au Congo [un\u00a0<a href=\"http:\/\/www.lefigaro.fr\/international\/le-rwanda-entame-des-negociations-pour-accueillir-les-migrants-expulses-des-etats-unis-20250505\" target=\"_blank\" data-fig-type=\"NewsFlash\" rel=\"noopener\" data-gtm-custom-categorie=\"navigation\" data-gtm-custom-action=\"crossclick\" data-gtm-custom-label=\"Contextuel\" data-gtm-event=\"customEventSPE\" data-fig-domain=\"LEFIGARO\">trait\u00e9 de paix<\/a>\u00a0vient d\u2019\u00eatre sign\u00e9 entre les deux pays sous l\u2019\u00e9gide des \u00c9tats-Unis, NDLR], en Serbie, au Kosovo [deux pays entre lesquels il promet de r\u00e9tablir le dialogue, NDLR], vous pouvez en citer pleins. Mais la plus importante est celle concernant l\u2019Inde et le Pakistan. J\u2019aurais d\u00fb l\u2019avoir quatre ou cinq fois\u00bb, a-t-il estim\u00e9, une casquette \u00abMAGA\u00bb rouge vif sur la t\u00eate. Avant de trancher la question lui-m\u00eame, cat\u00e9gorique\u00a0: \u00abMais ils ne me le donneront pas, parce qu\u2019ils ne le donnent qu\u2019aux gens de gauche\u00bb.<\/p>\n<p>Des prix Nobel majoritairement D\u00e9mocrates<\/p>\n<p class=\"fig-paragraph\">Ce samedi, le Pakistan a justement annonc\u00e9 avoir propos\u00e9 son nom pour le prix, un mois apr\u00e8s le\u00a0<a href=\"http:\/\/www.lefigaro.fr\/international\/inde-pakistan-malgre-un-cessez-le-feu-le-spectre-d-une-guerre-de-l-eau-20250511\" target=\"_blank\" data-fig-type=\"Article\" rel=\"noopener\" data-gtm-custom-categorie=\"navigation\" data-gtm-custom-action=\"crossclick\" data-gtm-custom-label=\"Contextuel\" data-gtm-event=\"customEventSPE\" data-fig-domain=\"LEFIGARO\">cessez-le-feu\u00a0<\/a>entre Islamabad et New Delhi, dont Trump avait lui-m\u00eame fait part sur son compte X. Mais le pr\u00e9sident am\u00e9ricain n\u2019a pas tout \u00e0 fait tort lorsqu\u2019il dit que ses chances pourraient \u00eatre entam\u00e9es par son appartenance politique. De toute l\u2019histoire, quatre pr\u00e9sidents am\u00e9ricains ont obtenu le prix Nobel pour leur action diplomatique\u00a0: Theodore Roosevelt (1906), Woodrow Wilson (1919),\u00a0<a href=\"https:\/\/www.lefigaro.fr\/histoire\/archives\/jimmy-carter-recevait-le-prix-nobel-de-la-paix-en-2002-20241229\" target=\"_blank\" data-fig-type=\"Article\" rel=\"noopener\" data-gtm-custom-categorie=\"navigation\" data-gtm-custom-action=\"crossclick\" data-gtm-custom-label=\"Contextuel\" data-gtm-event=\"customEventSPE\" data-fig-domain=\"LEFIGARO\">Jimmy Carter<\/a>\u00a0(2002) et\u00a0<a href=\"https:\/\/www.lefigaro.fr\/flash-actu\/2009\/10\/09\/01011-20091009FILWWW00384-barack-obama-prix-nobel-de-la-paix.php\" target=\"_blank\" data-fig-type=\"NewsFlash\" rel=\"noopener\" data-gtm-custom-categorie=\"navigation\" data-gtm-custom-action=\"crossclick\" data-gtm-custom-label=\"Contextuel\" data-gtm-event=\"customEventSPE\" data-fig-domain=\"LEFIGARO\">Barack Obama\u00a0<\/a>(2009). Et, \u00e0 l\u2019exception de Theodore Roosevelt, tous \u00e9taient D\u00e9mocrates.<\/p>\n","protected":false},"excerpt":{"rendered":"Interrog\u00e9 par Fox News sur une potentielle nomination en cas d\u2019accord entre l\u2019Iran et Isra\u00ebl, le pr\u00e9sident am\u00e9ricain&hellip;\n","protected":false},"author":2,"featured_media":193481,"comment_status":"","ping_status":"","sticky":false,"template":"","format":"standard","meta":{"footnotes":""},"categories":[5],"tags":[259,11,260,75,1011,27,14,261,12,3020,262,33226,28],"class_list":{"0":"post-193480","1":"post","2":"type-post","3":"status-publish","4":"format-standard","5":"has-post-thumbnail","7":"category-international","8":"tag-actualite-internationale","9":"tag-actualites","10":"tag-affaires-etrangeres","11":"tag-donald-trump","12":"tag-fr","13":"tag-france","14":"tag-international","15":"tag-ministere-des-affaires-etrangeres","16":"tag-news","17":"tag-nucleaire-iranien","18":"tag-politique-etrangere","19":"tag-prix-nobel","20":"tag-world"},"share_on_mastodon":{"url":"https:\/\/pubeurope.com\/@fr\/114721425193781721","error":""},"_links":{"self":[{"href":"https:\/\/www.europesays.com\/fr\/wp-json\/wp\/v2\/posts\/193480","targetHints":{"allow":["GET"]}}],"collection":[{"href":"https:\/\/www.europesays.com\/fr\/wp-json\/wp\/v2\/posts"}],"about":[{"href":"https:\/\/www.europesays.com\/fr\/wp-json\/wp\/v2\/types\/post"}],"author":[{"embeddable":true,"href":"https:\/\/www.europesays.com\/fr\/wp-json\/wp\/v2\/users\/2"}],"replies":[{"embeddable":true,"href":"https:\/\/www.europesays.com\/fr\/wp-json\/wp\/v2\/comments?post=193480"}],"version-history":[{"count":0,"href":"https:\/\/www.europesays.com\/fr\/wp-json\/wp\/v2\/posts\/193480\/revisions"}],"wp:featuredmedia":[{"embeddable":true,"href":"https:\/\/www.europesays.com\/fr\/wp-json\/wp\/v2\/media\/193481"}],"wp:attachment":[{"href":"https:\/\/www.europesays.com\/fr\/wp-json\/wp\/v2\/media?parent=193480"}],"wp:term":[{"taxonomy":"category","embeddable":true,"href":"https:\/\/www.europesays.com\/fr\/wp-json\/wp\/v2\/categories?post=193480"},{"taxonomy":"post_tag","embeddable":true,"href":"https:\/\/www.europesays.com\/fr\/wp-json\/wp\/v2\/tags?post=193480"}],"curies":[{"name":"wp","href":"https:\/\/api.w.org\/{rel}","templated":true}]}}