{"id":193482,"date":"2025-06-21T12:46:10","date_gmt":"2025-06-21T12:46:10","guid":{"rendered":"https:\/\/www.europesays.com\/fr\/193482\/"},"modified":"2025-06-21T12:46:10","modified_gmt":"2025-06-21T12:46:10","slug":"un-enfant-dun-an-hospitalise-apres-avoir-ete-laisse-dans-une-voiture-en-pleine-chaleur","status":"publish","type":"post","link":"https:\/\/www.europesays.com\/fr\/193482\/","title":{"rendered":"Un enfant d\u2019un an hospitalis\u00e9 apr\u00e8s avoir \u00e9t\u00e9 laiss\u00e9 dans une voiture en pleine chaleur"},"content":{"rendered":"<p>Un <a href=\"https:\/\/www.20minutes.fr\/dossier\/enfant\" class=\"color-ultramarine c-link\" target=\"_blank\" rel=\"noopener\">enfant<\/a> d\u2019un peu plus d\u2019un an a \u00e9t\u00e9 hospitalis\u00e9 dans un \u00e9tat grave apr\u00e8s avoir \u00e9t\u00e9 laiss\u00e9 vendredi dans une voiture stationn\u00e9e <a href=\"https:\/\/www.20minutes.fr\/dossier\/canicule\" class=\"color-ultramarine c-link\" target=\"_blank\" rel=\"noopener\">au soleil<\/a> \u00e0 Ussel (<a href=\"https:\/\/www.20minutes.fr\/dossier\/correze\" class=\"color-ultramarine c-link\" target=\"_blank\" rel=\"noopener\">Corr\u00e8ze<\/a>).<\/p>\n<p>Vers 13 heures, les <a href=\"https:\/\/www.20minutes.fr\/dossier\/secours\" class=\"color-ultramarine c-link\" target=\"_blank\" rel=\"noopener\">secours<\/a> sont intervenus sur le v\u00e9hicule, gar\u00e9 sur le parking d\u2019une zone commerciale situ\u00e9e dans le sud-est de la ville d\u2019environ 9.000 habitants. La victime, souffrant de <a href=\"https:\/\/www.20minutes.fr\/dossier\/deshydratation\" class=\"color-ultramarine c-link\" target=\"_blank\" rel=\"noopener\">d\u00e9shydratation<\/a>, a \u00e9t\u00e9 h\u00e9liport\u00e9e en \u00ab\u00a0urgence absolue\u00a0\u00bb vers le CHU de <a href=\"https:\/\/www.20minutes.fr\/societe\/limoges\/\" class=\"color-ultramarine c-link\" target=\"_blank\" rel=\"noopener\">Limoges<\/a> (Haute-Vienne), ont pr\u00e9cis\u00e9 les pompiers, confirmant des informations du quotidien La Montagne.<\/p>\n<p>A bord du v\u00e9hicule depuis 8 heures du matin<\/p>\n<p>Selon la radio Ici Limousin, l\u2019enfant se trouvait \u00e0 bord du v\u00e9hicule depuis 8 heures du matin. Le parquet de <a href=\"https:\/\/www.20minutes.fr\/dossier\/tulle\" class=\"color-ultramarine c-link\" target=\"_blank\" rel=\"noopener\">Tulle<\/a> a indiqu\u00e9 avoir ouvert une enqu\u00eate confi\u00e9e au commissariat de police d\u2019Ussel, sans plus de pr\u00e9cisions \u00e0 ce stade sur l\u2019\u00e9tat de sant\u00e9 de la victime.<\/p>\n<\/p>\n<p>La Corr\u00e8ze avait \u00e9t\u00e9 plac\u00e9e vendredi en vigilance jaune canicule alors qu\u2019une vague de chaleur, la premi\u00e8re de l\u2019ann\u00e9e\u00a02025, s\u2019est \u00e9tendue sur une large partie du pays avec par endroits des temp\u00e9ratures sup\u00e9rieures \u00e0 35\u00a0\u00b0C.<\/p>\n","protected":false},"excerpt":{"rendered":"Un enfant d\u2019un peu plus d\u2019un an a \u00e9t\u00e9 hospitalis\u00e9 dans un \u00e9tat grave apr\u00e8s avoir \u00e9t\u00e9 laiss\u00e9&hellip;\n","protected":false},"author":2,"featured_media":193483,"comment_status":"","ping_status":"","sticky":false,"template":"","format":"standard","meta":{"footnotes":""},"categories":[4],"tags":[47,11,6698,13208,8531,847,1011,27,8528,2193,8529,12,2219,25,104,4904,33227],"class_list":{"0":"post-193482","1":"post","2":"type-post","3":"status-publish","4":"format-standard","5":"has-post-thumbnail","7":"category-france","8":"tag-actualite","9":"tag-actualites","10":"tag-canicule","11":"tag-chaleur","12":"tag-correze","13":"tag-enfant","14":"tag-fr","15":"tag-france","16":"tag-haute-vienne","17":"tag-limoges","18":"tag-limousin","19":"tag-news","20":"tag-nouvelle-aquitaine","21":"tag-republique-francaise","22":"tag-societe","23":"tag-soleil","24":"tag-tulle"},"share_on_mastodon":{"url":"https:\/\/pubeurope.com\/@fr\/114721428847172360","error":""},"_links":{"self":[{"href":"https:\/\/www.europesays.com\/fr\/wp-json\/wp\/v2\/posts\/193482","targetHints":{"allow":["GET"]}}],"collection":[{"href":"https:\/\/www.europesays.com\/fr\/wp-json\/wp\/v2\/posts"}],"about":[{"href":"https:\/\/www.europesays.com\/fr\/wp-json\/wp\/v2\/types\/post"}],"author":[{"embeddable":true,"href":"https:\/\/www.europesays.com\/fr\/wp-json\/wp\/v2\/users\/2"}],"replies":[{"embeddable":true,"href":"https:\/\/www.europesays.com\/fr\/wp-json\/wp\/v2\/comments?post=193482"}],"version-history":[{"count":0,"href":"https:\/\/www.europesays.com\/fr\/wp-json\/wp\/v2\/posts\/193482\/revisions"}],"wp:featuredmedia":[{"embeddable":true,"href":"https:\/\/www.europesays.com\/fr\/wp-json\/wp\/v2\/media\/193483"}],"wp:attachment":[{"href":"https:\/\/www.europesays.com\/fr\/wp-json\/wp\/v2\/media?parent=193482"}],"wp:term":[{"taxonomy":"category","embeddable":true,"href":"https:\/\/www.europesays.com\/fr\/wp-json\/wp\/v2\/categories?post=193482"},{"taxonomy":"post_tag","embeddable":true,"href":"https:\/\/www.europesays.com\/fr\/wp-json\/wp\/v2\/tags?post=193482"}],"curies":[{"name":"wp","href":"https:\/\/api.w.org\/{rel}","templated":true}]}}