{"id":193486,"date":"2025-06-21T12:48:41","date_gmt":"2025-06-21T12:48:41","guid":{"rendered":"https:\/\/www.europesays.com\/fr\/193486\/"},"modified":"2025-06-21T12:48:41","modified_gmt":"2025-06-21T12:48:41","slug":"saint-chamond-le-maire-et-deux-elus-vont-deposer-cinq-plaintes-contre-lopposante-dextreme-droite-isabelle-surply","status":"publish","type":"post","link":"https:\/\/www.europesays.com\/fr\/193486\/","title":{"rendered":"Saint-Chamond. Le maire et deux \u00e9lus vont d\u00e9poser cinq plaintes contre l\u2019opposante d\u2019extr\u00eame droite Isabelle Surply"},"content":{"rendered":"<p>\u00ab\u00a0Elle a franchi une ligne rouge. La dignit\u00e9 impose de dire stop.\u00a0\u00bb Face \u00e0 Isabelle Surply, \u00ab\u00a0qui porte plainte comme on fait ses courses\u00a0\u00bb, la majorit\u00e9 municipale a finalement d\u00e9cid\u00e9 de riposter \u00e9galement sur le terrain judiciaire.<\/p>\n<p>Ce jeudi apr\u00e8s-midi, le maire <a href=\"https:\/\/www.leprogres.fr\/p\/axel-dugua\" target=\"_blank\" rel=\"nofollow noopener\">Axel Dugua<\/a> a annonc\u00e9 que cinq plaintes allaient \u00eatre d\u00e9pos\u00e9es \u00e0 l\u2019encontre de son opposante d\u2019extr\u00eame droite\u00a0: trois \u00ab\u00a0d\u2019ici fin juin\u00a0\u00bb pour diffamation publique aggrav\u00e9e, par les \u00e9lus Rapha\u00ebl Bernou, Florence Vanelle et lui-m\u00eame\u00a0; et deux autres suivront pour d\u00e9nonciation calomnieuse, par Rapha\u00ebl Bernou et Florence Vanelle.<\/p>\n<p>  \u00ab\u00a0Des propos inadmissibles qui affectent les \u00e9lus et leurs familles\u00a0\u00bb<\/p>\n<p>Cette r\u00e9action fait suite \u00e0 <a href=\"https:\/\/www.leprogres.fr\/faits-divers-justice\/2025\/05\/06\/nouvelle-plainte-d-isabelle-surply-contre-des-elus-pour-prise-illegale-d-interet-et-favoritisme\" target=\"_blank\" rel=\"nofollow noopener\">la derni\u00e8re plainte d\u00e9pos\u00e9e par Isabelle Surply<\/a> pour favoritisme et prise ill\u00e9gale d\u2019int\u00e9r\u00eats, l\u2019opposante accusant les \u00e9lus pr\u00e9cit\u00e9s de profiter \u00ab\u00a0d\u2019un syst\u00e8me bien organis\u00e9 qui n\u2019est que la partie \u00e9merg\u00e9e de l\u2019iceberg de magouilles\u00a0\u00bb. Elle pointait, lors d\u2019un point presse organis\u00e9 d\u00e9but mai, l\u2019achat de v\u00e9hicules dans des garages o\u00f9 travaillent Rapha\u00ebl Bernou et le mari de Florence Vanelle. Et de parler de \u00ab\u00a0syst\u00e8me mafieux\u00a0\u00bb, de \u00ab\u00a0majorit\u00e9 pourrie\u00a0\u00bb.<\/p>\n<p>\u00ab\u00a0Des propos inadmissibles qui affectent les \u00e9lus et leurs familles qui se font salir publiquement. Et pas que nous trois. Aujourd\u2019hui, on ne leur parle que de \u00e7a. \u00c7a les impacte psychologiquement. Ils en ont ras le bol et sont en souffrance. Vous croyez que c\u2019est agr\u00e9able quand vous voyez vos enfants rentrer en pleurant parce que leur p\u00e8re est sali sur les r\u00e9seaux sociaux\u00a0? Quand vos grands-parents lisent dans la presse que vous \u00eates un mafieux\u00a0?\u00a0\u00bb, d\u00e9nonce le maire.<\/p>\n<p>  \u00ab\u00a0Toujours pas de nouvelles de la justice\u00a0\u00bb<\/p>\n<p>Entre outre, Axel Dugua d\u00e9plore que \u00ab\u00a0ces accusations sans fondement pourrissent le climat de travail de l\u2019\u00e9quipe municipale et l\u2019image de la commune\u00a0\u00bb. \u00ab\u00a0C\u2019est pourquoi on va agir en responsabilit\u00e9.\u00a0\u00bb<\/p>\n<p>Mais pourquoi ne d\u00e9poser plainte que maintenant\u00a0? \u00ab\u00a0Peut-\u00eatre qu\u2019on aurait d\u00fb r\u00e9agir plus rapidement. On n\u2019\u00e9tait pas l\u00e0-dedans. On a eu des contacts r\u00e9guliers avec les avocats. On pensait avoir donn\u00e9 les explications n\u00e9cessaires et que \u00e7a s\u2019arr\u00eaterait. Mais elle continue. Mme\u00a0Surply, sur les r\u00e9seaux sociaux, c\u2019est devenu une sitcom. C\u2019est de la politique de caniveau. Elle annonce encore qu\u2019elle va porter plainte pour corruption d\u2019\u00e9lu. Et nous n\u2019avons toujours pas de nouvelles de la justice pour nous justifier. Maintenant, on ne veut plus laisser faire.\u00a0\u00bb<\/p>\n<p>  \u00ab\u00a0On veut laver notre honneur et que la v\u00e9rit\u00e9 soit r\u00e9tablie\u00a0\u00bb<\/p>\n<p>Le maire avoue que le but n\u2019est m\u00eame pas d\u2019essayer d\u2019arr\u00eater Isabelle Surply. \u00ab\u00a0On veut laver notre honneur et que la v\u00e9rit\u00e9 soit r\u00e9tablie. Et s\u2019il faut aller plus loin, on ira plus loin. On ne se laissera pas marcher dessus par quelqu\u2019un qui n\u2019habite m\u00eame pas la commune, pour qui Saint-Chamond est un terrain de jeu et qui rentre le soir dans sa villa lyonnaise.\u00a0\u00bb<\/p>\n<p>Sur le fond, Axel Dugua soutient toujours que la Ville est dans les clous. \u00ab\u00a0On est serein. On n\u2019a rien \u00e0 se reprocher. Les chiffres qu\u2019elle donne sont faux. Il n\u2019y a pas de favoritisme. On se tient \u00e0 la disposition de la justice mais nous n\u2019avons pour l\u2019instant aucune nouvelle du procureur.\u00a0\u00bb<\/p>\n<p>  D\u2019autres plaintes ne sont pas exclues<\/p>\n<p>Les plaintes portent pour l\u2019heure exclusivement sur l\u2019affaire des v\u00e9hicules. Mais Isabelle Surply a \u00e9galement attaqu\u00e9 la Ville <a href=\"https:\/\/www.leprogres.fr\/faits-divers-justice\/2024\/09\/26\/isabelle-surply-porte-plainte-contre-le-maire-pour-detournement-de-fonds-publics\" target=\"_blank\" rel=\"nofollow noopener\">pour d\u00e9tournement de fonds publics et prise ill\u00e9gale d\u2019int\u00e9r\u00eats<\/a> dans ce qu\u2019elle appelle les \u00ab <a href=\"https:\/\/www.leprogres.fr\/politique\/2023\/09\/12\/conseil-municipal-isabelle-surply-accuse-la-municipalite-de-financer-des-diners-prives\" target=\"_blank\" rel=\"nofollow noopener\">d\u00eeners priv\u00e9s de la majorit\u00e9<\/a> \u00a0\u00bb et pour <a href=\"https:\/\/www.leprogres.fr\/politique\/2024\/10\/23\/isabelle-surply-il-y-a-117-000-euros-de-factures-qui-posent-probleme\" target=\"_blank\" rel=\"nofollow noopener\">des factures qu\u2019elle estime litigieuses<\/a>.\u00a0Des accusations qui pourraient donner lieu \u00e0 de nouvelles plaintes de la Ville \u00ab\u00a0quand on aura plus d\u2019\u00e9l\u00e9ments\u00a0\u00bb.<\/p>\n<p>Contact\u00e9e, Isabelle Surply se dit \u00ab\u00a0tout \u00e0 fait tranquille\u00a0\u00bb. \u00ab\u00a0On est dans le cadre du d\u00e9bat politique. Et il y a une instruction en cours. D\u2019ailleurs qu\u2019il se d\u00e9p\u00eache de d\u00e9poser plainte, parce que cela pourra acc\u00e9l\u00e9rer l\u2019\u00e9tude de mes dossiers\u00a0\u00bb, nargue l\u2019opposante. Qui voit l\u00e0 surtout \u00ab\u00a0un effet d\u2019annonce, un contrefeu\u00a0\u00bb suite \u00e0 l\u2019intervention de la police judiciaire dans les locaux de la mairie sur saisine de la Chambre r\u00e9gionale des comptes.\u00a0Mais pour Axel Dugua, ce n\u2019est l\u00e0 qu\u2019une co\u00efncidence, assurant \u00ab\u00a0travailler avec les avocats sur ces plaintes depuis des semaines\u00a0\u00bb.<\/p>\n","protected":false},"excerpt":{"rendered":"\u00ab\u00a0Elle a franchi une ligne rouge. La dignit\u00e9 impose de dire stop.\u00a0\u00bb Face \u00e0 Isabelle Surply, \u00ab\u00a0qui porte&hellip;\n","protected":false},"author":2,"featured_media":193487,"comment_status":"","ping_status":"","sticky":false,"template":"","format":"standard","meta":{"footnotes":""},"categories":[9653],"tags":[1111,11,2430,7539,1777,674,274,1011,27,12,316,25,9669,9670,4001],"class_list":{"0":"post-193486","1":"post","2":"type-post","3":"status-publish","4":"format-standard","5":"has-post-thumbnail","7":"category-saint-etienne","8":"tag-actu","9":"tag-actualites","10":"tag-auvergne-rhone-alpes","11":"tag-edition-loire-sud","12":"tag-eu","13":"tag-europe","14":"tag-faits-divers-justice","15":"tag-fr","16":"tag-france","17":"tag-news","18":"tag-politique","19":"tag-republique-francaise","20":"tag-saint-chamond","21":"tag-saint-chamond-ville","22":"tag-saint-etienne"},"share_on_mastodon":{"url":"https:\/\/pubeurope.com\/@fr\/114721436694897017","error":""},"_links":{"self":[{"href":"https:\/\/www.europesays.com\/fr\/wp-json\/wp\/v2\/posts\/193486","targetHints":{"allow":["GET"]}}],"collection":[{"href":"https:\/\/www.europesays.com\/fr\/wp-json\/wp\/v2\/posts"}],"about":[{"href":"https:\/\/www.europesays.com\/fr\/wp-json\/wp\/v2\/types\/post"}],"author":[{"embeddable":true,"href":"https:\/\/www.europesays.com\/fr\/wp-json\/wp\/v2\/users\/2"}],"replies":[{"embeddable":true,"href":"https:\/\/www.europesays.com\/fr\/wp-json\/wp\/v2\/comments?post=193486"}],"version-history":[{"count":0,"href":"https:\/\/www.europesays.com\/fr\/wp-json\/wp\/v2\/posts\/193486\/revisions"}],"wp:featuredmedia":[{"embeddable":true,"href":"https:\/\/www.europesays.com\/fr\/wp-json\/wp\/v2\/media\/193487"}],"wp:attachment":[{"href":"https:\/\/www.europesays.com\/fr\/wp-json\/wp\/v2\/media?parent=193486"}],"wp:term":[{"taxonomy":"category","embeddable":true,"href":"https:\/\/www.europesays.com\/fr\/wp-json\/wp\/v2\/categories?post=193486"},{"taxonomy":"post_tag","embeddable":true,"href":"https:\/\/www.europesays.com\/fr\/wp-json\/wp\/v2\/tags?post=193486"}],"curies":[{"name":"wp","href":"https:\/\/api.w.org\/{rel}","templated":true}]}}