{"id":193492,"date":"2025-06-21T12:52:05","date_gmt":"2025-06-21T12:52:05","guid":{"rendered":"https:\/\/www.europesays.com\/fr\/193492\/"},"modified":"2025-06-21T12:52:05","modified_gmt":"2025-06-21T12:52:05","slug":"cafe-des-sports-les-70-ans-de-michel-platini-paul-mallez-avec-le-xv-de-france-face-a-langleterre-bienvenue-au-cafe-des-sports","status":"publish","type":"post","link":"https:\/\/www.europesays.com\/fr\/193492\/","title":{"rendered":"Caf\u00e9 des sports. Les 70 ans de Michel Platini, Paul Mallez avec le XV de France face \u00e0 l\u2019Angleterre\u2026 Bienvenue au\u00a0caf\u00e9 des sports"},"content":{"rendered":"<p>  Joyeux anniversaires<\/p>\n<p>Plusieurs personnalit\u00e9s \u00e0 l\u2019honneur ce samedi. Tout d\u2019abord Michel Platini, le c\u00e9l\u00e8bre n\u00b010, plus grand joueur de l\u2019ASNL, f\u00eate ses 70 ans ce jour. De son c\u00f4t\u00e9, le cavalier mosellan <a href=\"https:\/\/www.estrepublicain.fr\/sport\/2024\/08\/07\/simon-delestre-mon-cheval-sort-grandi-de-cette-experience\" target=\"_blank\" rel=\"noopener\">Simon Delestre<\/a> \u00a0qui a particip\u00e9 \u00e0 la derni\u00e8re olympiade a 44 ans. Enfin, le footballeur s\u00e9n\u00e9galais, pass\u00e9 par l\u2019ASNL (2011-2007 puis en 2016), Pape Diakhat\u00e9, aura quant \u00e0 lui 41 ans.<\/p>\n<p>  Sur le web<\/p>\n<p>Sur notre <a href=\"https:\/\/www.estrepublicain.fr\/sport\/sport-lorrain\" target=\"_blank\" rel=\"noopener\">site internet<\/a> , retrouvez notamment la fiche de St\u00e9phane Gombauld, la derni\u00e8re recrue du SLUC Nancy.<\/p>\n<p>  \u00c0 la t\u00e9l\u00e9<\/p>\n<p>Cyclisme. Tour de Suisse, 7e\u00a0 \u00e9tape sur La Cha\u00eene l\u2019Equipe (14h50)<\/p>\n<p>Football. Euro U19\u00a0F, France &#8211; Italie sur L\u2019Equipe Live (16h)<\/p>\n<p>Rugby. Test match, Angleterre &#8211; France sur l\u2019Equipe Live (16h15)<\/p>\n<p>Basket. Euro f\u00e9minin, France &#8211; Suisse sur TMC (16h30)<\/p>\n<p>Rugby. Top 14, demi-finale UBB &#8211; Toulon sur Canal +\u00a0(21h05)<\/p>\n","protected":false},"excerpt":{"rendered":"Joyeux anniversaires Plusieurs personnalit\u00e9s \u00e0 l\u2019honneur ce samedi. Tout d\u2019abord Michel Platini, le c\u00e9l\u00e8bre n\u00b010, plus grand joueur&hellip;\n","protected":false},"author":2,"featured_media":193493,"comment_status":"","ping_status":"","sticky":false,"template":"","format":"standard","meta":{"footnotes":""},"categories":[9635],"tags":[1111,11,3602,1707,1704,1706,1705,1777,674,107,1701,63,1011,27,775,1702,1703,12,25,479,517,1700],"class_list":{"0":"post-193492","1":"post","2":"type-post","3":"status-publish","4":"format-standard","5":"has-post-thumbnail","7":"category-nancy","8":"tag-actu","9":"tag-actualites","10":"tag-edition-bar-le-duc","11":"tag-edition-luneville","12":"tag-edition-nancy-et-agglomeration","13":"tag-edition-pont-a-mousson","14":"tag-edition-toul","15":"tag-eu","16":"tag-europe","17":"tag-fil-info","18":"tag-fil-info-sport","19":"tag-football","20":"tag-fr","21":"tag-france","22":"tag-grand-est","23":"tag-nancy","24":"tag-nancy-ville-54b","25":"tag-news","26":"tag-republique-francaise","27":"tag-rugby","28":"tag-sport","29":"tag-sport-lorrain"},"share_on_mastodon":{"url":"https:\/\/pubeurope.com\/@fr\/114721452393625604","error":""},"_links":{"self":[{"href":"https:\/\/www.europesays.com\/fr\/wp-json\/wp\/v2\/posts\/193492","targetHints":{"allow":["GET"]}}],"collection":[{"href":"https:\/\/www.europesays.com\/fr\/wp-json\/wp\/v2\/posts"}],"about":[{"href":"https:\/\/www.europesays.com\/fr\/wp-json\/wp\/v2\/types\/post"}],"author":[{"embeddable":true,"href":"https:\/\/www.europesays.com\/fr\/wp-json\/wp\/v2\/users\/2"}],"replies":[{"embeddable":true,"href":"https:\/\/www.europesays.com\/fr\/wp-json\/wp\/v2\/comments?post=193492"}],"version-history":[{"count":0,"href":"https:\/\/www.europesays.com\/fr\/wp-json\/wp\/v2\/posts\/193492\/revisions"}],"wp:featuredmedia":[{"embeddable":true,"href":"https:\/\/www.europesays.com\/fr\/wp-json\/wp\/v2\/media\/193493"}],"wp:attachment":[{"href":"https:\/\/www.europesays.com\/fr\/wp-json\/wp\/v2\/media?parent=193492"}],"wp:term":[{"taxonomy":"category","embeddable":true,"href":"https:\/\/www.europesays.com\/fr\/wp-json\/wp\/v2\/categories?post=193492"},{"taxonomy":"post_tag","embeddable":true,"href":"https:\/\/www.europesays.com\/fr\/wp-json\/wp\/v2\/tags?post=193492"}],"curies":[{"name":"wp","href":"https:\/\/api.w.org\/{rel}","templated":true}]}}