{"id":193498,"date":"2025-06-21T12:55:08","date_gmt":"2025-06-21T12:55:08","guid":{"rendered":"https:\/\/www.europesays.com\/fr\/193498\/"},"modified":"2025-06-21T12:55:08","modified_gmt":"2025-06-21T12:55:08","slug":"les-dimanches-du-peyrou-changent-dadresse-pour-un-jour","status":"publish","type":"post","link":"https:\/\/www.europesays.com\/fr\/193498\/","title":{"rendered":"les Dimanches du Peyrou changent d\u2019adresse pour un jour"},"content":{"rendered":"<p>            Par<br \/>\n        <strong><br \/>\n            <a href=\"https:\/\/actu.fr\/auteur\/metropoop\" title=\"Consulter tous les articles de R\u00e9daction M\u00e9tropolitain\" rel=\"nofollow noopener\" target=\"_blank\">R\u00e9daction M\u00e9tropolitain<\/a><br \/>\n        <\/strong><\/p>\n<p>        Publi\u00e9 le<\/p>\n<p>            21 juin 2025 \u00e0 14h31        <\/p>\n<p>\u00c0 Montpellier, le march\u00e9 hebdomadaire des Dimanches du Peyrou ne se tiendra pas \u00e0 son emplacement habituel <strong>ce dimanche 22 juin 2025<\/strong>. En raison de la F\u00eate de la musique, les organisateurs ont d\u00fb d\u00e9placer l\u2019\u00e9v\u00e9nement. Les exposants et les visiteurs se retrouveront exceptionnellement sur le boulevard des Arceaux. Cette d\u00e9cision vise \u00e0 permettre la bonne organisation des festivit\u00e9s musicales qui investissent le Peyrou ce m\u00eame jour.<\/p>\n<p>    <a href=\"https:\/\/www.google.com\/maps\/embed?pb=!1m18!1m12!1m3!1d23106.53565652367!2d3.8731775999999996!3d43.620761599999994!2m3!1f0!2f0!3f0!3m2!1i1024!2i768!4f13.1!3m3!1m2!1s0x12b6aeffebf62a61%3A0xa9619d0a392deda9!2sBd%20des%20Arceaux%2C%20Montpellier!5e0!3m2!1sfr!2sfr!4v1750492594698!5m2!1sfr!2sfr\" title=\"Ouvrie le lien\" rel=\"nofollow noopener\" target=\"_blank\">Cliquez ici pour visualiser le contenu<\/a><\/p>\n<p>Un march\u00e9 toujours aussi riche et vivant<\/p>\n<p class=\" wall-content\">Malgr\u00e9 ce changement de d\u00e9cor, l\u2019esprit du march\u00e9 reste intact. Une cinquantaine de brocanteurs professionnels sont attendus. Mobilier ancien, objets insolites, bibelots, livres ou encore pi\u00e8ces de collection seront propos\u00e9s tout au long de la matin\u00e9e. La guinguette, moment attendu de ce rendez-vous dominical, s\u2019installe elle aussi sur le boulevard. Deux enseignes sont annonc\u00e9es : Manu Stretto Bio et Charango. Le march\u00e9 commencera d\u00e8s 7h30 et fermera ses portes \u00e0 14h30.\u00a0<\/p>\n<p>    <a href=\"https:\/\/www.facebook.com\/plugins\/post.php?href=https%3A%2F%2Fwww.facebook.com%2FLesDimanchesDuPeyrou%2Fposts%2Fpfbid0jX7Q7Uz4jjCnQXkWV2CrNiJX3MvnvBknSLw7Hy9mnT4V8Cf4FYxfK4GGuxuNEbDAl&amp;show_text=true&amp;width=350\" title=\"Ouvrie le lien\" rel=\"nofollow noopener\" target=\"_blank\">Cliquez ici pour visualiser le contenu<\/a><\/p>\n<p class=\" wall-content\">.<\/p>\n<p>Vid\u00e9os : en ce moment sur Actu<\/p>\n<p class=\" wall-content\">Suivez toute l\u2019actualit\u00e9 de vos villes et m\u00e9dias favoris en vous inscrivant \u00e0 <a href=\"https:\/\/moncompte.actu.fr\" title=\"D\u00e9couvez Mon Actu\" rel=\"nofollow noopener\" data-trk=\"{&quot;cta&quot;:{&quot;action&quot;:&quot;https:\\\/\\\/moncompte.actu.fr&quot;,&quot;category&quot;:&quot;mon compte&quot;,&quot;from&quot;:&quot;article footer&quot;,&quot;name&quot;:&quot;Mon actu&quot;,&quot;type&quot;:&quot;cta&quot;}}\" target=\"_blank\">Mon Actu<\/a>.<\/p>\n","protected":false},"excerpt":{"rendered":"Par R\u00e9daction M\u00e9tropolitain Publi\u00e9 le 21 juin 2025 \u00e0 14h31 \u00c0 Montpellier, le march\u00e9 hebdomadaire des Dimanches du&hellip;\n","protected":false},"author":2,"featured_media":193499,"comment_status":"","ping_status":"","sticky":false,"template":"","format":"standard","meta":{"footnotes":""},"categories":[9599],"tags":[1111,11,258,1477,1777,674,25885,1011,27,1305,2208,12,2680,25],"class_list":{"0":"post-193498","1":"post","2":"type-post","3":"status-publish","4":"format-standard","5":"has-post-thumbnail","7":"category-montpellier","8":"tag-actu","9":"tag-actualites","10":"tag-alimentation","11":"tag-artisanat","12":"tag-eu","13":"tag-europe","14":"tag-fete-de-la-musique","15":"tag-fr","16":"tag-france","17":"tag-lifestyle","18":"tag-montpellier","19":"tag-news","20":"tag-occitanie","21":"tag-republique-francaise"},"share_on_mastodon":{"url":"https:\/\/pubeurope.com\/@fr\/114721464436278553","error":""},"_links":{"self":[{"href":"https:\/\/www.europesays.com\/fr\/wp-json\/wp\/v2\/posts\/193498","targetHints":{"allow":["GET"]}}],"collection":[{"href":"https:\/\/www.europesays.com\/fr\/wp-json\/wp\/v2\/posts"}],"about":[{"href":"https:\/\/www.europesays.com\/fr\/wp-json\/wp\/v2\/types\/post"}],"author":[{"embeddable":true,"href":"https:\/\/www.europesays.com\/fr\/wp-json\/wp\/v2\/users\/2"}],"replies":[{"embeddable":true,"href":"https:\/\/www.europesays.com\/fr\/wp-json\/wp\/v2\/comments?post=193498"}],"version-history":[{"count":0,"href":"https:\/\/www.europesays.com\/fr\/wp-json\/wp\/v2\/posts\/193498\/revisions"}],"wp:featuredmedia":[{"embeddable":true,"href":"https:\/\/www.europesays.com\/fr\/wp-json\/wp\/v2\/media\/193499"}],"wp:attachment":[{"href":"https:\/\/www.europesays.com\/fr\/wp-json\/wp\/v2\/media?parent=193498"}],"wp:term":[{"taxonomy":"category","embeddable":true,"href":"https:\/\/www.europesays.com\/fr\/wp-json\/wp\/v2\/categories?post=193498"},{"taxonomy":"post_tag","embeddable":true,"href":"https:\/\/www.europesays.com\/fr\/wp-json\/wp\/v2\/tags?post=193498"}],"curies":[{"name":"wp","href":"https:\/\/api.w.org\/{rel}","templated":true}]}}