{"id":193502,"date":"2025-06-21T12:57:08","date_gmt":"2025-06-21T12:57:08","guid":{"rendered":"https:\/\/www.europesays.com\/fr\/193502\/"},"modified":"2025-06-21T12:57:08","modified_gmt":"2025-06-21T12:57:08","slug":"des-travaux-sur-les-quais-a-rouen-en-vue-damenager-un-terminal-de-livraison-de-colis-a-velo","status":"publish","type":"post","link":"https:\/\/www.europesays.com\/fr\/193502\/","title":{"rendered":"Des travaux sur les quais \u00e0 Rouen en vue d&rsquo;am\u00e9nager un terminal de livraison de colis \u00e0 v\u00e9lo"},"content":{"rendered":"<p>            Par<br \/>\n        <strong><br \/>\n            <a href=\"https:\/\/actu.fr\/auteur\/fmass\" title=\"Consulter tous les articles de Fabien Massin\" target=\"_blank\" rel=\"noopener\">Fabien Massin<\/a><br \/>\n        <\/strong><\/p>\n<p>        Publi\u00e9 le<\/p>\n<p>            21 juin 2025 \u00e0 14h08        <\/p>\n<p>Le port de <a href=\"https:\/\/actu.fr\/normandie\/rouen_76540\" target=\"_blank\" rel=\"noopener\">Rouen (Seine-Maritime)<\/a> va proc\u00e9der \u00e0 des travaux sur la promenade la France libre, le quai rive droite entre les ponts Guillaume-le-Conqu\u00e9rant et Jeanne-d\u2019Arc. L\u2019enjeu\u2009: renforcer le quai en vue de l\u2019am\u00e9nagement d\u2019un terminal de livraison urbaine. Les travaux vont durer jusqu\u2019en novembre, sur une longueur de 126\u00a0m\u00e8tres. Le futur terminal se trouvera pr\u00e9cis\u00e9ment <strong>entre le poste de police aux fronti\u00e8res et l\u2019aire de jeux pour enfants.<\/strong><\/p>\n<p>Livraisons de colis en ville \u00e0 v\u00e9lo<\/p>\n<p class=\" wall-content\">\u00ab\u2009Les travaux sont r\u00e9alis\u00e9s afin de permettre, \u00e0 terme,<strong> l\u2019implantation d\u2019une entreprise de livraison urbaine<\/strong>, selon un calendrier qui reste \u00e0 d\u00e9terminer, annoncent dans un communiqu\u00e9 <a href=\"https:\/\/actu.fr\/tag\/haropa\" target=\"_blank\" rel=\"noopener\">Haropa<\/a> (la structure qui rassemble les ports du\u00a0Havre, Rouen et Paris), la Ville et la M\u00e9tropole de Rouen. L\u2019op\u00e9rateur utilisera le fleuve et une barge pour acheminer les colis qui seront ensuite distribu\u00e9s dans le centre-ville de Rouen \u00e0 l\u2019aide de v\u00e9los cargo \u00e9lectriques, minimisant ainsi les \u00e9missions de CO2 et la congestion routi\u00e8re.\u2009\u00bb<\/p>\n<p class=\" wall-content\">Les colis seront achemin\u00e9s par bateaux fluviaux sur la Seine, pour \u00eatre livr\u00e9s ensuite chez des professionnels comme les particuliers en ville. La zone va \u00eatre am\u00e9nag\u00e9e afin d\u2019accueillir <strong>la base vie des pilotes des v\u00e9los cargos<\/strong> et l\u2019espace de stockage des colis et marchandises.<\/p>\n<p>Circulation maintenue pendant les travaux<\/p>\n<p class=\" wall-content\">\u00ab\u2009En phase d\u2019exploitation, des barri\u00e8res seront install\u00e9es sur le quai pour d\u00e9limiter la zone de transbordement, tout en assurant la circulation des pi\u00e9tons, l\u2019acc\u00e8s des v\u00e9hicules d\u2019urgence et la s\u00e9curit\u00e9 de tous\u2009\u00bb, pr\u00e9cise le communiqu\u00e9.<\/p>\n<p class=\" wall-content\">Durant la dur\u00e9e des travaux, la circulation des pi\u00e9tons et des cyclistes <strong>sera maintenue<\/strong>, en revanche l\u2019aire de jeux pour enfants ne sera plus accessible.<\/p>\n<p>Vid\u00e9os : en ce moment sur Actu<\/p>\n<p class=\" wall-content\">\u00ab\u2009Cette initiative est destin\u00e9e \u00e0 promouvoir le transport fluvial comme alternative au transport routier, et favoriser des solutions innovantes de<strong> livraisons d\u00e9carbon\u00e9es du dernier kilom\u00e8tre<\/strong>, souligne le communiqu\u00e9. Haropa port r\u00e9alise un projet identique sur les quais parisiens.\u2009\u00bb<\/p>\n<p>Suivez l\u2019actualit\u00e9 de Rouen sur notre <a href=\"https:\/\/www.whatsapp.com\/channel\/0029VaKfnf99hXF2ddApFB1D\" target=\"_blank\" rel=\"noopener\">cha\u00eene WhatsApp<\/a> et sur notre <a href=\"https:\/\/www.tiktok.com\/@76actu.fr?lang=fr\" target=\"_blank\" rel=\"noopener\">compte TikTok<\/a><\/p>\n<p class=\" wall-content\">Suivez toute l\u2019actualit\u00e9 de vos villes et m\u00e9dias favoris en vous inscrivant \u00e0 <a href=\"https:\/\/moncompte.actu.fr\" title=\"D\u00e9couvez Mon Actu\" rel=\"nofollow noopener\" data-trk=\"{&quot;cta&quot;:{&quot;action&quot;:&quot;https:\\\/\\\/moncompte.actu.fr&quot;,&quot;category&quot;:&quot;mon compte&quot;,&quot;from&quot;:&quot;article footer&quot;,&quot;name&quot;:&quot;Mon actu&quot;,&quot;type&quot;:&quot;cta&quot;}}\" target=\"_blank\">Mon Actu<\/a>.<\/p>\n<p>                    <script async src=\"\/\/www.tiktok.com\/embed.js\"><\/script><\/p>\n","protected":false},"excerpt":{"rendered":"Par Fabien Massin Publi\u00e9 le 21 juin 2025 \u00e0 14h08 Le port de Rouen (Seine-Maritime) va proc\u00e9der \u00e0&hellip;\n","protected":false},"author":2,"featured_media":193503,"comment_status":"","ping_status":"","sticky":false,"template":"","format":"standard","meta":{"footnotes":""},"categories":[9587],"tags":[1111,11,33,1777,674,1011,27,11612,12,5161,10427,25,9590],"class_list":{"0":"post-193502","1":"post","2":"type-post","3":"status-publish","4":"format-standard","5":"has-post-thumbnail","7":"category-rouen","8":"tag-actu","9":"tag-actualites","10":"tag-economie","11":"tag-eu","12":"tag-europe","13":"tag-fr","14":"tag-france","15":"tag-haropa","16":"tag-news","17":"tag-normandie","18":"tag-port-de-rouen","19":"tag-republique-francaise","20":"tag-rouen"},"share_on_mastodon":{"url":"https:\/\/pubeurope.com\/@fr\/114721472290179618","error":""},"_links":{"self":[{"href":"https:\/\/www.europesays.com\/fr\/wp-json\/wp\/v2\/posts\/193502","targetHints":{"allow":["GET"]}}],"collection":[{"href":"https:\/\/www.europesays.com\/fr\/wp-json\/wp\/v2\/posts"}],"about":[{"href":"https:\/\/www.europesays.com\/fr\/wp-json\/wp\/v2\/types\/post"}],"author":[{"embeddable":true,"href":"https:\/\/www.europesays.com\/fr\/wp-json\/wp\/v2\/users\/2"}],"replies":[{"embeddable":true,"href":"https:\/\/www.europesays.com\/fr\/wp-json\/wp\/v2\/comments?post=193502"}],"version-history":[{"count":0,"href":"https:\/\/www.europesays.com\/fr\/wp-json\/wp\/v2\/posts\/193502\/revisions"}],"wp:featuredmedia":[{"embeddable":true,"href":"https:\/\/www.europesays.com\/fr\/wp-json\/wp\/v2\/media\/193503"}],"wp:attachment":[{"href":"https:\/\/www.europesays.com\/fr\/wp-json\/wp\/v2\/media?parent=193502"}],"wp:term":[{"taxonomy":"category","embeddable":true,"href":"https:\/\/www.europesays.com\/fr\/wp-json\/wp\/v2\/categories?post=193502"},{"taxonomy":"post_tag","embeddable":true,"href":"https:\/\/www.europesays.com\/fr\/wp-json\/wp\/v2\/tags?post=193502"}],"curies":[{"name":"wp","href":"https:\/\/api.w.org\/{rel}","templated":true}]}}