{"id":193508,"date":"2025-06-21T13:00:18","date_gmt":"2025-06-21T13:00:18","guid":{"rendered":"https:\/\/www.europesays.com\/fr\/193508\/"},"modified":"2025-06-21T13:00:18","modified_gmt":"2025-06-21T13:00:18","slug":"linfluenceur-imad-tintin-poursuivi-pour-avoir-menace-un-opposant-au-regime-algerien","status":"publish","type":"post","link":"https:\/\/www.europesays.com\/fr\/193508\/","title":{"rendered":"l&rsquo;influenceur Imad Tintin poursuivi pour avoir menac\u00e9 un opposant au r\u00e9gime alg\u00e9rien"},"content":{"rendered":"<p>\t\t\t\t\t\t\t\t\t\t\t<img loading=\"lazy\" decoding=\"async\" width=\"1110\" title=\"Grenoble : l'influenceur Imad Tintin poursuivi pour avoir menac\u00e9 un opposant au r\u00e9gime alg\u00e9rien\" class=\"img-fluid not_lzld mb-3\" src=\"https:\/\/grandgrenoble.alpes1.com\/media\/news\/thumb\/1110x624_grenoble-l-influenceur-imad-tintin-poursuivi-pour-avoir-menace-un-opposant-au-regime-algerien_685684a548579.webp\" alt=\"Grenoble : l'influenceur Imad Tintin poursuivi pour avoir menac\u00e9 un opposant au r\u00e9gime alg\u00e9rien\" itemprop=\"image\" height=\"624\"\/>\t\t\t\t\t\t\t\t\t\t\t\t<\/p>\n<p>Grenoble : l&rsquo;influenceur Imad Tintin poursuivi pour avoir menac\u00e9 un opposant au r\u00e9gime alg\u00e9rien &#8211; DR<\/p>\n<p itemprop=\"description\"><strong>Il commence \u00e0 conna\u00eetre le chemin.<\/strong><\/p>\n<p>Condamn\u00e9 \u00e0 Grenoble le 10 juin dernier \u00e0 une amende de 450 euros pour \u00ab\u00a0menaces de violences\u00a0\u00bb dans des vid\u00e9os sur les r\u00e9seaux sociaux, l&rsquo;influenceur Imad Tintin a \u00e9t\u00e9 plac\u00e9 en garde \u00e0 vue ce jeudi.<\/p>\n<p>La section de recherches de Grenoble souhaitait l&rsquo;interroger sur des menaces formul\u00e9es, \u00e0 nouveau dans des vid\u00e9os TikTok, \u00e0 l&rsquo;encontre de l&rsquo;opposant au r\u00e9gime alg\u00e9rien Chawki Benzehra. Ce dernier, install\u00e9 \u00e0 Lyon, avait d\u00e9nonc\u00e9 de nombreux influenceurs alg\u00e9riens et franco-alg\u00e9riens qui tenaient des propos appelant \u00e0 la violence.<\/p>\n<blockquote class=\"twitter-tweet\"><p>&#13;<\/p>\n<p dir=\"ltr\" lang=\"fr\">Une amende de 450 euros pour avoir appel\u00e9 \u00e0 br\u00fbler vif, tuer, violer, et avoir dit : \u00ab Celui qui veut du sang, qu\u2019il avance \u00bb\u2757Cette \u00ab\u00a0condamnation\u00a0\u00bb permet de comprendre la mont\u00e9e inqui\u00e9tante de la violence en France et n\u2019augure rien de bon pour l\u2019avenir vu que les auteurs des\u2026 <a href=\"https:\/\/t.co\/JMkWx9T5lK\">pic.twitter.com\/JMkWx9T5lK<\/a><\/p>\n<p>&#13;<br \/>\n\u2014 Chawki Benzehra \u0634\u0648\u0642\u064a \u0628\u0646 \u0632\u0647\u0631\u0629 (@ChawkiBenzehra) <a href=\"https:\/\/twitter.com\/ChawkiBenzehra\/status\/1932559288423075931?ref_src=twsrc%5Etfw\" target=\"_blank\" rel=\"noopener\">June 10, 2025<\/a><\/p><\/blockquote>\n<p>Selon Ouest-France, Imad Tintin a \u00e9t\u00e9 laiss\u00e9 libre \u00e0 l&rsquo;issue de son audition. Mais cet habitant d&rsquo;Echirolles devra venir s&rsquo;expliquer au tribunal de Paris le 28 mars 2026 pour des faits de \u00ab\u00a0menaces de mort\u00a0\u00bb, \u00ab\u00a0menaces de crime\u00a0\u00bb et \u00ab\u00a0harc\u00e8lement moral\u00a0\u00bb.<\/p>\n<p>Pour rappel, l&rsquo;influenceur devra \u00e9galement \u00eatre rejug\u00e9 pour sa premi\u00e8re affaire, puisque le parquet de Grenoble a fait appel.<\/p>\n<p>\t\t\t\t\t\t\t\t\t\t\t\t\t\t\t\t\t\t\t<script async src=\"https:\/\/platform.twitter.com\/widgets.js\" charset=\"utf-8\"><\/script><\/p>\n","protected":false},"excerpt":{"rendered":"Grenoble : l&rsquo;influenceur Imad Tintin poursuivi pour avoir menac\u00e9 un opposant au r\u00e9gime alg\u00e9rien &#8211; DR Il commence&hellip;\n","protected":false},"author":2,"featured_media":193509,"comment_status":"","ping_status":"","sticky":false,"template":"","format":"standard","meta":{"footnotes":""},"categories":[9566],"tags":[1111,11,7733,8279,2430,7736,650,7734,2889,2263,1777,674,1011,27,2731,8280,6417,1114,108,4662,12,3725,1825,25,7737],"class_list":{"0":"post-193508","1":"post","2":"type-post","3":"status-publish","4":"format-standard","5":"has-post-thumbnail","7":"category-grenoble","8":"tag-actu","9":"tag-actualites","10":"tag-alpes","11":"tag-alpes1","12":"tag-auvergne-rhone-alpes","13":"tag-cds","14":"tag-cinema","15":"tag-ecoute","16":"tag-emission","17":"tag-equipe","18":"tag-eu","19":"tag-europe","20":"tag-fr","21":"tag-france","22":"tag-grenoble","23":"tag-haute","24":"tag-information","25":"tag-infos","26":"tag-isere","27":"tag-journal","28":"tag-news","29":"tag-podcast","30":"tag-radio","31":"tag-republique-francaise","32":"tag-winamp"},"share_on_mastodon":{"url":"https:\/\/pubeurope.com\/@fr\/114721484024046391","error":""},"_links":{"self":[{"href":"https:\/\/www.europesays.com\/fr\/wp-json\/wp\/v2\/posts\/193508","targetHints":{"allow":["GET"]}}],"collection":[{"href":"https:\/\/www.europesays.com\/fr\/wp-json\/wp\/v2\/posts"}],"about":[{"href":"https:\/\/www.europesays.com\/fr\/wp-json\/wp\/v2\/types\/post"}],"author":[{"embeddable":true,"href":"https:\/\/www.europesays.com\/fr\/wp-json\/wp\/v2\/users\/2"}],"replies":[{"embeddable":true,"href":"https:\/\/www.europesays.com\/fr\/wp-json\/wp\/v2\/comments?post=193508"}],"version-history":[{"count":0,"href":"https:\/\/www.europesays.com\/fr\/wp-json\/wp\/v2\/posts\/193508\/revisions"}],"wp:featuredmedia":[{"embeddable":true,"href":"https:\/\/www.europesays.com\/fr\/wp-json\/wp\/v2\/media\/193509"}],"wp:attachment":[{"href":"https:\/\/www.europesays.com\/fr\/wp-json\/wp\/v2\/media?parent=193508"}],"wp:term":[{"taxonomy":"category","embeddable":true,"href":"https:\/\/www.europesays.com\/fr\/wp-json\/wp\/v2\/categories?post=193508"},{"taxonomy":"post_tag","embeddable":true,"href":"https:\/\/www.europesays.com\/fr\/wp-json\/wp\/v2\/tags?post=193508"}],"curies":[{"name":"wp","href":"https:\/\/api.w.org\/{rel}","templated":true}]}}