{"id":193514,"date":"2025-06-21T13:03:48","date_gmt":"2025-06-21T13:03:48","guid":{"rendered":"https:\/\/www.europesays.com\/fr\/193514\/"},"modified":"2025-06-21T13:03:48","modified_gmt":"2025-06-21T13:03:48","slug":"yes-we-all-can-le-theatre-vecteur-de-transformation-sociale-collectivite-europeenne-dalsace","status":"publish","type":"post","link":"https:\/\/www.europesays.com\/fr\/193514\/","title":{"rendered":"\u00ab\u00a0Yes we all can !\u00a0\u00bb : le th\u00e9\u00e2tre, vecteur de transformation sociale &#8211; Collectivit\u00e9 europ\u00e9enne d&rsquo;Alsace"},"content":{"rendered":"<p>La question du bonheur au travail&#8230; avec humour !<\/p>\n<p>Les lumi\u00e8res de la salle de spectacles s\u2019\u00e9teignent, le silence s\u2019installe\u2026 Puis, des cris ! Emergeant des coulisses, des paroles charg\u00e9es de col\u00e8re fusent, des bin\u00f4mes se courent les uns apr\u00e8s les autres, se menacent avec des objets, au rythme d&rsquo;une musique endiabl\u00e9e. Le ton est donn\u00e9, <strong>l&rsquo;humour sera au c\u0153ur de la proposition artistique<\/strong>.<\/p>\n<p>Pendant une heure, les acteurs amateurs interpr\u00e8tent des situations de conflit professionnels, avec une approche r\u00e9solument parodique. Interpr\u00e9tant des coll\u00e8gues de bureau, des managers, et m\u00eame un coach \u00ab\u00a0bien-\u00eatre en entreprise\u00a0\u00bb, <strong>les situations d&rsquo;oppression, de malentendus et de recherche de sens sont tourn\u00e9es au ridicule<\/strong>.<\/p>\n<p><strong>Les sc\u00e8nes et les d\u00e9cors diff\u00e9rents s&rsquo;encha\u00eenent<\/strong> \u00e0 un rythme effr\u00e9n\u00e9, faisant voyager le public dans un \u00e9ventail de lieux et d&rsquo;interactions d&rsquo;une grande vari\u00e9t\u00e9\u2026 L&rsquo;insertion de courts-m\u00e9trages projet\u00e9s sur un \u00e9cran ajoute une touche de modernit\u00e9, en r\u00e9v\u00e9lant les acteurs d&rsquo;une nouvelle mani\u00e8re, cette fois-ci sous l&rsquo;\u0153il d&rsquo;une cam\u00e9ra.<\/p>\n<p>Une approche in\u00e9dite et tr\u00e8s personnelle<\/p>\n<p>Ce parcours artistique vers l&#8217;emploi est le fruit du <strong>travail collectif d&rsquo;un groupe de 11 volontaires salari\u00e9s <\/strong>dans des structures d&rsquo;insertion par l&rsquo;activit\u00e9 \u00e9conomique <strong>(Vetis, Emma\u00fcs Mundo et Elsau Net)<\/strong>, accompagn\u00e9s pendant six mois par des intervenants artistiques en th\u00e9\u00e2tre, photo et vid\u00e9o. Les participants ont \u00e9t\u00e9 aux manettes du projet, en tenant \u00e0 la fois le r\u00f4le d&rsquo;acteurs, mais aussi de sc\u00e9naristes et metteurs en sc\u00e8ne.<\/p>\n<p>Cette aventure th\u00e9\u00e2trale singuli\u00e8re a \u00e9t\u00e9 un <strong>v\u00e9ritable d\u00e9fi<\/strong> pour ce petit groupe \u00e0 diff\u00e9rents niveaux : apprendre \u00e0 coconstruire un projet, \u00e0 \u00e9couter et respecter les propositions de chacun, se soutenir et \u00e9videmment, apprendre de nouvelles comp\u00e9tences, en composant avec les personnalit\u00e9s et les blocages de chacun\u2026<\/p>\n<p>Ce projet, au-del\u00e0 de la simple repr\u00e9sentation th\u00e9\u00e2trale, a permis de tordre le cou \u00e0 certaines id\u00e9es re\u00e7ues tout en proposant une r\u00e9flexion l\u00e9g\u00e8re mais pertinente sur le monde du travail. Une exp\u00e9rience prouvant une nouvelle fois la puissance de l&rsquo;art comme <strong>vecteur d&rsquo;inclusion et de transformation sociale<\/strong>. Apr\u00e8s six mois de r\u00e9p\u00e9titions, de mise en sc\u00e8ne et de travail, ces artistes amateurs ont livr\u00e9 une prestation de grande qualit\u00e9, qui a marqu\u00e9 le public, comme le prouve la standing ovation \u00e0 laquelle ils ont eu droit \u00e0 la cl\u00f4ture de leur prestation.<\/p>\n","protected":false},"excerpt":{"rendered":"La question du bonheur au travail&#8230; avec humour ! Les lumi\u00e8res de la salle de spectacles s\u2019\u00e9teignent, le&hellip;\n","protected":false},"author":2,"featured_media":193515,"comment_status":"","ping_status":"","sticky":false,"template":"","format":"standard","meta":{"footnotes":""},"categories":[2820],"tags":[1111,11,2389,5204,5938,251,341,1777,674,1011,27,775,6353,12,25,3140,640,20762],"class_list":{"0":"post-193514","1":"post","2":"type-post","3":"status-publish","4":"format-standard","5":"has-post-thumbnail","7":"category-strasbourg","8":"tag-actu","9":"tag-actualites","10":"tag-alsace","11":"tag-cea","12":"tag-collectivit-europenne-dalsace","13":"tag-culture","14":"tag-emploi","15":"tag-eu","16":"tag-europe","17":"tag-fr","18":"tag-france","19":"tag-grand-est","20":"tag-insertion","21":"tag-news","22":"tag-republique-francaise","23":"tag-spectacle","24":"tag-strasbourg","25":"tag-thtre"},"share_on_mastodon":{"url":"https:\/\/pubeurope.com\/@fr\/114721499657398974","error":""},"_links":{"self":[{"href":"https:\/\/www.europesays.com\/fr\/wp-json\/wp\/v2\/posts\/193514","targetHints":{"allow":["GET"]}}],"collection":[{"href":"https:\/\/www.europesays.com\/fr\/wp-json\/wp\/v2\/posts"}],"about":[{"href":"https:\/\/www.europesays.com\/fr\/wp-json\/wp\/v2\/types\/post"}],"author":[{"embeddable":true,"href":"https:\/\/www.europesays.com\/fr\/wp-json\/wp\/v2\/users\/2"}],"replies":[{"embeddable":true,"href":"https:\/\/www.europesays.com\/fr\/wp-json\/wp\/v2\/comments?post=193514"}],"version-history":[{"count":0,"href":"https:\/\/www.europesays.com\/fr\/wp-json\/wp\/v2\/posts\/193514\/revisions"}],"wp:featuredmedia":[{"embeddable":true,"href":"https:\/\/www.europesays.com\/fr\/wp-json\/wp\/v2\/media\/193515"}],"wp:attachment":[{"href":"https:\/\/www.europesays.com\/fr\/wp-json\/wp\/v2\/media?parent=193514"}],"wp:term":[{"taxonomy":"category","embeddable":true,"href":"https:\/\/www.europesays.com\/fr\/wp-json\/wp\/v2\/categories?post=193514"},{"taxonomy":"post_tag","embeddable":true,"href":"https:\/\/www.europesays.com\/fr\/wp-json\/wp\/v2\/tags?post=193514"}],"curies":[{"name":"wp","href":"https:\/\/api.w.org\/{rel}","templated":true}]}}