{"id":193518,"date":"2025-06-21T13:05:11","date_gmt":"2025-06-21T13:05:11","guid":{"rendered":"https:\/\/www.europesays.com\/fr\/193518\/"},"modified":"2025-06-21T13:05:11","modified_gmt":"2025-06-21T13:05:11","slug":"nice-un-restaurant-tres-en-vogue-ouvre-dans-ce-centre-commercial-avec-vue-mer","status":"publish","type":"post","link":"https:\/\/www.europesays.com\/fr\/193518\/","title":{"rendered":"Nice. Un restaurant tr\u00e8s en vogue ouvre dans ce centre commercial avec vue mer"},"content":{"rendered":"<p>            Par<br \/>\n        <strong><br \/>\n            <a href=\"https:\/\/actu.fr\/auteur\/ugo-maillard\" title=\"Consulter tous les articles de Ugo Maillard\" rel=\"nofollow noopener\" target=\"_blank\">Ugo Maillard<\/a><br \/>\n        <\/strong><\/p>\n<p>        Publi\u00e9 le<\/p>\n<p>            21 juin 2025 \u00e0 7h12        <\/p>\n<p>Une nouvelle adresse gourmande. Lors de ce mois de juin\u00a02025, le centre commercial de <strong>Cap 3000<\/strong>, situ\u00e9 sur la commune de <a href=\"https:\/\/actu.fr\/provence-alpes-cote-d-azur\/saint-laurent-du-var_06123\" rel=\"nofollow noopener\" target=\"_blank\">Saint-Laurent-du-Var<\/a> (<a href=\"https:\/\/actu.fr\/provence-alpes-cote-d-azur\/alpes-maritimes_06\" rel=\"nofollow noopener\" target=\"_blank\">Alpes-Maritimes<\/a>), tout pr\u00e8s de <a href=\"https:\/\/actu.fr\/nice\/\" rel=\"nofollow noopener\" target=\"_blank\">Nice<\/a>, accueille un restaurant dans ses all\u00e9es. <strong>Doppio Malto<\/strong>, une brasserie italienne, ouvre ses portes aux clients dans son premier point de vente de la C\u00f4te d\u2019Azur. L\u2019enseigne compte s\u00e9duire les Ni\u00e7ois avec sa large offre de bi\u00e8res, ses plats traditionnels italiens et de nombreux espaces de convivialit\u00e9.<\/p>\n<p class=\" wall-content\">Voici tout ce que l\u2019on sait sur ce nouvel espace de restauration.<\/p>\n<p>Situ\u00e9 au deuxi\u00e8me \u00e9tage<\/p>\n<p class=\" wall-content\">Ouvert du dimanche au jeudi de 12h \u00e0 23 et du vendredi au samedi de 12h \u00e0 23h30, Doppio Malto est une brasserie qui compte s\u00e9duire sa client\u00e8le via le panel de bi\u00e8re propos\u00e9. L\u2019enseigne propose <strong>18 bi\u00e8res brass\u00e9es en Sardaigne<\/strong> sous la banni\u00e8re Doppio Malto.<\/p>\n<p class=\" wall-content\">Giovanni Porcu, CEO de Doppio Malto, se r\u00e9jouit de l\u2019arriv\u00e9e sur la C\u00f4te d\u2019Azur\u2009: \u00ab\u2009\u00c0 Nice, on partage les m\u00eames valeurs qu\u2019en Italie\u2009: la passion brassicole, l\u2019amour de la vie et l\u2019envie de se retrouver autour d\u2019une bonne bi\u00e8re artisanale. C\u2019est pourquoi Doppio Malto s\u2019y sent d\u00e9j\u00e0 chez lui.\u2009\u00bb<\/p>\n<p class=\" wall-content\"><a href=\"https:\/\/www.instagram.com\/p\/DK1-GpcI-eZ\/embed\" title=\"Ouvrir le lien sur Instagram\" rel=\"nofollow noopener\" target=\"_blank\">Visualiser le contenu sur Instagram<\/a><\/p>\n<p class=\" wall-content\">Le rendez-vous est donn\u00e9 au deuxi\u00e8me \u00e9tage du centre commercial de Cap 3000, situ\u00e9 \u00e0 quelques kilom\u00e8tres du centre-ville de Nice.<\/p>\n<p>    <a href=\"https:\/\/www.google.com\/maps\/embed?pb=!1m18!1m12!1m3!1d11216.8312528791!2d7.205118273290803!3d43.661119983824115!2m3!1f0!2f0!3f0!3m2!1i1024!2i768!4f13.1!3m3!1m2!1s0x12cdd571a68aa12b%3A0x3bbfb3596b403085!2sCAP3000!5e0!3m2!1sfr!2sfr!4v1750162790164!5m2!1sfr!2sfr\" title=\"Ouvrie le lien\" rel=\"nofollow noopener\" target=\"_blank\">Cliquez ici pour visualiser le contenu<\/a><\/p>\n<p>Une immense terrasse avec vue mer<\/p>\n<p class=\" wall-content\">\u00ab\u2009Le restaurant permet d\u2019accueillir pr\u00e8s de 200 couverts\u2009\u00bb, indique le groupe par le biais d\u2019un communiqu\u00e9 transmis \u00e0 <a href=\"https:\/\/actu.fr\/nice\/\" rel=\"nofollow noopener\" target=\"_blank\">actu Nice<\/a>.<\/p>\n<p>    <img   decoding=\"async\" loading=\"lazy\" src=\"https:\/\/www.europesays.com\/fr\/wp-content\/uploads\/2025\/06\/terrasse-doppio-nice-960x640.png\" alt=\"La terrasse de 180 m2 offre une sublime vue mer.\" width=\"960\" height=\"640\"\/><br \/>\n    La terrasse de 180 m\u00b2 offre une sublime vue mer. (\u00a9Document remis \u00e0 actu Nice)<\/p>\n<p class=\" wall-content\">L\u2019immense point fort du restaurant de Nice est la terrasse de 180 m\u00b2 avec une vue imprenable sur la mer M\u00e9diterran\u00e9e.<\/p>\n<p>Une quatri\u00e8me ouverture en France<\/p>\n<p class=\" wall-content\">L\u2019\u00e9tablissement de Cap 3000 est le quatri\u00e8me en France. Si le succ\u00e8s de Doppio Malto s\u2019est construit en Italie avec 60 points de vente en 2025, les ambitions ont d\u00e9sormais travers\u00e9 les Alpes.<\/p>\n<p class=\" wall-content\">Le groupe conclut en indiquant que <strong>d\u2019autres ouvertures sont pr\u00e9vues en France<\/strong> en 2025.<\/p>\n<p class=\" wall-content\">Suivez toute l\u2019actualit\u00e9 de vos villes et m\u00e9dias favoris en vous inscrivant \u00e0 <a href=\"https:\/\/moncompte.actu.fr\" title=\"D\u00e9couvez Mon Actu\" rel=\"nofollow noopener\" data-trk=\"{&quot;cta&quot;:{&quot;action&quot;:&quot;https:\\\/\\\/moncompte.actu.fr&quot;,&quot;category&quot;:&quot;mon compte&quot;,&quot;from&quot;:&quot;article footer&quot;,&quot;name&quot;:&quot;Mon actu&quot;,&quot;type&quot;:&quot;cta&quot;}}\" target=\"_blank\">Mon Actu<\/a>.<\/p>\n<p>                    <script async src=\"\/\/www.instagram.com\/embed.js\"><\/script><\/p>\n","protected":false},"excerpt":{"rendered":"Par Ugo Maillard Publi\u00e9 le 21 juin 2025 \u00e0 7h12 Une nouvelle adresse gourmande. Lors de ce mois&hellip;\n","protected":false},"author":2,"featured_media":193519,"comment_status":"","ping_status":"","sticky":false,"template":"","format":"standard","meta":{"footnotes":""},"categories":[2819],"tags":[1111,11,33,1777,674,1011,27,12,2401,882,25,1340],"class_list":{"0":"post-193518","1":"post","2":"type-post","3":"status-publish","4":"format-standard","5":"has-post-thumbnail","7":"category-nice","8":"tag-actu","9":"tag-actualites","10":"tag-economie","11":"tag-eu","12":"tag-europe","13":"tag-fr","14":"tag-france","15":"tag-news","16":"tag-nice","17":"tag-provence-alpes-cote-dazur","18":"tag-republique-francaise","19":"tag-restaurant"},"share_on_mastodon":{"url":"https:\/\/pubeurope.com\/@fr\/114721503846046522","error":""},"_links":{"self":[{"href":"https:\/\/www.europesays.com\/fr\/wp-json\/wp\/v2\/posts\/193518","targetHints":{"allow":["GET"]}}],"collection":[{"href":"https:\/\/www.europesays.com\/fr\/wp-json\/wp\/v2\/posts"}],"about":[{"href":"https:\/\/www.europesays.com\/fr\/wp-json\/wp\/v2\/types\/post"}],"author":[{"embeddable":true,"href":"https:\/\/www.europesays.com\/fr\/wp-json\/wp\/v2\/users\/2"}],"replies":[{"embeddable":true,"href":"https:\/\/www.europesays.com\/fr\/wp-json\/wp\/v2\/comments?post=193518"}],"version-history":[{"count":0,"href":"https:\/\/www.europesays.com\/fr\/wp-json\/wp\/v2\/posts\/193518\/revisions"}],"wp:featuredmedia":[{"embeddable":true,"href":"https:\/\/www.europesays.com\/fr\/wp-json\/wp\/v2\/media\/193519"}],"wp:attachment":[{"href":"https:\/\/www.europesays.com\/fr\/wp-json\/wp\/v2\/media?parent=193518"}],"wp:term":[{"taxonomy":"category","embeddable":true,"href":"https:\/\/www.europesays.com\/fr\/wp-json\/wp\/v2\/categories?post=193518"},{"taxonomy":"post_tag","embeddable":true,"href":"https:\/\/www.europesays.com\/fr\/wp-json\/wp\/v2\/tags?post=193518"}],"curies":[{"name":"wp","href":"https:\/\/api.w.org\/{rel}","templated":true}]}}