{"id":193527,"date":"2025-06-21T13:11:09","date_gmt":"2025-06-21T13:11:09","guid":{"rendered":"https:\/\/www.europesays.com\/fr\/193527\/"},"modified":"2025-06-21T13:11:09","modified_gmt":"2025-06-21T13:11:09","slug":"il-se-retrouve-nez-a-nez-avec-un-python-royal-dans-sa-buanderie","status":"publish","type":"post","link":"https:\/\/www.europesays.com\/fr\/193527\/","title":{"rendered":"il se retrouve nez \u00e0 nez avec un python royal dans sa buanderie"},"content":{"rendered":"<p>C\u2019est une rencontre pour le moins inattendue, que Gilbert 66 ans, a fait ce matin. Ce samedi 21 juin 2025, un Toulousain de 66 ans, a d\u00e9couvert un python royal dans son appartement situ\u00e9 au 2e \u00e9tage d\u2019une r\u00e9sidence nich\u00e9e boulevard de l\u2019Embouchure, au sud du quartier des Minimes. Contact\u00e9 par <strong>Pyr\u00e9n\u00e9es Fm<\/strong>, il raconte sa m\u00e9saventure.  <\/p>\n<p>\u00ab\u00a0Comme j\u2019ai des probl\u00e8me de vue, j\u2019ai d\u2019abord cru \u00e0 un pigeon\u00a0\u00bb<\/p>\n<p>\u00ab Il \u00e9tait t\u00f4t le matin, je m\u2019appr\u00eatais \u00e0 sortir les poubelles. Avant de partir, je suis all\u00e9 chercher ma casquette dans la buanderie. C\u2019est l\u00e0 que j\u2019ai vu quelque chose bouger \u00bb, raconte Gilbert. Souffrant de troubles de la vue, il pense d\u2019abord voir un reflet sur le hublot de la machine \u00e0 laver, puis \u00e0 un pigeon. \u00ab Et puis j\u2019ai vu du jaune et du noir\u2026 j\u2019ai compris que c\u2019\u00e9tait un serpent. \u00bb.<\/p>\n<p>Loin de paniquer, le sexag\u00e9naire garde son sang-froid et compose le 18. \u00c0 leur arriv\u00e9e, les pompiers du SDIS 31 d\u00e9couvrent un python royal d\u2019environ 60 cm, \u00ab un peu grassouillet \u00bb, pr\u00e9cise Gilbert. L\u2019animal a \u00e9t\u00e9 captur\u00e9 sans difficult\u00e9 et pris en charge par une clinique v\u00e9t\u00e9rinaire.<\/p>\n<p>\u00ab\u00a0<strong>Des affiches pour retrouver son propri\u00e9taire<\/strong>\u00ab\u00a0<\/p>\n<p>Mais le myst\u00e8re demeure : comment ce reptile, originaire d\u2019Afrique et souvent \u00e9lev\u00e9 en captivit\u00e9, s\u2019est-il retrouv\u00e9 dans un logement situ\u00e9 en hauteur ? \u00ab On habite au deuxi\u00e8me \u00e9tage. Selon les secours, ce type de serpent ne grimpe pas aux murs \u00bb, s\u2019\u00e9tonne Gilbert. Aucune explication n\u2019a pour l\u2019instant \u00e9t\u00e9 soulev\u00e9e.<\/p>\n<p>Pour tenter de retrouver le propri\u00e9taire, les r\u00e9sidents ont placard\u00e9 des affiches dans l\u2019immeuble. En attendant, Gilbert et sa compagne, encore sous le choc, ont une anecdote toute trouv\u00e9e \u00e0 raconter \u00e0 leurs voisins\u2026 lors de la f\u00eate de quartier pr\u00e9vue dans la soir\u00e9e.<\/p>\n","protected":false},"excerpt":{"rendered":"C\u2019est une rencontre pour le moins inattendue, que Gilbert 66 ans, a fait ce matin. Ce samedi 21&hellip;\n","protected":false},"author":2,"featured_media":193528,"comment_status":"","ping_status":"","sticky":false,"template":"","format":"standard","meta":{"footnotes":""},"categories":[2816],"tags":[1111,11,1777,674,1011,27,12,2680,33228,33229,33230,25,5067,2312],"class_list":{"0":"post-193527","1":"post","2":"type-post","3":"status-publish","4":"format-standard","5":"has-post-thumbnail","7":"category-toulouse","8":"tag-actu","9":"tag-actualites","10":"tag-eu","11":"tag-europe","12":"tag-fr","13":"tag-france","14":"tag-news","15":"tag-occitanie","16":"tag-pompiers-de-la-haute-garonne","17":"tag-python-royal","18":"tag-reptile","19":"tag-republique-francaise","20":"tag-serpent","21":"tag-toulouse"},"share_on_mastodon":{"url":"https:\/\/pubeurope.com\/@fr\/114721527207900194","error":""},"_links":{"self":[{"href":"https:\/\/www.europesays.com\/fr\/wp-json\/wp\/v2\/posts\/193527","targetHints":{"allow":["GET"]}}],"collection":[{"href":"https:\/\/www.europesays.com\/fr\/wp-json\/wp\/v2\/posts"}],"about":[{"href":"https:\/\/www.europesays.com\/fr\/wp-json\/wp\/v2\/types\/post"}],"author":[{"embeddable":true,"href":"https:\/\/www.europesays.com\/fr\/wp-json\/wp\/v2\/users\/2"}],"replies":[{"embeddable":true,"href":"https:\/\/www.europesays.com\/fr\/wp-json\/wp\/v2\/comments?post=193527"}],"version-history":[{"count":0,"href":"https:\/\/www.europesays.com\/fr\/wp-json\/wp\/v2\/posts\/193527\/revisions"}],"wp:featuredmedia":[{"embeddable":true,"href":"https:\/\/www.europesays.com\/fr\/wp-json\/wp\/v2\/media\/193528"}],"wp:attachment":[{"href":"https:\/\/www.europesays.com\/fr\/wp-json\/wp\/v2\/media?parent=193527"}],"wp:term":[{"taxonomy":"category","embeddable":true,"href":"https:\/\/www.europesays.com\/fr\/wp-json\/wp\/v2\/categories?post=193527"},{"taxonomy":"post_tag","embeddable":true,"href":"https:\/\/www.europesays.com\/fr\/wp-json\/wp\/v2\/tags?post=193527"}],"curies":[{"name":"wp","href":"https:\/\/api.w.org\/{rel}","templated":true}]}}