{"id":193533,"date":"2025-06-21T13:14:10","date_gmt":"2025-06-21T13:14:10","guid":{"rendered":"https:\/\/www.europesays.com\/fr\/193533\/"},"modified":"2025-06-21T13:14:10","modified_gmt":"2025-06-21T13:14:10","slug":"un-homme-qui-assistait-a-des-viols-denfants-en-ligne-depuis-la-colombie-mis-en-examen-et-ecroue","status":"publish","type":"post","link":"https:\/\/www.europesays.com\/fr\/193533\/","title":{"rendered":"Un homme qui assistait \u00e0 des viols d\u2019enfants en ligne depuis la Colombie mis en examen et \u00e9crou\u00e9"},"content":{"rendered":"<p>Un homme de 55 ans a \u00e9t\u00e9 mis en examen et plac\u00e9 en d\u00e9tention provisoire pour avoir vers\u00e9 plus de 30.000 euros afin d\u2019assister \u00e0 des <a href=\"https:\/\/www.20minutes.fr\/justice\/4136847-20250223-proces-scouarnec-abjecte-plongee-carnets-secrets-chirurgien-accuse-299-viols-agressions-sexuelles\" class=\"color-ultramarine c-link\" target=\"_blank\" rel=\"noopener\">viols d\u2019enfants<\/a> en direct en ligne depuis la <a href=\"https:\/\/www.20minutes.fr\/monde\/colombie\/\" class=\"color-ultramarine c-link\" target=\"_blank\" rel=\"noopener\">Colombie<\/a>, a annonc\u00e9 samedi la procureure de Paris Laure Beccuau.<\/p>\n<p>Selon une source proche du dossier, confirmant une information <a href=\"https:\/\/www.francebleu.fr\/infos\/faits-divers-justice\/pedocriminalite-arrete-pres-de-lille-un-homme-mis-en-examen-pour-avoir-achete-des-viols-d-enfants-en-ligne-3856100\" rel=\"nofollow noopener\" target=\"_blank\" class=\"color-ultramarine c-link\">de la radio Ici<\/a>, l\u2019homme est un garagiste vivant dans la <a href=\"https:\/\/www.20minutes.fr\/lille\/\" class=\"color-ultramarine c-link\" target=\"_blank\" rel=\"noopener\">r\u00e9gion lilloise<\/a>. Il est soup\u00e7onn\u00e9 d\u2019avoir command\u00e9, pendant quatre ans, entre 500 \u00e0 600 viols d\u2019enfants et d\u2019adolescents, des filles et des gar\u00e7ons, \u00e0 une famille colombienne, a pr\u00e9cis\u00e9 la source proche.<\/p>\n<p>Recours \u00e0 des cr\u00e9dits \u00e0 la consommation<\/p>\n<p>Les investigations ont r\u00e9v\u00e9l\u00e9 que le suspect effectuait des virements \u00ab\u00a0\u00e0 destination de quelques personnes en Colombie, pour plus de 30.000 euros, en \u00e9change notamment d\u2019images \u00e0 caract\u00e8re sexuel de jeunes enfants\u00a0\u00bb, selon la procureure. Il avait recours \u00e0 des cr\u00e9dits \u00e0 la consommation pour financer ces viols en livestreaming, selon la source proche.<\/p>\n<p>Le suspect a \u00e9t\u00e9 mis en examen vendredi pour \u00ab\u00a0complicit\u00e9 de traite des \u00eatres humains \u00e0 l\u2019\u00e9gard de mineurs victimes de viol de 15 ans, de viols et d\u2019agressions sexuelles sur mineurs, notamment incestueux, et d\u2019instigation \u00e0 ce qu\u2019il en soit commis d\u2019autres sans que cela ait \u00e9t\u00e9 suivi d\u2019effet, ainsi que d\u2019acquisition, d\u00e9tention et consultation habituelle d\u2019images de mineur pr\u00e9sentant un caract\u00e8re pornographique\u00a0\u00bb, a d\u00e9taill\u00e9 Laure Beccuau. Il a \u00e9t\u00e9 plac\u00e9 en d\u00e9tention provisoire.<\/p>\n<p>Signalement d\u2019un service sp\u00e9cialis\u00e9 am\u00e9ricain<\/p>\n<p>L\u2019enqu\u00eate a d\u00e9but\u00e9 par des signalements du <a href=\"https:\/\/www.missingkids.org\/home\" target=\"_blank\" class=\"color-ultramarine c-link\" rel=\"noopener\">National Center of Missing and Exploited Children (NCMEC)<\/a>, un service sp\u00e9cialis\u00e9 am\u00e9ricain. Ce service d\u00e9tecte les images <a href=\"https:\/\/www.20minutes.fr\/dossier\/pedopornographie\" class=\"color-ultramarine c-link\" target=\"_blank\" rel=\"noopener\">p\u00e9dopornographiques<\/a> qui circulent sur les r\u00e9seaux sociaux, pr\u00e9cise la radio Ici.<\/p>\n<p>Lors de la perquisition au domicile du suspect, des armes ont \u00e9galement \u00e9t\u00e9 retrouv\u00e9es, ainsi que du mat\u00e9riel, qui a \u00e9t\u00e9 saisi. Les enqu\u00eateurs de l\u2019<a href=\"https:\/\/www.20minutes.fr\/societe\/4050899-20230831-violences-faites-mineurs-agressions-viols-harcelement-role-ofmin\" class=\"color-ultramarine c-link\" target=\"_blank\" rel=\"noopener\">Office des mineurs<\/a> (Ofmin) doivent d\u00e9sormais \u00ab\u00a0\u00e9tablir l\u2019ampleur du ph\u00e9nom\u00e8ne\u00a0\u00bb. Les investigations ont \u00e9t\u00e9 confi\u00e9es \u00e0 des juges d\u2019instruction.<\/p>\n<p>\u00ab\u00a0Mise \u00e0 l\u2019abri des mineurs victimes\u00a0\u00bb<\/p>\n<p>\u00ab\u00a0Au titre de sa comp\u00e9tence nationale en mati\u00e8re de p\u00e9docriminalit\u00e9 en ligne, le parquet de Paris a men\u00e9 avec l\u2019Ofmin une op\u00e9ration coordonn\u00e9e avec la Colombie qui a abouti, pour la premi\u00e8re fois, \u00e0 l\u2019interpellation simultan\u00e9e du commanditaire fran\u00e7ais, des auteurs locaux et d\u2019interm\u00e9diaires dits \u00ab\u00a0moneyrunners\u00a0\u00bb\u00a0\u00bb lundi, a relat\u00e9 la procureure dans un communiqu\u00e9.<\/p>\n<\/p>\n<p>Cette op\u00e9ration a \u00e9galement permis \u00ab\u00a0l\u2019identification\u00a0\u00bb et \u00ab\u00a0la mise \u00e0 l\u2019abri des mineurs victimes\u00a0\u00bb, a-t-elle pr\u00e9cis\u00e9, soulignant que la pr\u00e9sence d\u2019un magistrat de liaison fran\u00e7ais en Colombie depuis cette ann\u00e9e avait facilit\u00e9 la coop\u00e9ration entre les deux pays.<\/p>\n","protected":false},"excerpt":{"rendered":"Un homme de 55 ans a \u00e9t\u00e9 mis en examen et plac\u00e9 en d\u00e9tention provisoire pour avoir vers\u00e9&hellip;\n","protected":false},"author":2,"featured_media":193534,"comment_status":"","ping_status":"","sticky":false,"template":"","format":"standard","meta":{"footnotes":""},"categories":[2815],"tags":[1111,47,11,1084,9395,847,1067,1777,674,1011,27,811,310,1307,12,1308,1309,1974,32329,25,104,1265],"class_list":{"0":"post-193533","1":"post","2":"type-post","3":"status-publish","4":"format-standard","5":"has-post-thumbnail","7":"category-lille","8":"tag-actu","9":"tag-actualite","10":"tag-actualites","11":"tag-adolescent","12":"tag-colombie","13":"tag-enfant","14":"tag-enquete","15":"tag-eu","16":"tag-europe","17":"tag-fr","18":"tag-france","19":"tag-hauts-de-france","20":"tag-internet","21":"tag-lille","22":"tag-news","23":"tag-nord","24":"tag-nord-pas-de-calais","25":"tag-pedocriminalite","26":"tag-pedopornographie","27":"tag-republique-francaise","28":"tag-societe","29":"tag-viol"},"share_on_mastodon":{"url":"https:\/\/pubeurope.com\/@fr\/114721538898719228","error":""},"_links":{"self":[{"href":"https:\/\/www.europesays.com\/fr\/wp-json\/wp\/v2\/posts\/193533","targetHints":{"allow":["GET"]}}],"collection":[{"href":"https:\/\/www.europesays.com\/fr\/wp-json\/wp\/v2\/posts"}],"about":[{"href":"https:\/\/www.europesays.com\/fr\/wp-json\/wp\/v2\/types\/post"}],"author":[{"embeddable":true,"href":"https:\/\/www.europesays.com\/fr\/wp-json\/wp\/v2\/users\/2"}],"replies":[{"embeddable":true,"href":"https:\/\/www.europesays.com\/fr\/wp-json\/wp\/v2\/comments?post=193533"}],"version-history":[{"count":0,"href":"https:\/\/www.europesays.com\/fr\/wp-json\/wp\/v2\/posts\/193533\/revisions"}],"wp:featuredmedia":[{"embeddable":true,"href":"https:\/\/www.europesays.com\/fr\/wp-json\/wp\/v2\/media\/193534"}],"wp:attachment":[{"href":"https:\/\/www.europesays.com\/fr\/wp-json\/wp\/v2\/media?parent=193533"}],"wp:term":[{"taxonomy":"category","embeddable":true,"href":"https:\/\/www.europesays.com\/fr\/wp-json\/wp\/v2\/categories?post=193533"},{"taxonomy":"post_tag","embeddable":true,"href":"https:\/\/www.europesays.com\/fr\/wp-json\/wp\/v2\/tags?post=193533"}],"curies":[{"name":"wp","href":"https:\/\/api.w.org\/{rel}","templated":true}]}}