{"id":193536,"date":"2025-06-21T13:16:09","date_gmt":"2025-06-21T13:16:09","guid":{"rendered":"https:\/\/www.europesays.com\/fr\/193536\/"},"modified":"2025-06-21T13:16:09","modified_gmt":"2025-06-21T13:16:09","slug":"marseille-terre-dasile-des-scientifiques","status":"publish","type":"post","link":"https:\/\/www.europesays.com\/fr\/193536\/","title":{"rendered":"Marseille, terre d&rsquo;asile des scientifiques"},"content":{"rendered":"<p>Il y a autour de la table, install\u00e9e au si\u00e8ge de l\u2019universit\u00e9 d\u2019Aix-Marseille (AMU), au Pharo, des Am\u00e9ricains et des Palestiniens, une Ukrainienne, un Syrien, un Afghan. Tous sont en guerre, mais dans le m\u00eame camp. Et leur combat est celui de la pens\u00e9e libre. \u00ab\u00a0Nos situations, \u00e0 nous Am\u00e9ricains, ne sont pas les m\u00eames que nos confr\u00e8res qui ont \u00e9norm\u00e9ment souffert\u00a0\u00bb, nuance Molly Dondero.<\/p>\n<p>Cette professeure de sociologie de Washington a vu soudainement ses cr\u00e9dits coup\u00e9s, ses recherches sur les in\u00e9galit\u00e9s des politiques de sant\u00e9 effac\u00e9es. \u00ab\u00a0Mon travail d\u2019analyse statistique a \u00e9t\u00e9 bloqu\u00e9, les donn\u00e9es retir\u00e9es d\u2019internet\u00a0\u00bb, pr\u00e9cise-t-elle. Mais tout pr\u00e8s d\u2019elle, Abdalatif Abuashem, arriv\u00e9 au mois d\u2019avril de Gaza, ne fait pas de diff\u00e9rence. \u00ab\u00a0Je suis un modeste messager des nombreux scientifiques, dit-il. Pour moi comme pour les autres, ce sont des r\u00eaves, des cultures, des \u00e9nergies que l\u2019on d\u00e9truit.\u00a0\u00bb<\/p>\n<p>Plus de 500 candidatures en trois mois<\/p>\n<p>Depuis\u00a02017, l\u2019universit\u00e9 Aix-Marseille a accueilli 22 scientifiques syriens, afghans ou palestiniens dans le cadre du programme national \u00ab\u00a0Pause\u00a0\u00bb destin\u00e9 aux chercheurs en exil. En mars\u00a02025, elle s\u2019est tourn\u00e9e en parall\u00e8le vers les \u00c9tats-Unis, o\u00f9 l\u2019administration Trump balaie de nombreuses unit\u00e9s de recherche. Les sciences sociales et la recherche sur le d\u00e9r\u00e8glement climatique sont particuli\u00e8rement vis\u00e9es. \u00ab\u00a0Jusqu\u2019\u00e0 peu, les scientifiques fuyaient les pays en guerre. Maintenant, on consid\u00e8re qu\u2019ils d\u00e9rangent certains r\u00e9cits nationaux, y compris dans les d\u00e9mocraties, r\u00e9sume <a href=\"https:\/\/www.laprovence.com\/article\/societe\/2465238787225315\/le-president-d-aix-marseille-universite-et-hollande-pronent-la-creation-d-un-statut-de-refugie-scientifique\" target=\"_blank\" rel=\"noopener\">\u00c9ric Berton, pr\u00e9sident d\u2019AMU<\/a>.<\/p>\n","protected":false},"excerpt":{"rendered":"Il y a autour de la table, install\u00e9e au si\u00e8ge de l\u2019universit\u00e9 d\u2019Aix-Marseille (AMU), au Pharo, des Am\u00e9ricains&hellip;\n","protected":false},"author":2,"featured_media":193537,"comment_status":"","ping_status":"","sticky":false,"template":"","format":"standard","meta":{"footnotes":""},"categories":[2814],"tags":[17,1111,11,33231,33232,154,1777,674,1011,27,884,12,882,25,4513,104,4505],"class_list":{"0":"post-193536","1":"post","2":"type-post","3":"status-publish","4":"format-standard","5":"has-post-thumbnail","7":"category-marseille","8":"tag-17","9":"tag-actu","10":"tag-actualites","11":"tag-aix-marseille","12":"tag-dasile","13":"tag-des","14":"tag-eu","15":"tag-europe","16":"tag-fr","17":"tag-france","18":"tag-marseille","19":"tag-news","20":"tag-provence-alpes-cote-dazur","21":"tag-republique-francaise","22":"tag-scientifiques","23":"tag-societe","24":"tag-terre"},"share_on_mastodon":{"url":"https:\/\/pubeurope.com\/@fr\/114721546833824233","error":""},"_links":{"self":[{"href":"https:\/\/www.europesays.com\/fr\/wp-json\/wp\/v2\/posts\/193536","targetHints":{"allow":["GET"]}}],"collection":[{"href":"https:\/\/www.europesays.com\/fr\/wp-json\/wp\/v2\/posts"}],"about":[{"href":"https:\/\/www.europesays.com\/fr\/wp-json\/wp\/v2\/types\/post"}],"author":[{"embeddable":true,"href":"https:\/\/www.europesays.com\/fr\/wp-json\/wp\/v2\/users\/2"}],"replies":[{"embeddable":true,"href":"https:\/\/www.europesays.com\/fr\/wp-json\/wp\/v2\/comments?post=193536"}],"version-history":[{"count":0,"href":"https:\/\/www.europesays.com\/fr\/wp-json\/wp\/v2\/posts\/193536\/revisions"}],"wp:featuredmedia":[{"embeddable":true,"href":"https:\/\/www.europesays.com\/fr\/wp-json\/wp\/v2\/media\/193537"}],"wp:attachment":[{"href":"https:\/\/www.europesays.com\/fr\/wp-json\/wp\/v2\/media?parent=193536"}],"wp:term":[{"taxonomy":"category","embeddable":true,"href":"https:\/\/www.europesays.com\/fr\/wp-json\/wp\/v2\/categories?post=193536"},{"taxonomy":"post_tag","embeddable":true,"href":"https:\/\/www.europesays.com\/fr\/wp-json\/wp\/v2\/tags?post=193536"}],"curies":[{"name":"wp","href":"https:\/\/api.w.org\/{rel}","templated":true}]}}