{"id":19354,"date":"2025-04-12T07:36:10","date_gmt":"2025-04-12T07:36:10","guid":{"rendered":"https:\/\/www.europesays.com\/fr\/19354\/"},"modified":"2025-04-12T07:36:10","modified_gmt":"2025-04-12T07:36:10","slug":"le-chantier-va-t-il-etre-arrete-en-urgence","status":"publish","type":"post","link":"https:\/\/www.europesays.com\/fr\/19354\/","title":{"rendered":"le chantier va-t-il \u00eatre arr\u00eat\u00e9 en urgence\u00a0?"},"content":{"rendered":"<p>Apr\u00e8s des retards sur le <a href=\"https:\/\/www.leprogres.fr\/transport\/2025\/03\/20\/avec-les-trams-t9-et-t6-c-est-un-big-bang-qui-s-annonce-pour-les-bus-a-vaulx-en-velin\" target=\"_blank\" rel=\"noopener\">chantier du futur T9 dans l\u2019Est lyonnais<\/a>, le T10, qui doit relier Lyon \u00e0 V\u00e9nissieux, en passant par Saint-Fons, va-t-il conna\u00eetre lui aussi des d\u00e9boires\u00a0? C\u2019est une possibilit\u00e9 puisqu\u2019une requ\u00eate en r\u00e9f\u00e9r\u00e9, introduite par l\u2019Inspection du travail, sera examin\u00e9e ce lundi 14\u00a0avril par le tribunal administratif de Lyon, selon nos confr\u00e8res <a href=\"https:\/\/tribunedelyon.fr\/transports\/tramway-t10-a-lyon-linspection-du-travail-demande-larret-du-chantier\/\" target=\"_blank\" rel=\"noopener\">de Tribune de Lyon<\/a>.<\/p>\n<p>  Un pav\u00e9 heurte un salari\u00e9 qui se trouvait \u00e0 4 ou 5\u00a0m de la pelle m\u00e9canique<\/p>\n<p>Au d\u00e9part, quatre visites de contr\u00f4le au cours desquelles l\u2019Inspection du travail a constat\u00e9 des sources de risques pour les ouvriers et les passants. Exemple\u00a0: lors de l\u2019enl\u00e8vement de mat\u00e9riaux \u00e0 proximit\u00e9 des pi\u00e9tons et cyclistes, \u00ab\u00a0un pav\u00e9 a \u00e9t\u00e9 violemment \u00e9ject\u00e9 lorsqu\u2019une pelle m\u00e9canique a roul\u00e9 dessus. Le pav\u00e9 a heurt\u00e9 le salari\u00e9 qui se trouvait \u00e0 4 ou 5\u00a0m de la pelle m\u00e9canique\u00a0\u00bb dans un secteur o\u00f9 a \u00e9t\u00e9 relev\u00e9e \u00ab\u00a0l\u2019absence de toute protection ou d\u00e9limitation autour de la fouille\u00a0\u00bb.<\/p>\n<p>  50\u00a0000\u00a0\u20ac d\u2019amende par jour de retard<\/p>\n<p>Le rapport fait \u00e9galement \u00e9tat d\u2019une mauvaise gestion des d\u00e9chets sur les chantiers, de branchements non conformes,\u00a0etc. Ces constats m\u00e8nent donc Sytral Mobilit\u00e9s, ma\u00eetre d\u2019ouvrage, devant la justice avec ce r\u00e9f\u00e9r\u00e9 r\u00e9clamant l\u2019arr\u00eat en urgence du chantier, sous astreinte de 50\u00a0000\u00a0\u20ac par jour de retard.<\/p>\n<p>Contact\u00e9 par Tribune de Lyon, Sytral Mobilit\u00e9s dit vouloir \u00ab\u00a0apporter des r\u00e9ponses concr\u00e8tes, en lien avec les entreprises intervenant sur nos diff\u00e9rents chantiers\u00a0\u00bb et leur a demand\u00e9 \u00ab\u00a0de tout mettre en \u0153uvre pour se conformer aux observations formul\u00e9es\u00a0\u00bb.<\/p>\n<p class=\"note\"><a href=\"https:\/\/tribunedelyon.fr\/transports\/tramway-t10-a-lyon-linspection-du-travail-demande-larret-du-chantier\/\" target=\"_blank\" rel=\"noopener\">Lire l\u2019article complet sur Tribune de Lyon.<\/a><\/p>\n","protected":false},"excerpt":{"rendered":"Apr\u00e8s des retards sur le chantier du futur T9 dans l\u2019Est lyonnais, le T10, qui doit relier Lyon&hellip;\n","protected":false},"author":2,"featured_media":19355,"comment_status":"","ping_status":"","sticky":false,"template":"","format":"standard","meta":{"footnotes":""},"categories":[1889],"tags":[1111,11,2430,4749,3542,33,3152,2757,1777,674,274,107,1011,27,2428,2756,12,25,2429,2803,4375],"class_list":{"0":"post-19354","1":"post","2":"type-post","3":"status-publish","4":"format-standard","5":"has-post-thumbnail","7":"category-lyon","8":"tag-actu","9":"tag-actualites","10":"tag-auvergne-rhone-alpes","11":"tag-btp-et-chantiers","12":"tag-circulation","13":"tag-economie","14":"tag-edition-est-lyonnais","15":"tag-edition-lyon-villeurbanne","16":"tag-eu","17":"tag-europe","18":"tag-faits-divers-justice","19":"tag-fil-info","20":"tag-fr","21":"tag-france","22":"tag-lyon","23":"tag-lyon-bassin","24":"tag-news","25":"tag-republique-francaise","26":"tag-rhone","27":"tag-transport","28":"tag-venissieux"},"share_on_mastodon":{"url":"https:\/\/pubeurope.com\/@fr\/114323848159919065","error":""},"_links":{"self":[{"href":"https:\/\/www.europesays.com\/fr\/wp-json\/wp\/v2\/posts\/19354","targetHints":{"allow":["GET"]}}],"collection":[{"href":"https:\/\/www.europesays.com\/fr\/wp-json\/wp\/v2\/posts"}],"about":[{"href":"https:\/\/www.europesays.com\/fr\/wp-json\/wp\/v2\/types\/post"}],"author":[{"embeddable":true,"href":"https:\/\/www.europesays.com\/fr\/wp-json\/wp\/v2\/users\/2"}],"replies":[{"embeddable":true,"href":"https:\/\/www.europesays.com\/fr\/wp-json\/wp\/v2\/comments?post=19354"}],"version-history":[{"count":0,"href":"https:\/\/www.europesays.com\/fr\/wp-json\/wp\/v2\/posts\/19354\/revisions"}],"wp:featuredmedia":[{"embeddable":true,"href":"https:\/\/www.europesays.com\/fr\/wp-json\/wp\/v2\/media\/19355"}],"wp:attachment":[{"href":"https:\/\/www.europesays.com\/fr\/wp-json\/wp\/v2\/media?parent=19354"}],"wp:term":[{"taxonomy":"category","embeddable":true,"href":"https:\/\/www.europesays.com\/fr\/wp-json\/wp\/v2\/categories?post=19354"},{"taxonomy":"post_tag","embeddable":true,"href":"https:\/\/www.europesays.com\/fr\/wp-json\/wp\/v2\/tags?post=19354"}],"curies":[{"name":"wp","href":"https:\/\/api.w.org\/{rel}","templated":true}]}}