{"id":193540,"date":"2025-06-21T13:18:18","date_gmt":"2025-06-21T13:18:18","guid":{"rendered":"https:\/\/www.europesays.com\/fr\/193540\/"},"modified":"2025-06-21T13:18:18","modified_gmt":"2025-06-21T13:18:18","slug":"aulas-va-se-prononcer-sur-la-mairie-de-lyon-dici-la-fin-juin","status":"publish","type":"post","link":"https:\/\/www.europesays.com\/fr\/193540\/","title":{"rendered":"Aulas va se prononcer sur la mairie de Lyon \u00ab\u00a0d\u2019ici la fin juin\u00a0\u00bb"},"content":{"rendered":"<p>                            <img width=\"770\" height=\"433\" src=\"https:\/\/www.europesays.com\/fr\/wp-content\/uploads\/2025\/06\/000_336U9QF-e1673514481841-770x433.jpg\" class=\"attachment-article size-article wp-post-image\" alt=\"Jean-Michel Aulas\" decoding=\"async\" fetchpriority=\"high\"  \/><\/p>\n<p>Jean-Michel Aulas  (Photo by Thomas SAMSON \/ AFP)<\/p>\n<p>Ancien pr\u00e9sident de l\u2019OL, Jean-Michel Aulas n\u2019est jamais bien loin du club lyonnais. Toutefois, une carri\u00e8re politique lui tend les bras et il l\u2019annoncera avant la fin du mois, comme il l&rsquo;a d\u00e9clar\u00e9 ces derni\u00e8res heures.<\/p>\n<p>Jeudi, en d\u00e9but de soir\u00e9e, il ne pouvait manquer le rendez-vous fix\u00e9 par les Bad Gones. Comme Sonny\u00a0<strong>Anderson<\/strong>, Jean-Michel\u00a0<strong>Aulas<\/strong>\u00a0a r\u00e9pondu favorablement \u00e0 l\u2019appel des supporters\u00a0<a href=\"https:\/\/www.olympique-et-lyonnais.com\/hommage-a-bernard-lacombe-des-centaines-de-supporters-de-lol-pour-un-au-revoir,366748.html\" rel=\"nofollow noopener\" target=\"_blank\">pour rendre hommage<\/a>\u00a0\u00e0 Bernard\u00a0<strong>Lacombe<\/strong>\u00a0devant le Parc OL. \u00c0 la diff\u00e9rence de l\u2019ancien attaquant, \u00ab\u00a0JMA\u00a0\u00bb s\u2019est rapidement \u00e9clips\u00e9, ayant\u00a0\u00ab\u00a0un rendez-vous pour parler de choses qui vous concerneront peut-\u00eatre tous d\u2019ici peu\u00a0\u00bb.\u00a0Pas un retour \u00e0 la pr\u00e9sidence de l\u2019OL, mais l\u2019\u00e9v\u00e9nement \u00ab\u00a0Le Top 500 des Lyonnais\u00a0\u00bb organis\u00e9 par le magazine\u00a0Lyon People\u00a0et surtout des annonces concernant sa possible candidature pour les municipales de Lyon en 2026. \u00c0 l\u2019abbaye Paul Bocuse de Collonges-au-Mont-d\u2019Or, Aulas n\u2019a pas que racont\u00e9 d\u2019anecdotes sur Bernard\u00a0<strong>Lacombe<\/strong>, il a aussi annonc\u00e9\u00a0\u00ab\u00a0vouloir que Lyon brille comme Lyon a d\u00e9j\u00e0 brill\u00e9.\u00a0\u00bb<\/p>\n<p>Candidat ou soutien ?<\/p>\n<p>Enfin une d\u00e9claration officielle ? Pas vraiment, mais l\u2019ancien patron de l\u2019OL va annoncer sa d\u00e9cision d\u2019ici peu.\u00a0\u00ab\u00a0Je ne vous ferai pas attendre tr\u00e8s longtemps, d&rsquo;ici \u00e0 la fin du mois de juin, je dirai comment je vais y aller, et avec qui.\u00a0\u00bb\u00a0Des mots qui laissent peut-\u00eatre planer le doute sur une candidature pure et simple ou un simple soutien de poids pour un autre candidat. Encore une petite dizaine de jours \u00e0 attendre avant de savoir si Jean-Michel <strong>Aulas<\/strong> va embrasser une carri\u00e8re politique, chose qu\u2019il s\u2019\u00e9tait presque interdite de son temps \u00e0 la pr\u00e9sidence du club lyonnais.<\/p>\n<p>\t\t\t\t\t<a href=\"https:\/\/www.olympique-et-lyonnais.com\/mercato-mateo-pereira-annonce-son-depart-de-lol,366990.html\" title=\"Mercato : Mat\u00e9o Pereira annonce son d\u00e9part de l\u2019OL\" rel=\"nofollow noopener\" target=\"_blank\"><img loading=\"lazy\" width=\"580\" height=\"326\" src=\"https:\/\/www.europesays.com\/fr\/wp-content\/uploads\/2025\/06\/Capture-decran-2025-06-21-a-12.17.01-580x326.jpg\" class=\"attachment-actularge size-actularge wp-post-image\" alt=\"Mat\u00e9o Pereira, gardien de l'OL\" decoding=\"async\"  \/>\t\t\t\t\t<\/a><\/p>\n","protected":false},"excerpt":{"rendered":"Jean-Michel Aulas (Photo by Thomas SAMSON \/ AFP) Ancien pr\u00e9sident de l\u2019OL, Jean-Michel Aulas n\u2019est jamais bien loin&hellip;\n","protected":false},"author":2,"featured_media":193541,"comment_status":"","ping_status":"","sticky":false,"template":"","format":"standard","meta":{"footnotes":""},"categories":[1889],"tags":[1111,11,2430,1777,674,1011,27,2428,12,241,978,25],"class_list":{"0":"post-193540","1":"post","2":"type-post","3":"status-publish","4":"format-standard","5":"has-post-thumbnail","7":"category-lyon","8":"tag-actu","9":"tag-actualites","10":"tag-auvergne-rhone-alpes","11":"tag-eu","12":"tag-europe","13":"tag-fr","14":"tag-france","15":"tag-lyon","16":"tag-news","17":"tag-ol","18":"tag-olympique-lyonnais","19":"tag-republique-francaise"},"share_on_mastodon":{"url":"https:\/\/pubeurope.com\/@fr\/114721554651621398","error":""},"_links":{"self":[{"href":"https:\/\/www.europesays.com\/fr\/wp-json\/wp\/v2\/posts\/193540","targetHints":{"allow":["GET"]}}],"collection":[{"href":"https:\/\/www.europesays.com\/fr\/wp-json\/wp\/v2\/posts"}],"about":[{"href":"https:\/\/www.europesays.com\/fr\/wp-json\/wp\/v2\/types\/post"}],"author":[{"embeddable":true,"href":"https:\/\/www.europesays.com\/fr\/wp-json\/wp\/v2\/users\/2"}],"replies":[{"embeddable":true,"href":"https:\/\/www.europesays.com\/fr\/wp-json\/wp\/v2\/comments?post=193540"}],"version-history":[{"count":0,"href":"https:\/\/www.europesays.com\/fr\/wp-json\/wp\/v2\/posts\/193540\/revisions"}],"wp:featuredmedia":[{"embeddable":true,"href":"https:\/\/www.europesays.com\/fr\/wp-json\/wp\/v2\/media\/193541"}],"wp:attachment":[{"href":"https:\/\/www.europesays.com\/fr\/wp-json\/wp\/v2\/media?parent=193540"}],"wp:term":[{"taxonomy":"category","embeddable":true,"href":"https:\/\/www.europesays.com\/fr\/wp-json\/wp\/v2\/categories?post=193540"},{"taxonomy":"post_tag","embeddable":true,"href":"https:\/\/www.europesays.com\/fr\/wp-json\/wp\/v2\/tags?post=193540"}],"curies":[{"name":"wp","href":"https:\/\/api.w.org\/{rel}","templated":true}]}}