{"id":193542,"date":"2025-06-21T13:21:10","date_gmt":"2025-06-21T13:21:10","guid":{"rendered":"https:\/\/www.europesays.com\/fr\/193542\/"},"modified":"2025-06-21T13:21:10","modified_gmt":"2025-06-21T13:21:10","slug":"ce-que-risque-de-perdre-la-mairie-de-paris-avec-le-depart-du-psg-du-parc-des-princes","status":"publish","type":"post","link":"https:\/\/www.europesays.com\/fr\/193542\/","title":{"rendered":"ce que risque de perdre la Mairie de Paris avec le d\u00e9part du PSG du Parc des Princes"},"content":{"rendered":"<p><strong>D\u00c9CRYPTAGE &#8211; <\/strong>\u00c0 moins d\u2019un an des \u00e9lections municipales, le dossier de la vente du stade au club parisien conna\u00eet quelques soubresauts. Le PSG a en ce sens annonc\u00e9 mener des \u00ab\u00e9tudes exploratoires\u00bb pour se faire construire une nouvelle ar\u00e8ne \u00e0 Massy (91) et \u00e0 Poissy (78).<\/p>\n<p class=\"fig-paragraph\">Les discussions sont \u00e0 l\u2019arr\u00eat,\u00a0<a href=\"http:\/\/www.lefigaro.fr\/sports\/football\/ligue-1\/psg-si-on-n-est-pas-les-bienvenus-dans-notre-stade-le-point-de-nasser-al-khelaifi-sur-le-parc-des-princes-anne-hidalgo-et-valerie-pecresse-20250610\" data-fig-type=\"NewsFlash\" data-gtm-custom-categorie=\"navigation\" data-gtm-custom-action=\"crossclick\" data-gtm-custom-label=\"Contextuel\" data-gtm-event=\"customEventSPE\" data-fig-domain=\"LEFIGARO\" target=\"_blank\" rel=\"noopener\">mais le dossier avance<\/a>. Alors que la Ville de Paris tient toujours sa position de ne pas vendre le Parc des Princes au Paris-Saint-Germain (PSG), le club passe la vitesse sup\u00e9rieure et \u00e9tudie d\u00e9sormais les alternatives possibles. Le club a annonc\u00e9 le 10 juin dernier \u00eatre en train de mener des \u00ab\u00e9tudes exploratoires\u00bb pour se faire construire un nouveau stade soit \u00e0\u00a0<a href=\"http:\/\/www.lefigaro.fr\/sports\/football\/ligue-1\/le-psg-a-l-etroit-au-parc-des-princes-vise-officiellement-massy-et-poissy-pour-son-nouveau-stade-20250610\" target=\"_blank\" data-fig-type=\"NewsFlash\" rel=\"noopener\" data-gtm-custom-categorie=\"navigation\" data-gtm-custom-action=\"crossclick\" data-gtm-custom-label=\"Contextuel\" data-gtm-event=\"customEventSPE\" data-fig-domain=\"LEFIGARO\">Massy, en Essonne, soit \u00e0 Poissy, dans les Yvelines<\/a>. L\u2019objectif est clair\u00a0: \u00abaccueillir un plus grand nombre de supporters dans les meilleures conditions\u00bb pour rester \u00abcomp\u00e9titif au plus haut niveau\u00bb, et \u00abconsolider le mod\u00e8le \u00e9conomique sur le long terme\u00bb. \u00abCe n\u2019est pas un caprice du club, c\u2019est une n\u00e9cessit\u00e9\u00bb, explique une source proche du dossier, rappelant au passage que le PSG a investi pr\u00e8s de 100 millions d\u2019euros dans la r\u00e9novation du stade depuis 2011. Mais c\u2019en est assez\u00a0: aujourd\u2019hui, ses dirigeants souhaitent augmenter sa capacit\u00e9 d\u2019accueil, \u00e0 la condition que le Parc leur appartienne\u2026<\/p>\n<p class=\"fig-premium-paywall__infos\">\n        Cet article est r\u00e9serv\u00e9 aux abonn\u00e9s.        Il vous reste 89% \u00e0 d\u00e9couvrir.\n    <\/p>\n<p>                <img  data- alt=\"Le Figaro\" class=\"fig-img--complete fig-img\"\/><\/p>\n<p class=\"fig-premium-paywall__title\">Vente Flash<\/p>\n<p class=\"fig-premium-paywall__subtitle\">3,99\u20ac par mois pendant 12 mois. Sans engagement.<\/p>\n<p class=\"fig-premium-paywall__connect\">\n                D\u00e9j\u00e0 abonn\u00e9\u00a0?                <a class=\"fig-premium-paywall__connect-link\" href=\"https:\/\/connect.lefigaro.fr\/login?client=horizon_web&amp;type=main&amp;redirect_uri=https%3A%2F%2Fwww.lefigaro.fr%2Fconjoncture%2Fpersonne-n-a-interet-a-voir-le-club-partir-ce-que-risque-de-perdre-la-mairie-de-paris-avec-le-depart-du-psg-du-parc-des-princes-20250621\" data-js-gtm=\"{&quot;customCategorie&quot;: &quot;conversion&quot;, &quot;customAction&quot;: &quot;before_Landing_Connexion_paywall_auto&quot;, &quot;customLabel&quot;: &quot;bGVmaWdhcm8uZnJfXzFmMDQ3YTM0LTM3ZTAtNjQxMi04ZmU0LTVmNDMxMjQ2YTM1ZV9fTmV3c0ZsYXNo_\u00abPersonne n\u2019a int\u00e9r\u00eat \u00e0 voir le club partir\u00bb\u00a0: ce que risque de perdre la Mairie de Paris avec le d\u00e9part du PSG du Parc des Princes_1000&quot;, &quot;customIDSPE&quot;: &quot;bGVmaWdhcm8uZnJfXzFmMDQ3YTM0LTM3ZTAtNjQxMi04ZmU0LTVmNDMxMjQ2YTM1ZV9fTmV3c0ZsYXNo&quot;, &quot;event&quot;: &quot;customEventSPE&quot;}\" target=\"_blank\" rel=\"noopener\"><br \/>\n                    Connectez-vous<br \/>\n                <\/a>\n            <\/p>\n","protected":false},"excerpt":{"rendered":"D\u00c9CRYPTAGE &#8211; \u00c0 moins d\u2019un an des \u00e9lections municipales, le dossier de la vente du stade au club&hellip;\n","protected":false},"author":2,"featured_media":193543,"comment_status":"","ping_status":"","sticky":false,"template":"","format":"standard","meta":{"footnotes":""},"categories":[1888],"tags":[1111,1928,339,11,1927,340,343,345,350,130,344,352,349,33,341,313,1777,674,1011,27,346,342,353,351,347,12,1926,2334,626,1925,348,93,25,354],"class_list":{"0":"post-193542","1":"post","2":"type-post","3":"status-publish","4":"format-standard","5":"has-post-thumbnail","7":"category-paris","8":"tag-actu","9":"tag-actu-paris","10":"tag-actualite-economique","11":"tag-actualites","12":"tag-actualites-paris","13":"tag-bourse","14":"tag-cac-40","15":"tag-chef-dentreprise","16":"tag-concurrence","17":"tag-consommation","18":"tag-creation-dentreprise","19":"tag-crise","20":"tag-delocalisations","21":"tag-economie","22":"tag-emploi","23":"tag-entreprises","24":"tag-eu","25":"tag-europe","26":"tag-fr","27":"tag-france","28":"tag-grands-patrons","29":"tag-impots","30":"tag-licenciements","31":"tag-monopole","32":"tag-multinationales","33":"tag-news","34":"tag-news-paris","35":"tag-parc-des-princes","36":"tag-paris","37":"tag-paris-news","38":"tag-privatisation","39":"tag-psg","40":"tag-republique-francaise","41":"tag-unio"},"share_on_mastodon":{"url":"https:\/\/pubeurope.com\/@fr\/114721566522674012","error":""},"_links":{"self":[{"href":"https:\/\/www.europesays.com\/fr\/wp-json\/wp\/v2\/posts\/193542","targetHints":{"allow":["GET"]}}],"collection":[{"href":"https:\/\/www.europesays.com\/fr\/wp-json\/wp\/v2\/posts"}],"about":[{"href":"https:\/\/www.europesays.com\/fr\/wp-json\/wp\/v2\/types\/post"}],"author":[{"embeddable":true,"href":"https:\/\/www.europesays.com\/fr\/wp-json\/wp\/v2\/users\/2"}],"replies":[{"embeddable":true,"href":"https:\/\/www.europesays.com\/fr\/wp-json\/wp\/v2\/comments?post=193542"}],"version-history":[{"count":0,"href":"https:\/\/www.europesays.com\/fr\/wp-json\/wp\/v2\/posts\/193542\/revisions"}],"wp:featuredmedia":[{"embeddable":true,"href":"https:\/\/www.europesays.com\/fr\/wp-json\/wp\/v2\/media\/193543"}],"wp:attachment":[{"href":"https:\/\/www.europesays.com\/fr\/wp-json\/wp\/v2\/media?parent=193542"}],"wp:term":[{"taxonomy":"category","embeddable":true,"href":"https:\/\/www.europesays.com\/fr\/wp-json\/wp\/v2\/categories?post=193542"},{"taxonomy":"post_tag","embeddable":true,"href":"https:\/\/www.europesays.com\/fr\/wp-json\/wp\/v2\/tags?post=193542"}],"curies":[{"name":"wp","href":"https:\/\/api.w.org\/{rel}","templated":true}]}}