{"id":193544,"date":"2025-06-21T13:22:10","date_gmt":"2025-06-21T13:22:10","guid":{"rendered":"https:\/\/www.europesays.com\/fr\/193544\/"},"modified":"2025-06-21T13:22:10","modified_gmt":"2025-06-21T13:22:10","slug":"paris-en-trois-semaines-plus-de-4-400-verbalisations-pour-non-respect-de-la-voie-reservee-du-peripherique","status":"publish","type":"post","link":"https:\/\/www.europesays.com\/fr\/193544\/","title":{"rendered":"Paris\u00a0: en trois semaines, plus de 4\u00a0400 verbalisations pour non-respect de la voie r\u00e9serv\u00e9e du p\u00e9riph\u00e9rique"},"content":{"rendered":"<p class=\"paragraph text_align_left lp-f-body-02\">Les premi\u00e8res sanctions sont arriv\u00e9es dans les bo\u00eetes aux lettres des automobilistes du p\u00e9riph\u00e9rique. 50 jours apr\u00e8s la mise en place de la voie r\u00e9serv\u00e9e sur la quasi-totalit\u00e9 de cette autoroute urbaine, les dix radars de contr\u00f4le, \u00e9tablis pour v\u00e9rifier le respect d\u2019usage de ce nouveau couloir sp\u00e9cifique, n\u2019ont pas ch\u00f4m\u00e9.<\/p>\n<p class=\"paragraph text_align_left lp-f-body-02\">Selon nos informations, plus de 4 400 contraventions de 135 euros ont \u00e9t\u00e9 dress\u00e9es entre le 2 et le 23 mai (8 mai exclu), sur <a href=\"https:\/\/www.leparisien.fr\/info-paris-ile-de-france-oise\/transports\/voies-de-covoiturage-sur-le-peripherique-parisien-motards-bebes-le-point-sur-toutes-les-regles-02-05-2025-V5RNQIBR7BFQPLHHCVWJR2RYSM.php\" target=\"_blank\" rel=\"noreferrer nofollow noopener\">les heures de mise en place du dispositif<\/a>. \u00c0 savoir du lundi au vendredi de 7 heures \u00e0 10h30, puis de 16 heures \u00e0 20 heures.<\/p>\n<p class=\"paragraph text_align_left lp-f-body-02\">Des chiffres qui viennent confirmer les quelques comptages auxquels nous avons pu proc\u00e9der durant les heures d\u2019activation de la voie r\u00e9serv\u00e9e, permettant de constater que le <a href=\"https:\/\/www.leparisien.fr\/info-paris-ile-de-france-oise\/transports\/voies-reservees-sur-le-peripherique-plus-de-six-vehicules-sur-dix-nont-rien-a-y-faire-21-03-2025-RL3USILCSJBHVODMBQCC5IJDEU.php\" rel=\"nofollow noopener\" target=\"_blank\">taux de respect du nouveau dispositif <\/a>oscille, au quotidien, entre 30 % et 50 % dans le meilleur des cas.<\/p>\n<p class=\"paragraph text_align_left lp-f-body-02\">\u00ab C\u2019est s\u00fbr qu\u2019on voit tous les jours des automobilistes ne pas la respecter \u00bb, confirme Fr\u00e9d\u00e9ric, usager du p\u00e9riph\u00e9rique. Des panneaux lumineux arborant un losange blanc signalent lorsque l\u2019acc\u00e8s \u00e0 cette voie est r\u00e9serv\u00e9.<\/p>\n<p>Une exp\u00e9rimentation de six mois<\/p>\n<p class=\"paragraph text_align_left lp-f-body-02\">Lorsque les panneaux sont \u00e9clair\u00e9s, ces voix ne sont autoris\u00e9es qu\u2019aux v\u00e9hicules de moins de 3,5 tonnes comptant \u00e0 leur bord au moins deux personnes, aux taxis (m\u00eame sans client), aux v\u00e9hicules prioritaires (police, pompiers, ambulance\u2026), aux automobilistes en situation de handicap (titulaires de la carte mobilit\u00e9 inclusion) et aux v\u00e9hicules de transports en commun.<\/p>\n<p><img decoding=\"async\" class=\"image \" loading=\"lazy\" src=\"https:\/\/www.europesays.com\/fr\/wp-content\/uploads\/2025\/06\/M4JTCX2K2FAEXIMK75EXQOW3SQ.jpg\" alt=\"\" align=\"\" data-rubrique-principale=\"\" data-article-type=\"\" fetchpriority=\"auto\"\/><\/p>\n<p class=\"paragraph text_align_left lp-f-body-02\">Pour susciter une contravention, les infractions relev\u00e9es par les 10 radars doivent d\u2019abord obligatoirement \u00eatre examin\u00e9es puis valid\u00e9es par un agent asserment\u00e9 &#8211; en l\u2019occurrence, la police municipale parisienne.<\/p>\n<p class=\"paragraph text_align_left lp-f-body-02\">Les diff\u00e9rents constructeurs des radars install\u00e9s pour contr\u00f4ler la voie r\u00e9serv\u00e9e revendiquent des taux de fiabilit\u00e9 sup\u00e9rieurs \u00e0 96 %. Dot\u00e9s d\u2019un syst\u00e8me de doubles cam\u00e9ras \u00e0 illuminants infrarouge (r\u00e9agissant \u00e0 la chaleur) et de logiciels IA (sur) entra\u00een\u00e9s \u00e0 la reconnaissance de formes humaines, ces bo\u00eetiers peuvent techniquement <a href=\"https:\/\/www.leparisien.fr\/info-paris-ile-de-france-oise\/transports\/controle-du-covoiturage-les-premiers-radars-en-test-sur-le-peripherique-14-03-2021-8428456.php?ts=1676467810744\" rel=\"nofollow noopener\" target=\"_blank\">faire la diff\u00e9rence entre un mannequin, un gros chien sur la banquette arri\u00e8re<\/a> et\u2026 Un \u00ab vrai \u00bb passager.<\/p>\n<p class=\"paragraph text_align_left lp-f-body-02\">Le dispositif de voie r\u00e9serv\u00e9e sur le p\u00e9riph\u00e9rique fait l\u2019objet d\u2019une exp\u00e9rimentation de six mois. La pr\u00e9fecture de police de Paris et la pr\u00e9fecture de r\u00e9gion ont par ailleurs annonc\u00e9 <a href=\"https:\/\/www.leparisien.fr\/info-paris-ile-de-france-oise\/transports\/voie-reservee-aux-bus-sur-la3-entre-romainville-et-paris-les-intrus-verbalises-a-partir-de-ce-vendredi-19-06-2025-PYQC4UN73BBC5JCBRJZWCAAIEY.php\" target=\"_blank\" rel=\"noreferrer nofollow noopener\">le lancement du \u00ab dispositif de contr\u00f4le sanction \u00bb<\/a> sur la voie r\u00e9serv\u00e9e aux bus, qui avait \u00e9t\u00e9 am\u00e9nag\u00e9e il y a un an de l\u2019autoroute A3, depuis <a href=\"https:\/\/www.leparisien.fr\/seine-saint-denis-93\/romainville-93230\/\" rel=\"nofollow noopener\" target=\"_blank\">Romainville<\/a> (Seine-Saint-Denis) jusqu\u2019\u00e0 l\u2019arriv\u00e9e sur l\u2019\u00e9changeur de la porte de Bagnolet (Paris XXe).<\/p>\n","protected":false},"excerpt":{"rendered":"Les premi\u00e8res sanctions sont arriv\u00e9es dans les bo\u00eetes aux lettres des automobilistes du p\u00e9riph\u00e9rique. 50 jours apr\u00e8s la&hellip;\n","protected":false},"author":2,"featured_media":193545,"comment_status":"","ping_status":"","sticky":false,"template":"","format":"standard","meta":{"footnotes":""},"categories":[1888],"tags":[1111,1928,11,1927,1777,674,1011,27,1944,12,1926,626,1925,25],"class_list":{"0":"post-193544","1":"post","2":"type-post","3":"status-publish","4":"format-standard","5":"has-post-thumbnail","7":"category-paris","8":"tag-actu","9":"tag-actu-paris","10":"tag-actualites","11":"tag-actualites-paris","12":"tag-eu","13":"tag-europe","14":"tag-fr","15":"tag-france","16":"tag-ma-ville","17":"tag-news","18":"tag-news-paris","19":"tag-paris","20":"tag-paris-news","21":"tag-republique-francaise"},"share_on_mastodon":{"url":"https:\/\/pubeurope.com\/@fr\/114721570410978922","error":""},"_links":{"self":[{"href":"https:\/\/www.europesays.com\/fr\/wp-json\/wp\/v2\/posts\/193544","targetHints":{"allow":["GET"]}}],"collection":[{"href":"https:\/\/www.europesays.com\/fr\/wp-json\/wp\/v2\/posts"}],"about":[{"href":"https:\/\/www.europesays.com\/fr\/wp-json\/wp\/v2\/types\/post"}],"author":[{"embeddable":true,"href":"https:\/\/www.europesays.com\/fr\/wp-json\/wp\/v2\/users\/2"}],"replies":[{"embeddable":true,"href":"https:\/\/www.europesays.com\/fr\/wp-json\/wp\/v2\/comments?post=193544"}],"version-history":[{"count":0,"href":"https:\/\/www.europesays.com\/fr\/wp-json\/wp\/v2\/posts\/193544\/revisions"}],"wp:featuredmedia":[{"embeddable":true,"href":"https:\/\/www.europesays.com\/fr\/wp-json\/wp\/v2\/media\/193545"}],"wp:attachment":[{"href":"https:\/\/www.europesays.com\/fr\/wp-json\/wp\/v2\/media?parent=193544"}],"wp:term":[{"taxonomy":"category","embeddable":true,"href":"https:\/\/www.europesays.com\/fr\/wp-json\/wp\/v2\/categories?post=193544"},{"taxonomy":"post_tag","embeddable":true,"href":"https:\/\/www.europesays.com\/fr\/wp-json\/wp\/v2\/tags?post=193544"}],"curies":[{"name":"wp","href":"https:\/\/api.w.org\/{rel}","templated":true}]}}