{"id":193577,"date":"2025-06-21T13:41:09","date_gmt":"2025-06-21T13:41:09","guid":{"rendered":"https:\/\/www.europesays.com\/fr\/193577\/"},"modified":"2025-06-21T13:41:09","modified_gmt":"2025-06-21T13:41:09","slug":"marc-marquez-remporte-son-8e-sprint-de-la-saison","status":"publish","type":"post","link":"https:\/\/www.europesays.com\/fr\/193577\/","title":{"rendered":"Marc Marquez remporte son 8e sprint de la saison"},"content":{"rendered":"<p class=\"wysiwyg-h2\">Marc Marquez a v\u00e9cu un samedi de r\u00eave sur le circuit du Mugello.<\/p>\n<p>L&rsquo;Espagnol a remport\u00e9 le sprint du GP d&rsquo;Italie de MotoGP, apr\u00e8s avoir d\u00e9croch\u00e9 sa 100e pole en championnat du monde de vitesse plus t\u00f4t dans la journ\u00e9e.<\/p>\n<p>L&rsquo;octuple champion du monde a survol\u00e9 les d\u00e9bats samedi apr\u00e8s-midi, malgr\u00e9 un d\u00e9part manqu\u00e9. Il a devanc\u00e9 de 1\u00a0\u00bb441 son fr\u00e8re cadet Alex Marquez (2e) pour s&rsquo;offrir une huiti\u00e8me victoire en neuf sprints disput\u00e9s depuis le d\u00e9but de l&rsquo;exercice 2025. La 3e place est revenue \u00e0 l&rsquo;Italien Francesco Bagnaia (\u00e0 2\u00a0\u00bb561).<\/p>\n<p>Marc Marquez, qui a \u00e9galement triomph\u00e9 \u00e0 quatre reprises dans un Grand Prix dominical cette saison, conforte ainsi sa premi\u00e8re place au classement des pilotes. Il compte d\u00e9sormais 35 points d&rsquo;avance sur Alex Marquez et 98 sur Francesco Bagnaia.<\/p>\n<p> \/ATS<\/p>\n","protected":false},"excerpt":{"rendered":"Marc Marquez a v\u00e9cu un samedi de r\u00eave sur le circuit du Mugello. L&rsquo;Espagnol a remport\u00e9 le sprint&hellip;\n","protected":false},"author":2,"featured_media":193578,"comment_status":"","ping_status":"","sticky":false,"template":"","format":"standard","meta":{"footnotes":""},"categories":[1412],"tags":[1829,1832,1836,1827,1451,1452,1453,1454,1455,1011,27,1830,1831,1826,1844,1840,1839,1841,1838,1843,1828,1834,1825,1833,1822,1823,1824,60,1837,1835,1842],"class_list":{"0":"post-193577","1":"post","2":"type-post","3":"status-publish","4":"format-standard","5":"has-post-thumbnail","7":"category-f1","8":"tag-ajoie","9":"tag-animation","10":"tag-bienne","11":"tag-delemont","12":"tag-f1","13":"tag-formula-1","14":"tag-formula1","15":"tag-formule-1","16":"tag-formule1","17":"tag-fr","18":"tag-france","19":"tag-franches-montagnes","20":"tag-frequence","21":"tag-jura","22":"tag-jura-bernois","23":"tag-la-chaux-de-fonds","24":"tag-moutier","25":"tag-neuchatel","26":"tag-neuveville","27":"tag-payerne","28":"tag-porrentruy","29":"tag-publicite","30":"tag-radio","31":"tag-redaction","32":"tag-rfj","33":"tag-rjb","34":"tag-rtn","35":"tag-sports","36":"tag-tavannes","37":"tag-vallon-de-st-imier","38":"tag-yverdon"},"share_on_mastodon":{"url":"https:\/\/pubeurope.com\/@fr\/114721645212060436","error":""},"_links":{"self":[{"href":"https:\/\/www.europesays.com\/fr\/wp-json\/wp\/v2\/posts\/193577","targetHints":{"allow":["GET"]}}],"collection":[{"href":"https:\/\/www.europesays.com\/fr\/wp-json\/wp\/v2\/posts"}],"about":[{"href":"https:\/\/www.europesays.com\/fr\/wp-json\/wp\/v2\/types\/post"}],"author":[{"embeddable":true,"href":"https:\/\/www.europesays.com\/fr\/wp-json\/wp\/v2\/users\/2"}],"replies":[{"embeddable":true,"href":"https:\/\/www.europesays.com\/fr\/wp-json\/wp\/v2\/comments?post=193577"}],"version-history":[{"count":0,"href":"https:\/\/www.europesays.com\/fr\/wp-json\/wp\/v2\/posts\/193577\/revisions"}],"wp:featuredmedia":[{"embeddable":true,"href":"https:\/\/www.europesays.com\/fr\/wp-json\/wp\/v2\/media\/193578"}],"wp:attachment":[{"href":"https:\/\/www.europesays.com\/fr\/wp-json\/wp\/v2\/media?parent=193577"}],"wp:term":[{"taxonomy":"category","embeddable":true,"href":"https:\/\/www.europesays.com\/fr\/wp-json\/wp\/v2\/categories?post=193577"},{"taxonomy":"post_tag","embeddable":true,"href":"https:\/\/www.europesays.com\/fr\/wp-json\/wp\/v2\/tags?post=193577"}],"curies":[{"name":"wp","href":"https:\/\/api.w.org\/{rel}","templated":true}]}}