{"id":193582,"date":"2025-06-21T13:44:10","date_gmt":"2025-06-21T13:44:10","guid":{"rendered":"https:\/\/www.europesays.com\/fr\/193582\/"},"modified":"2025-06-21T13:44:10","modified_gmt":"2025-06-21T13:44:10","slug":"daniele-gilbert-la-grande-duduche-victime-de-la-chasse-aux-sorcieres","status":"publish","type":"post","link":"https:\/\/www.europesays.com\/fr\/193582\/","title":{"rendered":"Dani\u00e8le Gilbert, la grande Duduche victime de la chasse aux sorci\u00e8res"},"content":{"rendered":"<p><strong>S\u00c9RIE (12\/13) &#8211;<\/strong> Ils sont rentr\u00e9s dans nos foyers, ont \u00e9t\u00e9 admir\u00e9s, adul\u00e9s m\u00eame. Jusqu\u2019\u00e0 leur chute, souvent fatale, \u00e9tal\u00e9e dans la rubrique faits divers. Ce volet retrace la carri\u00e8re de l\u2019animatrice de \u00abMidi premi\u00e8re\u00bb.<\/p>\n<p class=\"fig-paragraph\">L\u2019image a marqu\u00e9 l\u2019histoire de la t\u00e9l\u00e9vision. Le 1er janvier 1982 un peu avant 13 heures, juste avant le g\u00e9n\u00e9rique de la derni\u00e8re de\u00a0<a href=\"https:\/\/tvmag.lefigaro.fr\/programme-tv\/programme\/midi-premiere-d538768246\" target=\"_blank\" rel=\"noopener nofollow\" data-gtm-custom-categorie=\"navigation\" data-gtm-custom-action=\"crossclick\" data-gtm-custom-label=\"Contextuel\" data-gtm-event=\"customEventSPE\">\u00ab Midi premi\u00e8re\u00a0\u00bb<\/a>,\u00a0<a href=\"https:\/\/www.lefigaro.fr\/tag\/daniele-gilbert\" target=\"_blank\" rel=\"noopener nofollow\" data-gtm-custom-categorie=\"navigation\" data-gtm-custom-action=\"crossclick\" data-gtm-custom-label=\"Contextuel\" data-gtm-event=\"customEventSPE\"><strong>Dani\u00e8le Gilbert<\/strong><\/a> \u00a0s\u2019effondre en larmes . Elle dit adieu aux t\u00e9l\u00e9spectateurs de TF1, avec l\u2019espoir secret que ce ne soit qu\u2019un au revoir. Ses invit\u00e9s,\u00a0<a href=\"https:\/\/www.lefigaro.fr\/tag\/michele-morgan\" target=\"_blank\" rel=\"noopener nofollow\" data-gtm-custom-categorie=\"navigation\" data-gtm-custom-action=\"crossclick\" data-gtm-custom-label=\"Contextuel\" data-gtm-event=\"customEventSPE\">Mich\u00e8le Morgan<\/a>\u00a0et\u00a0<a href=\"https:\/\/www.lefigaro.fr\/tag\/sacha-distel\" target=\"_blank\" rel=\"noopener nofollow\" data-gtm-custom-categorie=\"navigation\" data-gtm-custom-action=\"crossclick\" data-gtm-custom-label=\"Contextuel\" data-gtm-event=\"customEventSPE\">Sacha Distel<\/a>, tentent, en vain, de la consoler. Elle est incapable de r\u00e9sister ne serait-ce que quelques secondes de plus, \u00e0 la pression qu\u2019elle a subie au cours de ces trois derniers mois.<\/p>\n<p class=\"fig-paragraph\">Tout commence le 7 octobre 1981, quand elle d\u00e9couvre dans France Soir un article annon\u00e7ant la suppression de son \u00e9mission, et son remplacement \u00e0 partir du mois de janvier par\u00a0<a href=\"https:\/\/www.lefigaro.fr\/tag\/anne-sinclair\" target=\"_blank\" rel=\"noopener nofollow\" data-gtm-custom-categorie=\"navigation\" data-gtm-custom-action=\"crossclick\" data-gtm-custom-label=\"Contextuel\" data-gtm-event=\"customEventSPE\">Anne Sinclair<\/a>. Stup\u00e9faite, elle demande imm\u00e9diatement un rendez-vous aux nouveaux dirigeants de la cha\u00eene, Andr\u00e9 Harris et Pierre Bouteiller. Ils la re\u00e7oivent quelques jours plus tard \u00e0 la Tour Montparnasse, en affichant un sourire forc\u00e9 dont elle n\u2019est pas dupe. Nomm\u00e9s au lendemain de l\u2019arriv\u00e9e de\u00a0<a href=\"https:\/\/www.lefigaro.fr\/tag\/francois-mitterrand\" target=\"_blank\" rel=\"noopener nofollow\" data-gtm-custom-categorie=\"navigation\" data-gtm-custom-action=\"crossclick\" data-gtm-custom-label=\"Contextuel\" data-gtm-event=\"customEventSPE\">Fran\u00e7ois Mitterrand<\/a><\/p>\n<p class=\"fig-premium-paywall__infos\">\n        Cet article est r\u00e9serv\u00e9 aux abonn\u00e9s.        Il vous reste 92% \u00e0 d\u00e9couvrir.\n    <\/p>\n<p>                <img  data- alt=\"Le Figaro\" class=\"fig-img--complete fig-img\"\/><\/p>\n<p class=\"fig-premium-paywall__title\">Vente Flash<\/p>\n<p class=\"fig-premium-paywall__subtitle\">3,99\u20ac par mois pendant 12 mois. Sans engagement.<\/p>\n<p class=\"fig-premium-paywall__connect\">\n                D\u00e9j\u00e0 abonn\u00e9\u00a0?                <a class=\"fig-premium-paywall__connect-link\" href=\"https:\/\/connect.lefigaro.fr\/login?client=tvmag_web&amp;type=main&amp;redirect_uri=https%3A%2F%2Ftvmag.lefigaro.fr%2Fprogramme-tv%2Factu-tele%2Fles-gloires-dechues-du-paf-daniele-gilbert-la-grande-duduche-victime-de-la-chasse-aux-sorcieres-20250621\" data-js-gtm=\"{&quot;customCategorie&quot;: &quot;conversion&quot;, &quot;customAction&quot;: &quot;before_Landing_Connexion_paywall_auto&quot;, &quot;customLabel&quot;: &quot;dHZtYWcubGVmaWdhcm8uZnJfXzFmMDRlNmQwLWU0NjEtNmM1YS04M2I2LTY1NWMxMWI5M2Q2Ml9fQXJ0aWNsZQ==_Les gloires d\u00e9chues du PAF\u00a0: Dani\u00e8le Gilbert, la grande Duduche victime de la chasse aux sorci\u00e8res_487&quot;, &quot;customIDSPE&quot;: &quot;dHZtYWcubGVmaWdhcm8uZnJfXzFmMDRlNmQwLWU0NjEtNmM1YS04M2I2LTY1NWMxMWI5M2Q2Ml9fQXJ0aWNsZQ==&quot;, &quot;event&quot;: &quot;customEventSPE&quot;}\" rel=\"nofollow noopener\" target=\"_blank\"><br \/>\n                    Connectez-vous<br \/>\n                <\/a>\n            <\/p>\n","protected":false},"excerpt":{"rendered":"S\u00c9RIE (12\/13) &#8211; Ils sont rentr\u00e9s dans nos foyers, ont \u00e9t\u00e9 admir\u00e9s, adul\u00e9s m\u00eame. Jusqu\u2019\u00e0 leur chute, souvent&hellip;\n","protected":false},"author":2,"featured_media":193583,"comment_status":"","ping_status":"","sticky":false,"template":"","format":"standard","meta":{"footnotes":""},"categories":[1359],"tags":[497,496,499,58,59,1011,27,500,504,505,495,973,503,502,501,252,498],"class_list":{"0":"post-193582","1":"post","2":"type-post","3":"status-publish","4":"format-standard","5":"has-post-thumbnail","7":"category-people","8":"tag-actu-tv","9":"tag-actualite-tv","10":"tag-buzz-tv","11":"tag-divertissement","12":"tag-entertainment","13":"tag-fr","14":"tag-france","15":"tag-medias","16":"tag-news-tele","17":"tag-news-television","18":"tag-news-tv","19":"tag-people","20":"tag-programme-tele","21":"tag-programme-tv","22":"tag-quiz-tv","23":"tag-television","24":"tag-tv-actu"},"share_on_mastodon":{"url":"https:\/\/pubeurope.com\/@fr\/114721656970344532","error":""},"_links":{"self":[{"href":"https:\/\/www.europesays.com\/fr\/wp-json\/wp\/v2\/posts\/193582","targetHints":{"allow":["GET"]}}],"collection":[{"href":"https:\/\/www.europesays.com\/fr\/wp-json\/wp\/v2\/posts"}],"about":[{"href":"https:\/\/www.europesays.com\/fr\/wp-json\/wp\/v2\/types\/post"}],"author":[{"embeddable":true,"href":"https:\/\/www.europesays.com\/fr\/wp-json\/wp\/v2\/users\/2"}],"replies":[{"embeddable":true,"href":"https:\/\/www.europesays.com\/fr\/wp-json\/wp\/v2\/comments?post=193582"}],"version-history":[{"count":0,"href":"https:\/\/www.europesays.com\/fr\/wp-json\/wp\/v2\/posts\/193582\/revisions"}],"wp:featuredmedia":[{"embeddable":true,"href":"https:\/\/www.europesays.com\/fr\/wp-json\/wp\/v2\/media\/193583"}],"wp:attachment":[{"href":"https:\/\/www.europesays.com\/fr\/wp-json\/wp\/v2\/media?parent=193582"}],"wp:term":[{"taxonomy":"category","embeddable":true,"href":"https:\/\/www.europesays.com\/fr\/wp-json\/wp\/v2\/categories?post=193582"},{"taxonomy":"post_tag","embeddable":true,"href":"https:\/\/www.europesays.com\/fr\/wp-json\/wp\/v2\/tags?post=193582"}],"curies":[{"name":"wp","href":"https:\/\/api.w.org\/{rel}","templated":true}]}}