{"id":193584,"date":"2025-06-21T13:45:26","date_gmt":"2025-06-21T13:45:26","guid":{"rendered":"https:\/\/www.europesays.com\/fr\/193584\/"},"modified":"2025-06-21T13:45:26","modified_gmt":"2025-06-21T13:45:26","slug":"caravage-toujours-magnifique-dans-une-expo-evenement-a-rome","status":"publish","type":"post","link":"https:\/\/www.europesays.com\/fr\/193584\/","title":{"rendered":"Caravage toujours magnifique dans une expo \u00e9v\u00e9nement \u00e0 Rome"},"content":{"rendered":"<p class=\"editor-content__paragraph\">Dans la Ville \u00e9ternelle, le sujet est sur toutes les l\u00e8vres\u00a0: <strong>l\u2019exposition Caravage<\/strong> est exceptionnelle et se joue \u00e0 guichets ferm\u00e9s jusqu\u2019au 6\u00a0juillet. Mais elle est tellement mal \u00e9clair\u00e9e que la f\u00eate en est un peu ternie. Impossible, en effet, de dire le contraire\u00a0; la <strong>\u00ab\u00a0Mostra Caravaggio 2025\u00a0\u00bb<\/strong>, soutenue par une communication tonitruante, souffre d\u2019une <strong>terrifiante mise en lumi\u00e8re<\/strong> qui, assortie \u00e0 la horde de visiteurs d\u00e9filant en continu, <strong>rend difficile la contemplation des 24\u00a0tableaux<\/strong> r\u00e9unis, tous de la main du ma\u00eetre, <a href=\"https:\/\/www.beauxarts.com\/grand-format\/le-caravage-en-2-minutes\/\" target=\"_blank\" rel=\"noopener\">Michelangelo Merisi dit Caravage<\/a> (1571\u20131610).<\/p>\n<p class=\"editor-content__paragraph editor-content__paragraph--is-hidden\">Rendant <strong>hommage \u00e0 la toute premi\u00e8re grande exposition organis\u00e9e par Roberto Longhi<\/strong> au Palazzo Reale de Milan en 1951, qui fit date dans les \u00e9tudes caravagesques en proposant une premi\u00e8re reconstitution du corpus du bad boy de la peinture du XVIIe si\u00e8cle, la manifestation \u2013 orchestr\u00e9e par Thomas Clement Salomon, le directeur de la galerie nationale d\u2019Art ancien \u2013 palais Barberini, Francesca Cappelletti de la galerie Borgh\u00e8se et l\u2019universitaire Maria Cristina Terzaghi \u2013 rel\u00e8ve de l\u2019exploit et <strong>tient ses promesses<\/strong>, avec un propos minimaliste\u00a0: quatre salles, un <strong>d\u00e9roul\u00e9 simplement chronologique<\/strong>, et une<strong> confrontation de tableaux<\/strong> destin\u00e9e \u00e0 \u00e9clairer les sp\u00e9cialistes.<\/p>\n<p>            <strong>Continuez votre lecture<\/strong><\/p>\n<p>\n                et acc\u00e9dez \u00e0 Beaux Arts Magazine<br \/>et \u00e0 tous les contenus web<br \/><strong>en illimit\u00e9 \u00e0 partir de 5,75\u20ac \/ mois<\/strong>\n            <\/p>\n<p class=\"cta-abonnement__log-in\">\n        D\u00e9j\u00e0 abonn\u00e9 ?        <a data-id=\"aHR0cHM6Ly93d3cuYmVhdXhhcnRzLmNvbS9tb24tY29tcHRlLw==\">Connectez-vous<\/a>\n    <\/p>\n<p>            <img data-vllblanksrc=\"https:\/\/www.beauxarts.com\/expos\/a-rome-caravage-surexpose-mais-toujours-magnifique\/1\" data-vllsrc=\"https:\/\/www.europesays.com\/fr\/wp-content\/uploads\/2025\/05\/couv-bam-492-232x300.png\" alt=\"\"\/><img data-vllblanksrc=\"https:\/\/www.beauxarts.com\/expos\/a-rome-caravage-surexpose-mais-toujours-magnifique\/1\" data-vllsrc=\"https:\/\/www.europesays.com\/fr\/wp-content\/uploads\/2025\/04\/couv-bam-2025-1-232x300.png\" alt=\"\"\/>        <\/p>\n","protected":false},"excerpt":{"rendered":"Dans la Ville \u00e9ternelle, le sujet est sur toutes les l\u00e8vres\u00a0: l\u2019exposition Caravage est exceptionnelle et se joue&hellip;\n","protected":false},"author":2,"featured_media":193585,"comment_status":"","ping_status":"","sticky":false,"template":"","format":"standard","meta":{"footnotes":""},"categories":[1358],"tags":[14535,1348,1384,1385,1386,58,59,1011,27,33234,1585,3499],"class_list":{"0":"post-193584","1":"post","2":"type-post","3":"status-publish","4":"format-standard","5":"has-post-thumbnail","7":"category-arts-et-design","8":"tag-art-ancien","9":"tag-arts","10":"tag-arts-and-design","11":"tag-arts-et-design","12":"tag-design","13":"tag-divertissement","14":"tag-entertainment","15":"tag-fr","16":"tag-france","17":"tag-palais-barberini","18":"tag-peinture","19":"tag-rome"},"share_on_mastodon":{"url":"https:\/\/pubeurope.com\/@fr\/114721660840634833","error":""},"_links":{"self":[{"href":"https:\/\/www.europesays.com\/fr\/wp-json\/wp\/v2\/posts\/193584","targetHints":{"allow":["GET"]}}],"collection":[{"href":"https:\/\/www.europesays.com\/fr\/wp-json\/wp\/v2\/posts"}],"about":[{"href":"https:\/\/www.europesays.com\/fr\/wp-json\/wp\/v2\/types\/post"}],"author":[{"embeddable":true,"href":"https:\/\/www.europesays.com\/fr\/wp-json\/wp\/v2\/users\/2"}],"replies":[{"embeddable":true,"href":"https:\/\/www.europesays.com\/fr\/wp-json\/wp\/v2\/comments?post=193584"}],"version-history":[{"count":0,"href":"https:\/\/www.europesays.com\/fr\/wp-json\/wp\/v2\/posts\/193584\/revisions"}],"wp:featuredmedia":[{"embeddable":true,"href":"https:\/\/www.europesays.com\/fr\/wp-json\/wp\/v2\/media\/193585"}],"wp:attachment":[{"href":"https:\/\/www.europesays.com\/fr\/wp-json\/wp\/v2\/media?parent=193584"}],"wp:term":[{"taxonomy":"category","embeddable":true,"href":"https:\/\/www.europesays.com\/fr\/wp-json\/wp\/v2\/categories?post=193584"},{"taxonomy":"post_tag","embeddable":true,"href":"https:\/\/www.europesays.com\/fr\/wp-json\/wp\/v2\/tags?post=193584"}],"curies":[{"name":"wp","href":"https:\/\/api.w.org\/{rel}","templated":true}]}}