{"id":193586,"date":"2025-06-21T13:46:18","date_gmt":"2025-06-21T13:46:18","guid":{"rendered":"https:\/\/www.europesays.com\/fr\/193586\/"},"modified":"2025-06-21T13:46:18","modified_gmt":"2025-06-21T13:46:18","slug":"trois-bons-livres-a-decouvrir-cette-semaine-2","status":"publish","type":"post","link":"https:\/\/www.europesays.com\/fr\/193586\/","title":{"rendered":"Trois bons livres \u00e0 d\u00e9couvrir cette semaine"},"content":{"rendered":"<p class=\"ap-StoryElement ap-StoryElement--mb ap-StoryText\">Chaque mercredi, nos critiques litt\u00e9raires sont publi\u00e9es dans le suppl\u00e9ment \u00ab\u00a0Arts Libre\u00a0\u00bb. Chaque samedi sur le web, nous vous s\u00e9lectionnons trois \u00ab\u00a0coups de c\u0153ur\u00a0\u00bb parmi nos recensions.<\/p>\n<p class=\"ap-StoryElement ap-StoryElement--mb ap-StoryText\">Cette semaine, nous vous proposons une BD sur la disparition d&rsquo;une vieille dame, un roman cubain et un essai sur le concept de \u00ab\u00a0beauf\u00a0\u00bb.<\/p>\n<p><a href=\"https:\/\/www.lalibre.be\/culture\/livres-bd\/2025\/06\/12\/le-cantonnement-de-ronelda-s-kamfer-un-temoignage-aussi-precieux-quinedit-3M3EJJFT6RF6FG4QK6B2VXCAE4\/\" target=\"_blank\" rel=\"noopener noreferrer nofollow\" class=\"ap-StoryInterstitialLink ap-StoryElement ap-StoryElement--mb\">\u00ab\u00a0Le cantonnement\u00a0\u00bb de Ronelda S. Kamfer : un t\u00e9moignage aussi pr\u00e9cieux qu&rsquo;in\u00e9dit<\/a>\u00ab\u00a0Albertine a disparu\u00a0\u00bb (Guerrier \u2013 Vignolle \u2013 Bizzarri)<\/p>\n<p class=\"ap-StoryElement ap-StoryElement--mb ap-StoryText\">Albertine Buisson habite dans un petit hameau \u00e9loign\u00e9 de tout. Ses voisins, \u00e0 une distance respectable, ne l&rsquo;ont plus vue depuis un certain temps. Rien d&rsquo;inqui\u00e9tant, le fils d&rsquo;Albertine passe presque tous les jours pour lui apporter ses repas. Quelques jours plus tard, Christian, le fils d&rsquo;Albertine, est frapp\u00e9 par un AVC. Avant d&rsquo;\u00eatre emmen\u00e9 par les services de secours, il avoue \u00e0 son \u00e9pouse que sa m\u00e8re est morte. Roselyne doit informer le maire de cette situation. Les autorit\u00e9s sont averties. Le d\u00e9but d&rsquo;une dr\u00f4le d&rsquo;enqu\u00eate. Les policiers retournent toute la maison, Albertine est introuvable. Jusqu&rsquo;au moment o\u00f9 les enqu\u00eateurs s&rsquo;int\u00e9ressent au lit. Presque vide. <b>(H.Le.)<\/b><\/p>\n<p class=\"ap-StoryElement ap-StoryElement--mb ap-StoryText\"><a href=\"https:\/\/www.lalibre.be\/culture\/livres-bd\/2025\/06\/16\/mais-ou-est-donc-passee-albertine-SNNPZMKQBJGDHMGZIS45C3ZMPE\/\" target=\"_blank\" rel=\"nofollow noopener\">Notre critique d'\u00a0\u00bbAlbertine a disparu\u00a0\u00bb<\/a><\/p>\n<p>\u00ab\u00a0Objets perdus\u00a0\u00bb (Karla Su\u00e1rez)<\/p>\n<p class=\"ap-StoryElement ap-StoryElement--mb ap-StoryText\">Cinqui\u00e8me roman de Karla Su\u00e1rez, Objets perdus suit le parcours de Giselle, une trentenaire \u00e9gar\u00e9e dans Barcelone apr\u00e8s une dispute avec son petit ami et un traquenard o\u00f9 on lui a vol\u00e9 son sac. C&rsquo;est aussi un bon pr\u00e9texte pour l&rsquo;autrice cubaine de remonter le fil de la vie de la jeune femme au pr\u00e9nom pr\u00e9destin\u00e9 puisqu&rsquo;elle ne jure que par la danse. Mais la vie n&rsquo;\u00e9tant pas un long fleuve tranquille, son parcours pour imposer son choix de ne suivre que ses r\u00eaves est parsem\u00e9 d&rsquo;obstacles. Qu&rsquo;elle surmontera gr\u00e2ce \u00e0 un art cubain de la d\u00e9brouille patent\u00e9. <b>(M.-A.G.)<\/b><\/p>\n<p><a href=\"https:\/\/www.lalibre.be\/culture\/livres-bd\/2025\/06\/19\/objets-perdus-de-karla-suarez-est-un-petit-bijou-de-lecture-IY5NHOM6B5FFVJVCQTW7KBZYJA\/\" target=\"_blank\" rel=\"nofollow noopener\">Notre critique de \u00ab\u00a0Objets perdus\u00a0\u00bb<\/a>\u00ab\u00a0Ascendant beauf\u00a0\u00bb (Rose Lamy)<\/p>\n<p class=\"ap-StoryElement ap-StoryElement--mb ap-StoryText\">Sur son compte Instagram, Pr\u00e9parez-vous pour la bagarre, la Fran\u00e7aise Rose Lamy, install\u00e9e \u00e0 Bruxelles, avait pris l&rsquo;habitude de mettre en lumi\u00e8re et de d\u00e9faire le discours sexiste dans les m\u00e9dias. Une initiative suivie par plus de 250 000 abonn\u00e9s et qui a d\u00e9bouch\u00e9 sur la publication de plusieurs livres. Aujourd&rsquo;hui, \u00ab\u00a0dans la continuit\u00e9 de ses r\u00e9flexions\u00a0\u00bb, Rose Lamy publie cet essai dans le but de questionner un concept un peu vague, popularis\u00e9 notamment par Cabu : le beauf. Et en m\u00eame temps le m\u00e9pris de classe et la domination. Un livre \u00e0 passer \u00e0 tous ses amis intello-bourgeois m\u00e9prisants qui s&rsquo;av\u00e8re touchant par la franchise de son autrice. <b>(J.Besn.)<\/b><\/p>\n<p><a href=\"https:\/\/www.lalibre.be\/culture\/livres-bd\/2025\/06\/20\/ascendant-beauf-un-livre-a-offrir-a-vos-amis-de-gauche-meprisants-KPKRFCYCQ5BEJNI3YLHKE7OWV4\/\" target=\"_blank\" rel=\"nofollow noopener\">Notre critique du livre de Rose Lamy<\/a><\/p>\n<p class=\"ap-StoryElement ap-StoryElement--mb ap-StoryText\"><b>Chaque mercredi, d\u00e9couvrez toutes nos critiques litt\u00e9raires dans le suppl\u00e9ment \u00ab\u00a0Arts Libre\u00a0\u00bb.<\/b><\/p>\n<p><a href=\"https:\/\/www.lalibre.be\/culture\/scenes\/2025\/06\/12\/quand-elle-danse-anne-teresa-de-keersmaeker-se-livre-comme-rarement-a-laure-adler-TOMIO3LFDBCA7M5MYIXP6ZWPU4\/\" target=\"_blank\" rel=\"noopener noreferrer nofollow\" class=\"ap-StoryInterstitialLink ap-StoryElement ap-StoryElement--mb\">\u00ab\u00a0Quand elle danse\u00a0\u00bb : Anne Teresa De Keersmaeker se livre comme rarement \u00e0 Laure Adler<\/a><\/p>\n","protected":false},"excerpt":{"rendered":"Chaque mercredi, nos critiques litt\u00e9raires sont publi\u00e9es dans le suppl\u00e9ment \u00ab\u00a0Arts Libre\u00a0\u00bb. Chaque samedi sur le web, nous&hellip;\n","protected":false},"author":2,"featured_media":193587,"comment_status":"","ping_status":"","sticky":false,"template":"","format":"standard","meta":{"footnotes":""},"categories":[1357],"tags":[1379,6051,58,59,1011,27,1380],"class_list":{"0":"post-193586","1":"post","2":"type-post","3":"status-publish","4":"format-standard","5":"has-post-thumbnail","7":"category-livres","8":"tag-books","9":"tag-bruxelles-villes","10":"tag-divertissement","11":"tag-entertainment","12":"tag-fr","13":"tag-france","14":"tag-livres"},"share_on_mastodon":{"url":"https:\/\/pubeurope.com\/@fr\/114721664981221295","error":""},"_links":{"self":[{"href":"https:\/\/www.europesays.com\/fr\/wp-json\/wp\/v2\/posts\/193586","targetHints":{"allow":["GET"]}}],"collection":[{"href":"https:\/\/www.europesays.com\/fr\/wp-json\/wp\/v2\/posts"}],"about":[{"href":"https:\/\/www.europesays.com\/fr\/wp-json\/wp\/v2\/types\/post"}],"author":[{"embeddable":true,"href":"https:\/\/www.europesays.com\/fr\/wp-json\/wp\/v2\/users\/2"}],"replies":[{"embeddable":true,"href":"https:\/\/www.europesays.com\/fr\/wp-json\/wp\/v2\/comments?post=193586"}],"version-history":[{"count":0,"href":"https:\/\/www.europesays.com\/fr\/wp-json\/wp\/v2\/posts\/193586\/revisions"}],"wp:featuredmedia":[{"embeddable":true,"href":"https:\/\/www.europesays.com\/fr\/wp-json\/wp\/v2\/media\/193587"}],"wp:attachment":[{"href":"https:\/\/www.europesays.com\/fr\/wp-json\/wp\/v2\/media?parent=193586"}],"wp:term":[{"taxonomy":"category","embeddable":true,"href":"https:\/\/www.europesays.com\/fr\/wp-json\/wp\/v2\/categories?post=193586"},{"taxonomy":"post_tag","embeddable":true,"href":"https:\/\/www.europesays.com\/fr\/wp-json\/wp\/v2\/tags?post=193586"}],"curies":[{"name":"wp","href":"https:\/\/api.w.org\/{rel}","templated":true}]}}